{"id":36849,"date":"2013-01-10T00:00:00","date_gmt":"2013-01-09T23:00:00","guid":{"rendered":"https:\/\/www.gossip.it\/senza-categoria\/luca-toni-senza-marta-cecchetto-a-pitti-uomo-foto\/"},"modified":"2013-01-10T00:00:00","modified_gmt":"2013-01-09T23:00:00","slug":"luca-toni-senza-marta-cecchetto-a-pitti-uomo-foto","status":"publish","type":"post","link":"https:\/\/www.gossip.it\/news\/luca-toni-senza-marta-cecchetto-a-pitti-uomo-foto\/","title":{"rendered":"Luca Toni senza Marta Cecchetto a Pitti Uomo: foto"},"content":{"rendered":"<p>Firenze ospita il consueto appuntamento con <b>Pitti Uomo<\/b>. L'evento fashion che vede sempre avvicendarsi parecchi volti noti. Il calciatore <a href=\"http:\/\/www.gossip.it\/news\/monografia.php?keyword=Luca Toni\">Luca Toni<\/a>, ad esempio, ha fatto visita allo Spazio Lotto. E' arrivato da solo, senza al suo fianco la fidanzata <a href=\"http:\/\/www.gossip.it\/news\/monografia.php?keyword=Marta Cecchetto\">Marta Cecchetto<\/a>. La modella, da quando ha perso il beb\u00e8, non \u00e8 pi\u00f9 apparsa in pubblico.<\/p>\n<p>Lasciata a casa <a href=\"http:\/\/www.gossip.it\/news\/monografia.php?keyword=Giorgia Palmas\">Giorgia Palmas<\/a>, <a href=\"http:\/\/www.gossip.it\/news\/monografia.php?keyword=Vittorio Brumotti\">Vittorio Brumotti<\/a> ha fatto una capatina allo stand della Gazzetta dello Sport. Era in buona compagnia l'inviato di \"Striscia\", con <a href=\"http:\/\/www.gossip.it\/news\/monografia.php?keyword=Ciccio Graziani\">Ciccio Graziani<\/a> e <a href=\"http:\/\/www.gossip.it\/news\/monografia.php?keyword=Filippo Magnini\">Filippo Magnini<\/a>, pure lui senza dolce met\u00e0, ovvero la campionessa di nuoto <a href=\"http:\/\/www.gossip.it\/news\/monografia.php?keyword=Federica Pellegrini\">Federica Pellegrini<\/a>. L'interprete di \"Squadra-Antimafia\" <b>Marco Bocci<\/b>, invece, ha visitato  la Diadora. Eden Park per i due rugbisti <b>Giambattista Venditti<\/b> e <b>Mauro Bergamasco<\/b>. D'altronde il marchio \u00e8 lo sponsor della Federazione Italiana Rugby.<\/p>\n<p>Un folto stuolo di aitanti giovanotti per Pitti Uomo, ma non sono mancate nemmeno le femminucce come fa sapere via social <a href=\"http:\/\/www.gossip.it\/news\/monografia.php?keyword=Francesca Fioretti\">Francesca Fioretti<\/a> che su Twitter pubblica una sua foto insieme all'ex velina <a href=\"http:\/\/www.gossip.it\/news\/monografia.php?keyword=Costanza Caracciolo\">Costanza Caracciolo<\/a> e cinguetta: \"Pitti Firenze. Sweet Years\". La moda uomo piace proprio a tutti.<\/p>\n","protected":false},"excerpt":{"rendered":"<p>Firenze ospita il consueto appuntamento con Pitti Uomo. L'evento fashion che vede sempre avvicendarsi parecchi volti noti. Il calciatore Luca Toni, ad esempio, ha fatto visita allo Spazio Lotto. E' arrivato da solo, senza al suo fianco la fidanzata Marta Cecchetto. La modella, da quando ha perso il beb\u00e8, non \u00e8 pi\u00f9 apparsa in pubblico. [&hellip;]<\/p>\n","protected":false},"author":1,"featured_media":92895,"comment_status":"closed","ping_status":"closed","sticky":false,"template":"","format":"standard","meta":{"footnotes":""},"categories":[54],"tags":[3620,3297,23321,3099,9034,2682,2097,40485],"vip":[751,1201],"class_list":["post-36849","post","type-post","status-publish","format-standard","has-post-thumbnail","hentry","category-news","tag-gossip-sport","tag-gossip-tv","tag-luca-toni","tag-moda","tag-pitti-uomo","tag-sport","tag-tv","tag-vittorio-brumorri","vip-filippo_magnini","vip-marco_bocci"],"yoast_head":"<title>Luca Toni senza Marta Cecchetto a Pitti Uomo: foto - Gossip.it | News sul Gossip e VIP<\/title>\n<meta name=\"description\" content=\"Firenze ospita il consueto appuntamento con Pitti Uomo. L&#039;evento fashion che vede sempre avvicendarsi parecchi volti noti. Il calciatore Luca Toni, ad\" \/>\n<meta name=\"robots\" content=\"index, follow, max-snippet:-1, max-image-preview:large, max-video-preview:-1\" \/>\n<link rel=\"canonical\" href=\"https:\/\/www.gossip.it\/news\/luca-toni-senza-marta-cecchetto-a-pitti-uomo-foto\/\" \/>\n<meta property=\"og:locale\" content=\"it_IT\" \/>\n<meta property=\"og:type\" content=\"article\" \/>\n<meta property=\"og:title\" content=\"Luca Toni senza Marta Cecchetto a Pitti Uomo: foto - Gossip.it | News sul Gossip e VIP\" \/>\n<meta property=\"og:description\" content=\"Firenze ospita il consueto appuntamento con Pitti Uomo. L&#039;evento fashion che vede sempre avvicendarsi parecchi volti noti. Il calciatore Luca Toni, ad\" \/>\n<meta property=\"og:url\" content=\"https:\/\/www.gossip.it\/news\/luca-toni-senza-marta-cecchetto-a-pitti-uomo-foto\/\" \/>\n<meta property=\"og:site_name\" content=\"Gossip.it | News sul Gossip e VIP\" \/>\n<meta property=\"article:publisher\" content=\"https:\/\/www.facebook.com\/GossipIT\" \/>\n<meta property=\"article:published_time\" content=\"2013-01-09T23:00:00+00:00\" \/>\n<meta property=\"og:image\" content=\"http:\/\/www.gossip.it\/images5\/1357830382_.jpg\" \/>\n<meta name=\"author\" content=\"La Redazione\" \/>\n<meta name=\"twitter:card\" content=\"summary_large_image\" \/>\n<meta name=\"twitter:image\" content=\"http:\/\/www.gossip.it\/images5\/1357830382_.jpg\" \/>\n<meta name=\"twitter:creator\" content=\"@gossinews_it\" \/>\n<meta name=\"twitter:site\" content=\"@gossinews_it\" \/>\n<meta name=\"twitter:label1\" content=\"Scritto da\" \/>\n\t<meta name=\"twitter:data1\" content=\"Francesca Romana Domenici\" \/>\n\t<meta name=\"twitter:label2\" content=\"Tempo di lettura stimato\" \/>\n\t<meta name=\"twitter:data2\" content=\"1 minuto\" \/>","yoast_head_json":{"title":"Luca Toni senza Marta Cecchetto a Pitti Uomo: foto - Gossip.it | News sul Gossip e VIP","description":"Firenze ospita il consueto appuntamento con Pitti Uomo. L'evento fashion che vede sempre avvicendarsi parecchi volti noti. Il calciatore Luca Toni, ad","robots":{"index":"index","follow":"follow","max-snippet":"max-snippet:-1","max-image-preview":"max-image-preview:large","max-video-preview":"max-video-preview:-1"},"canonical":"https:\/\/www.gossip.it\/news\/luca-toni-senza-marta-cecchetto-a-pitti-uomo-foto\/","og_locale":"it_IT","og_type":"article","og_title":"Luca Toni senza Marta Cecchetto a Pitti Uomo: foto - Gossip.it | News sul Gossip e VIP","og_description":"Firenze ospita il consueto appuntamento con Pitti Uomo. L'evento fashion che vede sempre avvicendarsi parecchi volti noti. Il calciatore Luca Toni, ad","og_url":"https:\/\/www.gossip.it\/news\/luca-toni-senza-marta-cecchetto-a-pitti-uomo-foto\/","og_site_name":"Gossip.it | News sul Gossip e VIP","article_publisher":"https:\/\/www.facebook.com\/GossipIT","article_published_time":"2013-01-09T23:00:00+00:00","og_image":[{"url":"http:\/\/www.gossip.it\/images5\/1357830382_.jpg"}],"author":"La Redazione","twitter_card":"summary_large_image","twitter_image":"http:\/\/www.gossip.it\/images5\/1357830382_.jpg","twitter_creator":"@gossinews_it","twitter_site":"@gossinews_it","twitter_misc":{"Scritto da":"Francesca Romana Domenici","Tempo di lettura stimato":"1 minuto"},"schema":{"@context":"https:\/\/schema.org","@graph":[{"@type":"Article","@id":"https:\/\/www.gossip.it\/news\/luca-toni-senza-marta-cecchetto-a-pitti-uomo-foto\/#article","isPartOf":{"@id":"https:\/\/www.gossip.it\/news\/luca-toni-senza-marta-cecchetto-a-pitti-uomo-foto\/"},"author":{"name":"La Redazione","@id":"https:\/\/www.gossip.it\/#\/schema\/person\/488896f75158bff1cc83c6c39d141110"},"headline":"Luca Toni senza Marta Cecchetto a Pitti Uomo: foto","datePublished":"2013-01-09T23:00:00+00:00","dateModified":"2013-01-09T23:00:00+00:00","mainEntityOfPage":{"@id":"https:\/\/www.gossip.it\/news\/luca-toni-senza-marta-cecchetto-a-pitti-uomo-foto\/"},"wordCount":188,"publisher":{"@id":"https:\/\/www.gossip.it\/#organization"},"image":{"@id":"https:\/\/www.gossip.it\/news\/luca-toni-senza-marta-cecchetto-a-pitti-uomo-foto\/#primaryimage"},"thumbnailUrl":"http:\/\/www.gossip.it\/images5\/1357830382_.jpg","keywords":["gossip sport","gossip.tv","luca toni","moda","pitti uomo","sport","tv","vittorio brumorri"],"articleSection":["News"],"inLanguage":"it-IT"},{"@type":"WebPage","@id":"https:\/\/www.gossip.it\/news\/luca-toni-senza-marta-cecchetto-a-pitti-uomo-foto\/","url":"https:\/\/www.gossip.it\/news\/luca-toni-senza-marta-cecchetto-a-pitti-uomo-foto\/","name":"Luca Toni senza Marta Cecchetto a Pitti Uomo: foto - Gossip.it | News sul Gossip e VIP","isPartOf":{"@id":"https:\/\/www.gossip.it\/#website"},"primaryImageOfPage":{"@id":"https:\/\/www.gossip.it\/news\/luca-toni-senza-marta-cecchetto-a-pitti-uomo-foto\/#primaryimage"},"image":{"@id":"https:\/\/www.gossip.it\/news\/luca-toni-senza-marta-cecchetto-a-pitti-uomo-foto\/#primaryimage"},"thumbnailUrl":"http:\/\/www.gossip.it\/images5\/1357830382_.jpg","datePublished":"2013-01-09T23:00:00+00:00","dateModified":"2013-01-09T23:00:00+00:00","description":"Firenze ospita il consueto appuntamento con Pitti Uomo. L'evento fashion che vede sempre avvicendarsi parecchi volti noti. Il calciatore Luca Toni, ad","breadcrumb":{"@id":"https:\/\/www.gossip.it\/news\/luca-toni-senza-marta-cecchetto-a-pitti-uomo-foto\/#breadcrumb"},"inLanguage":"it-IT","potentialAction":[{"@type":"ReadAction","target":["https:\/\/www.gossip.it\/news\/luca-toni-senza-marta-cecchetto-a-pitti-uomo-foto\/"]}]},{"@type":"ImageObject","inLanguage":"it-IT","@id":"https:\/\/www.gossip.it\/news\/luca-toni-senza-marta-cecchetto-a-pitti-uomo-foto\/#primaryimage","url":"http:\/\/www.gossip.it\/images5\/1357830382_.jpg","contentUrl":"http:\/\/www.gossip.it\/images5\/1357830382_.jpg"},{"@type":"BreadcrumbList","@id":"https:\/\/www.gossip.it\/news\/luca-toni-senza-marta-cecchetto-a-pitti-uomo-foto\/#breadcrumb","itemListElement":[{"@type":"ListItem","position":1,"name":"Home","item":"https:\/\/www.gossip.it\/"},{"@type":"ListItem","position":2,"name":"Luca Toni senza Marta Cecchetto a Pitti Uomo: foto"}]},{"@type":"WebSite","@id":"https:\/\/www.gossip.it\/#website","url":"https:\/\/www.gossip.it\/","name":"Gossip and VIP News","description":"Quotidiano di cronaca rosa, costume e societ\u00e0","publisher":{"@id":"https:\/\/www.gossip.it\/#organization"},"alternateName":"Gossip and VIP News","potentialAction":[{"@type":"SearchAction","target":{"@type":"EntryPoint","urlTemplate":"https:\/\/www.gossip.it\/?s={search_term_string}"},"query-input":{"@type":"PropertyValueSpecification","valueRequired":true,"valueName":"search_term_string"}}],"inLanguage":"it-IT"},{"@type":"Organization","@id":"https:\/\/www.gossip.it\/#organization","name":"Gossip and VIP News","alternateName":"Gossip News","url":"https:\/\/www.gossip.it\/","logo":{"@type":"ImageObject","inLanguage":"it-IT","@id":"https:\/\/www.gossip.it\/#\/schema\/logo\/image\/","url":"https:\/\/www.gossip.it\/wp-content\/uploads\/2022\/04\/cropped-corna-alta-tiny.png","contentUrl":"https:\/\/www.gossip.it\/wp-content\/uploads\/2022\/04\/cropped-corna-alta-tiny.png","width":512,"height":512,"caption":"Gossip and VIP News"},"image":{"@id":"https:\/\/www.gossip.it\/#\/schema\/logo\/image\/"},"sameAs":["https:\/\/www.facebook.com\/GossipIT","https:\/\/x.com\/gossinews_it","https:\/\/instagram.com\/gossip_it"]},{"@type":"Person","@id":"https:\/\/www.gossip.it\/#\/schema\/person\/488896f75158bff1cc83c6c39d141110","name":"La Redazione","image":{"@type":"ImageObject","inLanguage":"it-IT","@id":"https:\/\/www.gossip.it\/#\/schema\/person\/image\/","url":"https:\/\/secure.gravatar.com\/avatar\/5a5f5c6fa3e6700e4249abdad0263a1e94e927d9e0499b1cb09c1cd29c044d80?s=96&d=mm&r=g","contentUrl":"https:\/\/secure.gravatar.com\/avatar\/5a5f5c6fa3e6700e4249abdad0263a1e94e927d9e0499b1cb09c1cd29c044d80?s=96&d=mm&r=g","caption":"La Redazione"},"sameAs":["https:\/\/www.gossip.it"]}]}},"amp_enabled":true,"_links":{"self":[{"href":"https:\/\/www.gossip.it\/api\/wp\/v2\/posts\/36849","targetHints":{"allow":["GET"]}}],"collection":[{"href":"https:\/\/www.gossip.it\/api\/wp\/v2\/posts"}],"about":[{"href":"https:\/\/www.gossip.it\/api\/wp\/v2\/types\/post"}],"author":[{"embeddable":true,"href":"https:\/\/www.gossip.it\/api\/wp\/v2\/users\/1"}],"replies":[{"embeddable":true,"href":"https:\/\/www.gossip.it\/api\/wp\/v2\/comments?post=36849"}],"version-history":[{"count":0,"href":"https:\/\/www.gossip.it\/api\/wp\/v2\/posts\/36849\/revisions"}],"wp:featuredmedia":[{"embeddable":true,"href":"https:\/\/www.gossip.it\/api\/wp\/v2\/media\/92895"}],"wp:attachment":[{"href":"https:\/\/www.gossip.it\/api\/wp\/v2\/media?parent=36849"}],"wp:term":[{"taxonomy":"category","embeddable":true,"href":"https:\/\/www.gossip.it\/api\/wp\/v2\/categories?post=36849"},{"taxonomy":"post_tag","embeddable":true,"href":"https:\/\/www.gossip.it\/api\/wp\/v2\/tags?post=36849"},{"taxonomy":"vip","embeddable":true,"href":"https:\/\/www.gossip.it\/api\/wp\/v2\/vip?post=36849"}],"curies":[{"name":"wp","href":"https:\/\/api.w.org\/{rel}","templated":true}]}}