{"id":37083,"date":"2013-01-22T00:00:00","date_gmt":"2013-01-21T23:00:00","guid":{"rendered":"https:\/\/www.gossip.it\/senza-categoria\/belen-rodriguez-a-tutto-relax\/"},"modified":"2013-01-22T00:00:00","modified_gmt":"2013-01-21T23:00:00","slug":"belen-rodriguez-a-tutto-relax","status":"publish","type":"post","link":"https:\/\/www.gossip.it\/news\/belen-rodriguez-a-tutto-relax\/","title":{"rendered":"Belen Rodriguez a tutto relax"},"content":{"rendered":"<p>Ogni tanto \u00e8 bello estraniarsi dal mondo. Staccare dagli impegni lavorativi e concedersi qualche ora di riposo assoluto. <a href=\"http:\/\/www.gossip.it\/news\/monografia.php?keyword=Belen Rodriguez\">Belen Rodriguez<\/a>, al settimo mese di gravidanza, ne sente ancor pi\u00f9 il bisogno. In  questi mesi, nonostante il pancione, \u00e8 stata attivissima sul fronte professionale. In quello privato pure, tra viaggi e amore.<\/p>\n<p><em>\"Buon pomeriggio a tutti!! stupenda giornata di relax a Milano!! che freddo pufff!\"<\/em>, scrive la showgirl argentina sul suo profilo <b>Facebook<\/b>, e posta una sua foto in cui in primo piano sorride all'obiettivo serena e gioiosa (<a href=\"http:\/\/www.gossip.it\/news\/asc_showfoto.php?ID=1358863406\"><b><u>per ingrandire clicca qui<\/u><\/b><\/a>). E' sdraiata sul letto, radiosa, nonostante i 6 chili in pi\u00f9, per altro pochissimi, presi aspettando la cicogna.<\/p>\n<p><b>Santiago<\/b> nascer\u00e0 ad aprile inoltrato, c'\u00e8 ancora strada da fare. Ma starsene al calduccio per un po' \u00e8 bello, come pure il dolce far niente.<\/p>\n<p>Foto: Facebook<\/p>\n","protected":false},"excerpt":{"rendered":"<p>Ogni tanto \u00e8 bello estraniarsi dal mondo. Staccare dagli impegni lavorativi e concedersi qualche ora di riposo assoluto. Belen Rodriguez, al settimo mese di gravidanza, ne sente ancor pi\u00f9 il bisogno. In questi mesi, nonostante il pancione, \u00e8 stata attivissima sul fronte professionale. In quello privato pure, tra viaggi e amore. \"Buon pomeriggio a tutti!! [&hellip;]<\/p>\n","protected":false},"author":1,"featured_media":93129,"comment_status":"closed","ping_status":"closed","sticky":false,"template":"","format":"standard","meta":{"footnotes":""},"categories":[54],"tags":[6435,2504,4790,2568,1967,1923,2097],"vip":[396,1731],"class_list":["post-37083","post","type-post","status-publish","format-standard","has-post-thumbnail","hentry","category-news","tag-argentina","tag-ballerino","tag-facebook","tag-protagonisti","tag-showgirl","tag-social","tag-tv","vip-belen_rodriguez","vip-stefano_de_martino"],"yoast_head":"<title>Belen Rodriguez a tutto relax - Gossip.it | News sul Gossip e VIP<\/title>\n<meta name=\"description\" content=\"Ogni tanto \u00e8 bello estraniarsi dal mondo. Staccare dagli impegni lavorativi e concedersi qualche ora di riposo assoluto. Belen Rodriguez, al settimo mese\" \/>\n<meta name=\"robots\" content=\"index, follow, max-snippet:-1, max-image-preview:large, max-video-preview:-1\" \/>\n<link rel=\"canonical\" href=\"https:\/\/www.gossip.it\/news\/belen-rodriguez-a-tutto-relax\/\" \/>\n<meta property=\"og:locale\" content=\"it_IT\" \/>\n<meta property=\"og:type\" content=\"article\" \/>\n<meta property=\"og:title\" content=\"Belen Rodriguez a tutto relax - Gossip.it | News sul Gossip e VIP\" \/>\n<meta property=\"og:description\" content=\"Ogni tanto \u00e8 bello estraniarsi dal mondo. Staccare dagli impegni lavorativi e concedersi qualche ora di riposo assoluto. Belen Rodriguez, al settimo mese\" \/>\n<meta property=\"og:url\" content=\"https:\/\/www.gossip.it\/news\/belen-rodriguez-a-tutto-relax\/\" \/>\n<meta property=\"og:site_name\" content=\"Gossip.it | News sul Gossip e VIP\" \/>\n<meta property=\"article:publisher\" content=\"https:\/\/www.facebook.com\/GossipIT\" \/>\n<meta property=\"article:published_time\" content=\"2013-01-21T23:00:00+00:00\" \/>\n<meta property=\"og:image\" content=\"http:\/\/www.gossip.it\/images5\/1358863406_.jpg\" \/>\n<meta name=\"author\" content=\"La Redazione\" \/>\n<meta name=\"twitter:card\" content=\"summary_large_image\" \/>\n<meta name=\"twitter:image\" content=\"http:\/\/www.gossip.it\/images5\/1358863406_.jpg\" \/>\n<meta name=\"twitter:creator\" content=\"@gossinews_it\" \/>\n<meta name=\"twitter:site\" content=\"@gossinews_it\" \/>\n<meta name=\"twitter:label1\" content=\"Scritto da\" \/>\n\t<meta name=\"twitter:data1\" content=\"Annamaria Capozzi\" \/>\n\t<meta name=\"twitter:label2\" content=\"Tempo di lettura stimato\" \/>\n\t<meta name=\"twitter:data2\" content=\"1 minuto\" \/>","yoast_head_json":{"title":"Belen Rodriguez a tutto relax - Gossip.it | News sul Gossip e VIP","description":"Ogni tanto \u00e8 bello estraniarsi dal mondo. Staccare dagli impegni lavorativi e concedersi qualche ora di riposo assoluto. Belen Rodriguez, al settimo mese","robots":{"index":"index","follow":"follow","max-snippet":"max-snippet:-1","max-image-preview":"max-image-preview:large","max-video-preview":"max-video-preview:-1"},"canonical":"https:\/\/www.gossip.it\/news\/belen-rodriguez-a-tutto-relax\/","og_locale":"it_IT","og_type":"article","og_title":"Belen Rodriguez a tutto relax - Gossip.it | News sul Gossip e VIP","og_description":"Ogni tanto \u00e8 bello estraniarsi dal mondo. Staccare dagli impegni lavorativi e concedersi qualche ora di riposo assoluto. Belen Rodriguez, al settimo mese","og_url":"https:\/\/www.gossip.it\/news\/belen-rodriguez-a-tutto-relax\/","og_site_name":"Gossip.it | News sul Gossip e VIP","article_publisher":"https:\/\/www.facebook.com\/GossipIT","article_published_time":"2013-01-21T23:00:00+00:00","og_image":[{"url":"http:\/\/www.gossip.it\/images5\/1358863406_.jpg"}],"author":"La Redazione","twitter_card":"summary_large_image","twitter_image":"http:\/\/www.gossip.it\/images5\/1358863406_.jpg","twitter_creator":"@gossinews_it","twitter_site":"@gossinews_it","twitter_misc":{"Scritto da":"Annamaria Capozzi","Tempo di lettura stimato":"1 minuto"},"schema":{"@context":"https:\/\/schema.org","@graph":[{"@type":"Article","@id":"https:\/\/www.gossip.it\/news\/belen-rodriguez-a-tutto-relax\/#article","isPartOf":{"@id":"https:\/\/www.gossip.it\/news\/belen-rodriguez-a-tutto-relax\/"},"author":{"name":"La Redazione","@id":"https:\/\/www.gossip.it\/#\/schema\/person\/488896f75158bff1cc83c6c39d141110"},"headline":"Belen Rodriguez a tutto relax","datePublished":"2013-01-21T23:00:00+00:00","dateModified":"2013-01-21T23:00:00+00:00","mainEntityOfPage":{"@id":"https:\/\/www.gossip.it\/news\/belen-rodriguez-a-tutto-relax\/"},"wordCount":138,"publisher":{"@id":"https:\/\/www.gossip.it\/#organization"},"image":{"@id":"https:\/\/www.gossip.it\/news\/belen-rodriguez-a-tutto-relax\/#primaryimage"},"thumbnailUrl":"http:\/\/www.gossip.it\/images5\/1358863406_.jpg","keywords":["argentina","ballerino","facebook","protagonisti","showgirl","social","tv"],"articleSection":["News"],"inLanguage":"it-IT"},{"@type":"WebPage","@id":"https:\/\/www.gossip.it\/news\/belen-rodriguez-a-tutto-relax\/","url":"https:\/\/www.gossip.it\/news\/belen-rodriguez-a-tutto-relax\/","name":"Belen Rodriguez a tutto relax - Gossip.it | News sul Gossip e VIP","isPartOf":{"@id":"https:\/\/www.gossip.it\/#website"},"primaryImageOfPage":{"@id":"https:\/\/www.gossip.it\/news\/belen-rodriguez-a-tutto-relax\/#primaryimage"},"image":{"@id":"https:\/\/www.gossip.it\/news\/belen-rodriguez-a-tutto-relax\/#primaryimage"},"thumbnailUrl":"http:\/\/www.gossip.it\/images5\/1358863406_.jpg","datePublished":"2013-01-21T23:00:00+00:00","dateModified":"2013-01-21T23:00:00+00:00","description":"Ogni tanto \u00e8 bello estraniarsi dal mondo. Staccare dagli impegni lavorativi e concedersi qualche ora di riposo assoluto. Belen Rodriguez, al settimo mese","breadcrumb":{"@id":"https:\/\/www.gossip.it\/news\/belen-rodriguez-a-tutto-relax\/#breadcrumb"},"inLanguage":"it-IT","potentialAction":[{"@type":"ReadAction","target":["https:\/\/www.gossip.it\/news\/belen-rodriguez-a-tutto-relax\/"]}]},{"@type":"ImageObject","inLanguage":"it-IT","@id":"https:\/\/www.gossip.it\/news\/belen-rodriguez-a-tutto-relax\/#primaryimage","url":"http:\/\/www.gossip.it\/images5\/1358863406_.jpg","contentUrl":"http:\/\/www.gossip.it\/images5\/1358863406_.jpg"},{"@type":"BreadcrumbList","@id":"https:\/\/www.gossip.it\/news\/belen-rodriguez-a-tutto-relax\/#breadcrumb","itemListElement":[{"@type":"ListItem","position":1,"name":"Home","item":"https:\/\/www.gossip.it\/"},{"@type":"ListItem","position":2,"name":"Belen Rodriguez a tutto relax"}]},{"@type":"WebSite","@id":"https:\/\/www.gossip.it\/#website","url":"https:\/\/www.gossip.it\/","name":"Gossip and VIP News","description":"Quotidiano di cronaca rosa, costume e societ\u00e0","publisher":{"@id":"https:\/\/www.gossip.it\/#organization"},"alternateName":"Gossip and VIP News","potentialAction":[{"@type":"SearchAction","target":{"@type":"EntryPoint","urlTemplate":"https:\/\/www.gossip.it\/?s={search_term_string}"},"query-input":{"@type":"PropertyValueSpecification","valueRequired":true,"valueName":"search_term_string"}}],"inLanguage":"it-IT"},{"@type":"Organization","@id":"https:\/\/www.gossip.it\/#organization","name":"Gossip and VIP News","alternateName":"Gossip News","url":"https:\/\/www.gossip.it\/","logo":{"@type":"ImageObject","inLanguage":"it-IT","@id":"https:\/\/www.gossip.it\/#\/schema\/logo\/image\/","url":"https:\/\/www.gossip.it\/wp-content\/uploads\/2022\/04\/cropped-corna-alta-tiny.png","contentUrl":"https:\/\/www.gossip.it\/wp-content\/uploads\/2022\/04\/cropped-corna-alta-tiny.png","width":512,"height":512,"caption":"Gossip and VIP News"},"image":{"@id":"https:\/\/www.gossip.it\/#\/schema\/logo\/image\/"},"sameAs":["https:\/\/www.facebook.com\/GossipIT","https:\/\/x.com\/gossinews_it","https:\/\/instagram.com\/gossip_it"]},{"@type":"Person","@id":"https:\/\/www.gossip.it\/#\/schema\/person\/488896f75158bff1cc83c6c39d141110","name":"La Redazione","image":{"@type":"ImageObject","inLanguage":"it-IT","@id":"https:\/\/www.gossip.it\/#\/schema\/person\/image\/","url":"https:\/\/secure.gravatar.com\/avatar\/5a5f5c6fa3e6700e4249abdad0263a1e94e927d9e0499b1cb09c1cd29c044d80?s=96&d=mm&r=g","contentUrl":"https:\/\/secure.gravatar.com\/avatar\/5a5f5c6fa3e6700e4249abdad0263a1e94e927d9e0499b1cb09c1cd29c044d80?s=96&d=mm&r=g","caption":"La Redazione"},"sameAs":["https:\/\/www.gossip.it"]}]}},"amp_enabled":true,"_links":{"self":[{"href":"https:\/\/www.gossip.it\/api\/wp\/v2\/posts\/37083","targetHints":{"allow":["GET"]}}],"collection":[{"href":"https:\/\/www.gossip.it\/api\/wp\/v2\/posts"}],"about":[{"href":"https:\/\/www.gossip.it\/api\/wp\/v2\/types\/post"}],"author":[{"embeddable":true,"href":"https:\/\/www.gossip.it\/api\/wp\/v2\/users\/1"}],"replies":[{"embeddable":true,"href":"https:\/\/www.gossip.it\/api\/wp\/v2\/comments?post=37083"}],"version-history":[{"count":0,"href":"https:\/\/www.gossip.it\/api\/wp\/v2\/posts\/37083\/revisions"}],"wp:featuredmedia":[{"embeddable":true,"href":"https:\/\/www.gossip.it\/api\/wp\/v2\/media\/93129"}],"wp:attachment":[{"href":"https:\/\/www.gossip.it\/api\/wp\/v2\/media?parent=37083"}],"wp:term":[{"taxonomy":"category","embeddable":true,"href":"https:\/\/www.gossip.it\/api\/wp\/v2\/categories?post=37083"},{"taxonomy":"post_tag","embeddable":true,"href":"https:\/\/www.gossip.it\/api\/wp\/v2\/tags?post=37083"},{"taxonomy":"vip","embeddable":true,"href":"https:\/\/www.gossip.it\/api\/wp\/v2\/vip?post=37083"}],"curies":[{"name":"wp","href":"https:\/\/api.w.org\/{rel}","templated":true}]}}