{"id":37106,"date":"2013-01-23T00:00:00","date_gmt":"2013-01-22T23:00:00","guid":{"rendered":"https:\/\/www.gossip.it\/senza-categoria\/kim-kardashian-incinta-a-parigi-foto\/"},"modified":"2013-01-23T00:00:00","modified_gmt":"2013-01-22T23:00:00","slug":"kim-kardashian-incinta-a-parigi-foto","status":"publish","type":"post","link":"https:\/\/www.gossip.it\/news\/kim-kardashian-incinta-a-parigi-foto\/","title":{"rendered":"Kim Kardashian incinta a Parigi: foto"},"content":{"rendered":"<p><a href=\"http:\/\/www.gossip.it\/news\/monografia.php?keyword=Kim Kardashian\">Kim Kardashian<\/a> \u00e8 volata a <b>Parigi<\/b> con il suo compagno, <a href=\"http:\/\/www.gossip.it\/news\/monografia.php?keyword=Kanye West\">Kanye West<\/a>, per la <b>settimana della moda<\/b> della capitale francese e per godersi una piccola vacanza nella <b>citt\u00e1 pi\u00fa romantica<\/b> del mondo con la sua dolce met\u00e1.<\/p>\n<p>Ma la star dei reality, <b>incinta di tre mesi<\/b>, non rinuncia comunque al lavoro, posando per un servizio fotografico promozionale per la sua sesta fragranza. Eccola con Kanye all\u2019entrata del ristorante Lasserre, dove i due hanno cenato in compagnia di alcuni amici: l\u2019attrice <a href=\"http:\/\/www.gossip.it\/news\/monografia.php?keyword=Paz Vega\">Paz Vega<\/a>, la modella <a href=\"http:\/\/www.gossip.it\/news\/monografia.php?keyword=Carmen Dell'Orefice\">Carmen Dell'Orefice<\/a> e lo stilista <a href=\"http:\/\/www.gossip.it\/news\/monografia.php?keyword=St\u00e9phane Rolland\">St\u00e9phane Rolland<\/a>. Per l\u2019occasione Kim indossa un cappotto di pelliccia sintetica nera e stivali alti sopra il ginocchio, dimostrandosi <b>sexy<\/b> nonostante la gravidanza.<\/p>\n<p>Le <a href=\"http:\/\/www.gossip.it\/protagonisti\/kim_kardashian_incinta_di_tre_mesi_e_kanye_west_a_cena_a_parigi_foto_sperw.html?id=e57c341d20443894a36805afab15ca4d\"><b><u>foto di Kim Kardashian e Kanye West a cena a Parigi sono<\/u><\/b><\/a> su GossipNews.<\/p>\n","protected":false},"excerpt":{"rendered":"<p>Kim Kardashian \u00e8 volata a Parigi con il suo compagno, Kanye West, per la settimana della moda della capitale francese e per godersi una piccola vacanza nella citt\u00e1 pi\u00fa romantica del mondo con la sua dolce met\u00e1. Ma la star dei reality, incinta di tre mesi, non rinuncia comunque al lavoro, posando per un servizio [&hellip;]<\/p>\n","protected":false},"author":1,"featured_media":93152,"comment_status":"closed","ping_status":"closed","sticky":false,"template":"","format":"standard","meta":{"footnotes":""},"categories":[54],"tags":[1877,3102,4285,2181,2094,27066,4197,3099,4812,4694,14246,2500,2771,2835,2360,12651],"vip":[1863,1496],"class_list":["post-37106","post","type-post","status-publish","format-standard","has-post-thumbnail","hentry","category-news","tag-cena","tag-fashion","tag-francia","tag-gravidanza","tag-incinta","tag-kanye-west","tag-mesi","tag-moda","tag-pancione","tag-parigi","tag-paris","tag-ristorante","tag-settimana","tag-sfilata","tag-stilista","tag-week","vip-kim_kardashian","vip-paz_vega"],"yoast_head":"<title>Kim Kardashian incinta a Parigi: foto - Gossip.it | News sul Gossip e VIP<\/title>\n<meta name=\"description\" content=\"Kim Kardashian \u00e8 volata a Parigi con il suo compagno, Kanye West, per la settimana della moda della capitale francese e per godersi una piccola vacanza\" \/>\n<meta name=\"robots\" content=\"index, follow, max-snippet:-1, max-image-preview:large, max-video-preview:-1\" \/>\n<link rel=\"canonical\" href=\"https:\/\/www.gossip.it\/news\/kim-kardashian-incinta-a-parigi-foto\/\" \/>\n<meta property=\"og:locale\" content=\"it_IT\" \/>\n<meta property=\"og:type\" content=\"article\" \/>\n<meta property=\"og:title\" content=\"Kim Kardashian incinta a Parigi: foto - Gossip.it | News sul Gossip e VIP\" \/>\n<meta property=\"og:description\" content=\"Kim Kardashian \u00e8 volata a Parigi con il suo compagno, Kanye West, per la settimana della moda della capitale francese e per godersi una piccola vacanza\" \/>\n<meta property=\"og:url\" content=\"https:\/\/www.gossip.it\/news\/kim-kardashian-incinta-a-parigi-foto\/\" \/>\n<meta property=\"og:site_name\" content=\"Gossip.it | News sul Gossip e VIP\" \/>\n<meta property=\"article:publisher\" content=\"https:\/\/www.facebook.com\/GossipIT\" \/>\n<meta property=\"article:published_time\" content=\"2013-01-22T23:00:00+00:00\" \/>\n<meta property=\"og:image\" content=\"http:\/\/www.gossip.it\/images5\/1358948847_.jpg\" \/>\n<meta name=\"author\" content=\"La Redazione\" \/>\n<meta name=\"twitter:card\" content=\"summary_large_image\" \/>\n<meta name=\"twitter:image\" content=\"http:\/\/www.gossip.it\/images5\/1358948847_.jpg\" \/>\n<meta name=\"twitter:creator\" content=\"@gossinews_it\" \/>\n<meta name=\"twitter:site\" content=\"@gossinews_it\" \/>\n<meta name=\"twitter:label1\" content=\"Scritto da\" \/>\n\t<meta name=\"twitter:data1\" content=\"Graziana Mirabile\" \/>\n\t<meta name=\"twitter:label2\" content=\"Tempo di lettura stimato\" \/>\n\t<meta name=\"twitter:data2\" content=\"1 minuto\" \/>","yoast_head_json":{"title":"Kim Kardashian incinta a Parigi: foto - Gossip.it | News sul Gossip e VIP","description":"Kim Kardashian \u00e8 volata a Parigi con il suo compagno, Kanye West, per la settimana della moda della capitale francese e per godersi una piccola vacanza","robots":{"index":"index","follow":"follow","max-snippet":"max-snippet:-1","max-image-preview":"max-image-preview:large","max-video-preview":"max-video-preview:-1"},"canonical":"https:\/\/www.gossip.it\/news\/kim-kardashian-incinta-a-parigi-foto\/","og_locale":"it_IT","og_type":"article","og_title":"Kim Kardashian incinta a Parigi: foto - Gossip.it | News sul Gossip e VIP","og_description":"Kim Kardashian \u00e8 volata a Parigi con il suo compagno, Kanye West, per la settimana della moda della capitale francese e per godersi una piccola vacanza","og_url":"https:\/\/www.gossip.it\/news\/kim-kardashian-incinta-a-parigi-foto\/","og_site_name":"Gossip.it | News sul Gossip e VIP","article_publisher":"https:\/\/www.facebook.com\/GossipIT","article_published_time":"2013-01-22T23:00:00+00:00","og_image":[{"url":"http:\/\/www.gossip.it\/images5\/1358948847_.jpg"}],"author":"La Redazione","twitter_card":"summary_large_image","twitter_image":"http:\/\/www.gossip.it\/images5\/1358948847_.jpg","twitter_creator":"@gossinews_it","twitter_site":"@gossinews_it","twitter_misc":{"Scritto da":"Graziana Mirabile","Tempo di lettura stimato":"1 minuto"},"schema":{"@context":"https:\/\/schema.org","@graph":[{"@type":"Article","@id":"https:\/\/www.gossip.it\/news\/kim-kardashian-incinta-a-parigi-foto\/#article","isPartOf":{"@id":"https:\/\/www.gossip.it\/news\/kim-kardashian-incinta-a-parigi-foto\/"},"author":{"name":"La Redazione","@id":"https:\/\/www.gossip.it\/#\/schema\/person\/488896f75158bff1cc83c6c39d141110"},"headline":"Kim Kardashian incinta a Parigi: foto","datePublished":"2013-01-22T23:00:00+00:00","dateModified":"2013-01-22T23:00:00+00:00","mainEntityOfPage":{"@id":"https:\/\/www.gossip.it\/news\/kim-kardashian-incinta-a-parigi-foto\/"},"wordCount":137,"publisher":{"@id":"https:\/\/www.gossip.it\/#organization"},"image":{"@id":"https:\/\/www.gossip.it\/news\/kim-kardashian-incinta-a-parigi-foto\/#primaryimage"},"thumbnailUrl":"http:\/\/www.gossip.it\/images5\/1358948847_.jpg","keywords":["cena","fashion","francia","gravidanza","incinta","kanye west","mesi","moda","pancione","parigi","paris","ristorante","settimana","sfilata","stilista","week"],"articleSection":["News"],"inLanguage":"it-IT"},{"@type":"WebPage","@id":"https:\/\/www.gossip.it\/news\/kim-kardashian-incinta-a-parigi-foto\/","url":"https:\/\/www.gossip.it\/news\/kim-kardashian-incinta-a-parigi-foto\/","name":"Kim Kardashian incinta a Parigi: foto - Gossip.it | News sul Gossip e VIP","isPartOf":{"@id":"https:\/\/www.gossip.it\/#website"},"primaryImageOfPage":{"@id":"https:\/\/www.gossip.it\/news\/kim-kardashian-incinta-a-parigi-foto\/#primaryimage"},"image":{"@id":"https:\/\/www.gossip.it\/news\/kim-kardashian-incinta-a-parigi-foto\/#primaryimage"},"thumbnailUrl":"http:\/\/www.gossip.it\/images5\/1358948847_.jpg","datePublished":"2013-01-22T23:00:00+00:00","dateModified":"2013-01-22T23:00:00+00:00","description":"Kim Kardashian \u00e8 volata a Parigi con il suo compagno, Kanye West, per la settimana della moda della capitale francese e per godersi una piccola vacanza","breadcrumb":{"@id":"https:\/\/www.gossip.it\/news\/kim-kardashian-incinta-a-parigi-foto\/#breadcrumb"},"inLanguage":"it-IT","potentialAction":[{"@type":"ReadAction","target":["https:\/\/www.gossip.it\/news\/kim-kardashian-incinta-a-parigi-foto\/"]}]},{"@type":"ImageObject","inLanguage":"it-IT","@id":"https:\/\/www.gossip.it\/news\/kim-kardashian-incinta-a-parigi-foto\/#primaryimage","url":"http:\/\/www.gossip.it\/images5\/1358948847_.jpg","contentUrl":"http:\/\/www.gossip.it\/images5\/1358948847_.jpg"},{"@type":"BreadcrumbList","@id":"https:\/\/www.gossip.it\/news\/kim-kardashian-incinta-a-parigi-foto\/#breadcrumb","itemListElement":[{"@type":"ListItem","position":1,"name":"Home","item":"https:\/\/www.gossip.it\/"},{"@type":"ListItem","position":2,"name":"Kim Kardashian incinta a Parigi: foto"}]},{"@type":"WebSite","@id":"https:\/\/www.gossip.it\/#website","url":"https:\/\/www.gossip.it\/","name":"Gossip and VIP News","description":"Quotidiano di cronaca rosa, costume e societ\u00e0","publisher":{"@id":"https:\/\/www.gossip.it\/#organization"},"alternateName":"Gossip and VIP News","potentialAction":[{"@type":"SearchAction","target":{"@type":"EntryPoint","urlTemplate":"https:\/\/www.gossip.it\/?s={search_term_string}"},"query-input":{"@type":"PropertyValueSpecification","valueRequired":true,"valueName":"search_term_string"}}],"inLanguage":"it-IT"},{"@type":"Organization","@id":"https:\/\/www.gossip.it\/#organization","name":"Gossip and VIP News","alternateName":"Gossip News","url":"https:\/\/www.gossip.it\/","logo":{"@type":"ImageObject","inLanguage":"it-IT","@id":"https:\/\/www.gossip.it\/#\/schema\/logo\/image\/","url":"https:\/\/www.gossip.it\/wp-content\/uploads\/2022\/04\/cropped-corna-alta-tiny.png","contentUrl":"https:\/\/www.gossip.it\/wp-content\/uploads\/2022\/04\/cropped-corna-alta-tiny.png","width":512,"height":512,"caption":"Gossip and VIP News"},"image":{"@id":"https:\/\/www.gossip.it\/#\/schema\/logo\/image\/"},"sameAs":["https:\/\/www.facebook.com\/GossipIT","https:\/\/x.com\/gossinews_it","https:\/\/instagram.com\/gossip_it"]},{"@type":"Person","@id":"https:\/\/www.gossip.it\/#\/schema\/person\/488896f75158bff1cc83c6c39d141110","name":"La Redazione","image":{"@type":"ImageObject","inLanguage":"it-IT","@id":"https:\/\/www.gossip.it\/#\/schema\/person\/image\/","url":"https:\/\/secure.gravatar.com\/avatar\/5a5f5c6fa3e6700e4249abdad0263a1e94e927d9e0499b1cb09c1cd29c044d80?s=96&d=mm&r=g","contentUrl":"https:\/\/secure.gravatar.com\/avatar\/5a5f5c6fa3e6700e4249abdad0263a1e94e927d9e0499b1cb09c1cd29c044d80?s=96&d=mm&r=g","caption":"La Redazione"},"sameAs":["https:\/\/www.gossip.it"]}]}},"amp_enabled":true,"_links":{"self":[{"href":"https:\/\/www.gossip.it\/api\/wp\/v2\/posts\/37106","targetHints":{"allow":["GET"]}}],"collection":[{"href":"https:\/\/www.gossip.it\/api\/wp\/v2\/posts"}],"about":[{"href":"https:\/\/www.gossip.it\/api\/wp\/v2\/types\/post"}],"author":[{"embeddable":true,"href":"https:\/\/www.gossip.it\/api\/wp\/v2\/users\/1"}],"replies":[{"embeddable":true,"href":"https:\/\/www.gossip.it\/api\/wp\/v2\/comments?post=37106"}],"version-history":[{"count":0,"href":"https:\/\/www.gossip.it\/api\/wp\/v2\/posts\/37106\/revisions"}],"wp:featuredmedia":[{"embeddable":true,"href":"https:\/\/www.gossip.it\/api\/wp\/v2\/media\/93152"}],"wp:attachment":[{"href":"https:\/\/www.gossip.it\/api\/wp\/v2\/media?parent=37106"}],"wp:term":[{"taxonomy":"category","embeddable":true,"href":"https:\/\/www.gossip.it\/api\/wp\/v2\/categories?post=37106"},{"taxonomy":"post_tag","embeddable":true,"href":"https:\/\/www.gossip.it\/api\/wp\/v2\/tags?post=37106"},{"taxonomy":"vip","embeddable":true,"href":"https:\/\/www.gossip.it\/api\/wp\/v2\/vip?post=37106"}],"curies":[{"name":"wp","href":"https:\/\/api.w.org\/{rel}","templated":true}]}}