{"id":37261,"date":"2013-01-31T00:00:00","date_gmt":"2013-01-30T23:00:00","guid":{"rendered":"https:\/\/www.gossip.it\/senza-categoria\/raffaella-carra-sul-trono-di-the-voice\/"},"modified":"2013-01-31T00:00:00","modified_gmt":"2013-01-30T23:00:00","slug":"raffaella-carra-sul-trono-di-the-voice","status":"publish","type":"post","link":"https:\/\/www.gossip.it\/news\/raffaella-carra-sul-trono-di-the-voice\/","title":{"rendered":"Raffaella Carr\u00e0 sul trono di &quot;The Voice&quot;"},"content":{"rendered":"<p><a href=\"http:\/\/www.gossip.it\/news\/monografia.php?keyword=Raffaella Carr\u00e0\">Raffaella Carr\u00e0<\/a> sta per tornare. L'icona per antonomasia del piccolo schermo sta per debuttare su Rai Due con <b>\"The Voice\"<\/b>, in onda a partire dal 19 febbraio. Su Facebbok una foto che testimonia come  si stia calando nei panni di giudice del nuovo <b>talent-show<\/b> (<a href=\"http:\/\/www.gossip.it\/news\/asc_showfoto.php?ID=1359631344\"><b><u>clicca qui per ingrandire<\/u><\/b><\/a>).<\/p>\n<p>La prima puntata \u00e8 stata gi\u00e0 registrata. A condurre il programma un emozionato Fabio Troiano. Oltre alla Raffa nazionale, vestono i panni di coach anche <a href=\"http:\/\/www.gossip.it\/news\/monografia.php?keyword=Piero Pel\u00f9\">Piero Pel\u00f9<\/a>, <a href=\"http:\/\/www.gossip.it\/news\/monografia.php?keyword=Riccardo Cocciante\">Riccardo Cocciante<\/a> e<a href=\"http:\/\/www.gossip.it\/news\/monografia.php?keyword= Noemi\"> Noemi<\/a>. Il vincitore si porter\u00e0 a casa un contratto discografico. Chi sar\u00e0 la nuova voce pi\u00f9 bella d'Italia?<\/p>\n","protected":false},"excerpt":{"rendered":"<p>Raffaella Carr\u00e0 sta per tornare. L'icona per antonomasia del piccolo schermo sta per debuttare su Rai Due con \"The Voice\", in onda a partire dal 19 febbraio. Su Facebbok una foto che testimonia come si stia calando nei panni di giudice del nuovo talent-show (clicca qui per ingrandire). La prima puntata \u00e8 stata gi\u00e0 registrata. [&hellip;]<\/p>\n","protected":false},"author":1,"featured_media":93307,"comment_status":"closed","ping_status":"closed","sticky":false,"template":"","format":"standard","meta":{"footnotes":""},"categories":[54],"tags":[3297,7771,7770,5940,7769,2097],"vip":[714,1432,1533],"class_list":["post-37261","post","type-post","status-publish","format-standard","has-post-thumbnail","hentry","category-news","tag-gossip-tv","tag-piero-pelu","tag-riccardo-cocciante","tag-talent","tag-the-voice","tag-tv","vip-fabio_troiano","vip-noemi","vip-raffaella_carra"],"yoast_head":"<title>Raffaella Carr\u00e0 sul trono di &quot;The Voice&quot; - Gossip.it | News sul Gossip e VIP<\/title>\n<meta name=\"description\" content=\"Raffaella Carr\u00e0 sta per tornare. L&#039;icona per antonomasia del piccolo schermo sta per debuttare su Rai Due con &quot;The Voice&quot;, in onda a partire dal 19\" \/>\n<meta name=\"robots\" content=\"index, follow, max-snippet:-1, max-image-preview:large, max-video-preview:-1\" \/>\n<link rel=\"canonical\" href=\"https:\/\/www.gossip.it\/news\/raffaella-carra-sul-trono-di-the-voice\/\" \/>\n<meta property=\"og:locale\" content=\"it_IT\" \/>\n<meta property=\"og:type\" content=\"article\" \/>\n<meta property=\"og:title\" content=\"Raffaella Carr\u00e0 sul trono di &quot;The Voice&quot; - Gossip.it | News sul Gossip e VIP\" \/>\n<meta property=\"og:description\" content=\"Raffaella Carr\u00e0 sta per tornare. L&#039;icona per antonomasia del piccolo schermo sta per debuttare su Rai Due con &quot;The Voice&quot;, in onda a partire dal 19\" \/>\n<meta property=\"og:url\" content=\"https:\/\/www.gossip.it\/news\/raffaella-carra-sul-trono-di-the-voice\/\" \/>\n<meta property=\"og:site_name\" content=\"Gossip.it | News sul Gossip e VIP\" \/>\n<meta property=\"article:publisher\" content=\"https:\/\/www.facebook.com\/GossipIT\" \/>\n<meta property=\"article:published_time\" content=\"2013-01-30T23:00:00+00:00\" \/>\n<meta property=\"og:image\" content=\"http:\/\/www.gossip.it\/images5\/1359631344_.jpg\" \/>\n<meta name=\"author\" content=\"La Redazione\" \/>\n<meta name=\"twitter:card\" content=\"summary_large_image\" \/>\n<meta name=\"twitter:image\" content=\"http:\/\/www.gossip.it\/images5\/1359631344_.jpg\" \/>\n<meta name=\"twitter:creator\" content=\"@gossinews_it\" \/>\n<meta name=\"twitter:site\" content=\"@gossinews_it\" \/>\n<meta name=\"twitter:label1\" content=\"Scritto da\" \/>\n\t<meta name=\"twitter:data1\" content=\"La Redazione\" \/>","yoast_head_json":{"title":"Raffaella Carr\u00e0 sul trono di &quot;The Voice&quot; - Gossip.it | News sul Gossip e VIP","description":"Raffaella Carr\u00e0 sta per tornare. L'icona per antonomasia del piccolo schermo sta per debuttare su Rai Due con \"The Voice\", in onda a partire dal 19","robots":{"index":"index","follow":"follow","max-snippet":"max-snippet:-1","max-image-preview":"max-image-preview:large","max-video-preview":"max-video-preview:-1"},"canonical":"https:\/\/www.gossip.it\/news\/raffaella-carra-sul-trono-di-the-voice\/","og_locale":"it_IT","og_type":"article","og_title":"Raffaella Carr\u00e0 sul trono di &quot;The Voice&quot; - Gossip.it | News sul Gossip e VIP","og_description":"Raffaella Carr\u00e0 sta per tornare. L'icona per antonomasia del piccolo schermo sta per debuttare su Rai Due con \"The Voice\", in onda a partire dal 19","og_url":"https:\/\/www.gossip.it\/news\/raffaella-carra-sul-trono-di-the-voice\/","og_site_name":"Gossip.it | News sul Gossip e VIP","article_publisher":"https:\/\/www.facebook.com\/GossipIT","article_published_time":"2013-01-30T23:00:00+00:00","og_image":[{"url":"http:\/\/www.gossip.it\/images5\/1359631344_.jpg"}],"author":"La Redazione","twitter_card":"summary_large_image","twitter_image":"http:\/\/www.gossip.it\/images5\/1359631344_.jpg","twitter_creator":"@gossinews_it","twitter_site":"@gossinews_it","twitter_misc":{"Scritto da":"La Redazione"},"schema":{"@context":"https:\/\/schema.org","@graph":[{"@type":"Article","@id":"https:\/\/www.gossip.it\/news\/raffaella-carra-sul-trono-di-the-voice\/#article","isPartOf":{"@id":"https:\/\/www.gossip.it\/news\/raffaella-carra-sul-trono-di-the-voice\/"},"author":{"name":"La Redazione","@id":"https:\/\/www.gossip.it\/#\/schema\/person\/488896f75158bff1cc83c6c39d141110"},"headline":"Raffaella Carr\u00e0 sul trono di &quot;The Voice&quot;","datePublished":"2013-01-30T23:00:00+00:00","dateModified":"2013-01-30T23:00:00+00:00","mainEntityOfPage":{"@id":"https:\/\/www.gossip.it\/news\/raffaella-carra-sul-trono-di-the-voice\/"},"wordCount":105,"publisher":{"@id":"https:\/\/www.gossip.it\/#organization"},"image":{"@id":"https:\/\/www.gossip.it\/news\/raffaella-carra-sul-trono-di-the-voice\/#primaryimage"},"thumbnailUrl":"http:\/\/www.gossip.it\/images5\/1359631344_.jpg","keywords":["gossip.tv","piero pel\u00f9","riccardo cocciante","talent+","the voice","tv"],"articleSection":["News"],"inLanguage":"it-IT"},{"@type":"WebPage","@id":"https:\/\/www.gossip.it\/news\/raffaella-carra-sul-trono-di-the-voice\/","url":"https:\/\/www.gossip.it\/news\/raffaella-carra-sul-trono-di-the-voice\/","name":"Raffaella Carr\u00e0 sul trono di &quot;The Voice&quot; - Gossip.it | News sul Gossip e VIP","isPartOf":{"@id":"https:\/\/www.gossip.it\/#website"},"primaryImageOfPage":{"@id":"https:\/\/www.gossip.it\/news\/raffaella-carra-sul-trono-di-the-voice\/#primaryimage"},"image":{"@id":"https:\/\/www.gossip.it\/news\/raffaella-carra-sul-trono-di-the-voice\/#primaryimage"},"thumbnailUrl":"http:\/\/www.gossip.it\/images5\/1359631344_.jpg","datePublished":"2013-01-30T23:00:00+00:00","dateModified":"2013-01-30T23:00:00+00:00","description":"Raffaella Carr\u00e0 sta per tornare. L'icona per antonomasia del piccolo schermo sta per debuttare su Rai Due con \"The Voice\", in onda a partire dal 19","breadcrumb":{"@id":"https:\/\/www.gossip.it\/news\/raffaella-carra-sul-trono-di-the-voice\/#breadcrumb"},"inLanguage":"it-IT","potentialAction":[{"@type":"ReadAction","target":["https:\/\/www.gossip.it\/news\/raffaella-carra-sul-trono-di-the-voice\/"]}]},{"@type":"ImageObject","inLanguage":"it-IT","@id":"https:\/\/www.gossip.it\/news\/raffaella-carra-sul-trono-di-the-voice\/#primaryimage","url":"http:\/\/www.gossip.it\/images5\/1359631344_.jpg","contentUrl":"http:\/\/www.gossip.it\/images5\/1359631344_.jpg"},{"@type":"BreadcrumbList","@id":"https:\/\/www.gossip.it\/news\/raffaella-carra-sul-trono-di-the-voice\/#breadcrumb","itemListElement":[{"@type":"ListItem","position":1,"name":"Home","item":"https:\/\/www.gossip.it\/"},{"@type":"ListItem","position":2,"name":"Raffaella Carr\u00e0 sul trono di &quot;The Voice&quot;"}]},{"@type":"WebSite","@id":"https:\/\/www.gossip.it\/#website","url":"https:\/\/www.gossip.it\/","name":"Gossip and VIP News","description":"Quotidiano di cronaca rosa, costume e societ\u00e0","publisher":{"@id":"https:\/\/www.gossip.it\/#organization"},"alternateName":"Gossip and VIP News","potentialAction":[{"@type":"SearchAction","target":{"@type":"EntryPoint","urlTemplate":"https:\/\/www.gossip.it\/?s={search_term_string}"},"query-input":{"@type":"PropertyValueSpecification","valueRequired":true,"valueName":"search_term_string"}}],"inLanguage":"it-IT"},{"@type":"Organization","@id":"https:\/\/www.gossip.it\/#organization","name":"Gossip and VIP News","alternateName":"Gossip News","url":"https:\/\/www.gossip.it\/","logo":{"@type":"ImageObject","inLanguage":"it-IT","@id":"https:\/\/www.gossip.it\/#\/schema\/logo\/image\/","url":"https:\/\/www.gossip.it\/wp-content\/uploads\/2022\/04\/cropped-corna-alta-tiny.png","contentUrl":"https:\/\/www.gossip.it\/wp-content\/uploads\/2022\/04\/cropped-corna-alta-tiny.png","width":512,"height":512,"caption":"Gossip and VIP News"},"image":{"@id":"https:\/\/www.gossip.it\/#\/schema\/logo\/image\/"},"sameAs":["https:\/\/www.facebook.com\/GossipIT","https:\/\/x.com\/gossinews_it","https:\/\/instagram.com\/gossip_it"]},{"@type":"Person","@id":"https:\/\/www.gossip.it\/#\/schema\/person\/488896f75158bff1cc83c6c39d141110","name":"La Redazione","image":{"@type":"ImageObject","inLanguage":"it-IT","@id":"https:\/\/www.gossip.it\/#\/schema\/person\/image\/","url":"https:\/\/secure.gravatar.com\/avatar\/5a5f5c6fa3e6700e4249abdad0263a1e94e927d9e0499b1cb09c1cd29c044d80?s=96&d=mm&r=g","contentUrl":"https:\/\/secure.gravatar.com\/avatar\/5a5f5c6fa3e6700e4249abdad0263a1e94e927d9e0499b1cb09c1cd29c044d80?s=96&d=mm&r=g","caption":"La Redazione"},"sameAs":["https:\/\/www.gossip.it"]}]}},"amp_enabled":true,"_links":{"self":[{"href":"https:\/\/www.gossip.it\/api\/wp\/v2\/posts\/37261","targetHints":{"allow":["GET"]}}],"collection":[{"href":"https:\/\/www.gossip.it\/api\/wp\/v2\/posts"}],"about":[{"href":"https:\/\/www.gossip.it\/api\/wp\/v2\/types\/post"}],"author":[{"embeddable":true,"href":"https:\/\/www.gossip.it\/api\/wp\/v2\/users\/1"}],"replies":[{"embeddable":true,"href":"https:\/\/www.gossip.it\/api\/wp\/v2\/comments?post=37261"}],"version-history":[{"count":0,"href":"https:\/\/www.gossip.it\/api\/wp\/v2\/posts\/37261\/revisions"}],"wp:featuredmedia":[{"embeddable":true,"href":"https:\/\/www.gossip.it\/api\/wp\/v2\/media\/93307"}],"wp:attachment":[{"href":"https:\/\/www.gossip.it\/api\/wp\/v2\/media?parent=37261"}],"wp:term":[{"taxonomy":"category","embeddable":true,"href":"https:\/\/www.gossip.it\/api\/wp\/v2\/categories?post=37261"},{"taxonomy":"post_tag","embeddable":true,"href":"https:\/\/www.gossip.it\/api\/wp\/v2\/tags?post=37261"},{"taxonomy":"vip","embeddable":true,"href":"https:\/\/www.gossip.it\/api\/wp\/v2\/vip?post=37261"}],"curies":[{"name":"wp","href":"https:\/\/api.w.org\/{rel}","templated":true}]}}