{"id":37443,"date":"2013-02-08T00:00:00","date_gmt":"2013-02-07T23:00:00","guid":{"rendered":"https:\/\/www.gossip.it\/senza-categoria\/buona-notte-con-il-cane-per-ana-laura\/"},"modified":"2013-02-08T00:00:00","modified_gmt":"2013-02-07T23:00:00","slug":"buona-notte-con-il-cane-per-ana-laura","status":"publish","type":"post","link":"https:\/\/www.gossip.it\/news\/buona-notte-con-il-cane-per-ana-laura\/","title":{"rendered":"Buona notte con il cane per Ana Laura"},"content":{"rendered":"<p>Ha annunciato che in primavera sposer\u00e0 il fidanzato, l'editore <a href=\"http:\/\/www.gossip.it\/news\/monografia.php?keyword=Marco Uzzo\">Marco Uzzo<\/a>. Ma nella vita di <a href=\"http:\/\/www.gossip.it\/news\/monografia.php?keyword=Ana Laura Ribas\">Ana Laura Ribas<\/a> c'\u00e8  un altro grande amore: il suo cagnolino bianco. L'ex velina ha pubblicato su Twitter una sua foto a letto insieme al fido compagno. Sotto allo scatto cinguetta: <em>\"Tanto sonno... Vado... anzi, andiamo a nanna... #BacioNotte. Che la pace sia con voi\"<\/em> (<a href=\"http:\/\/www.gossip.it\/news\/asc_showfoto.php?ID=1360324105\"><b><u>clicca qui per ingrandire lo scatto<\/u><\/b><\/a>).<\/p>\n<p>Ana Laura, durante un'intervista, una volta, ha raccontato di non prendere pi\u00f9 l'aereo per viaggi lunghi perch\u00e9 non pu\u00f2 portare con s\u00e9 l'amato amico a quattro zampe. Non \u00e8 neanche tornata in <b>Brasile<\/b>, suo Paese d'origine, da quando il peloso cane \u00e8 nella sua vita. Un legame sconfinato quello che li lega. Marco Uzzo, suo futuro marito, dovr\u00e0 farsene una ragione, il cuore di Ana \u00e8 per met\u00e0 gi\u00e0 impegnato. E sar\u00e0 meglio munirsi di un bel letto a tre piazze.<\/p>\n","protected":false},"excerpt":{"rendered":"<p>Ha annunciato che in primavera sposer\u00e0 il fidanzato, l'editore Marco Uzzo. Ma nella vita di Ana Laura Ribas c'\u00e8 un altro grande amore: il suo cagnolino bianco. L'ex velina ha pubblicato su Twitter una sua foto a letto insieme al fido compagno. Sotto allo scatto cinguetta: \"Tanto sonno... Vado... anzi, andiamo a nanna... #BacioNotte. Che [&hellip;]<\/p>\n","protected":false},"author":1,"featured_media":93489,"comment_status":"closed","ping_status":"closed","sticky":false,"template":"","format":"standard","meta":{"footnotes":""},"categories":[54],"tags":[4857,26833,3297,1950,2097],"vip":[301,1227],"class_list":["post-37443","post","type-post","status-publish","format-standard","has-post-thumbnail","hentry","category-news","tag-brasile","tag-cagnolino","tag-gossip-tv","tag-matrimonio","tag-tv","vip-ana_laura_ribas","vip-marco_uzzo"],"yoast_head":"<title>Buona notte con il cane per Ana Laura - Gossip.it | News sul Gossip e VIP<\/title>\n<meta name=\"description\" content=\"Ha annunciato che in primavera sposer\u00e0 il fidanzato, l&#039;editore Marco Uzzo. Ma nella vita di Ana Laura Ribas c&#039;\u00e8 un altro grande amore: il suo cagnolino\" \/>\n<meta name=\"robots\" content=\"index, follow, max-snippet:-1, max-image-preview:large, max-video-preview:-1\" \/>\n<link rel=\"canonical\" href=\"https:\/\/www.gossip.it\/news\/buona-notte-con-il-cane-per-ana-laura\/\" \/>\n<meta property=\"og:locale\" content=\"it_IT\" \/>\n<meta property=\"og:type\" content=\"article\" \/>\n<meta property=\"og:title\" content=\"Buona notte con il cane per Ana Laura - Gossip.it | News sul Gossip e VIP\" \/>\n<meta property=\"og:description\" content=\"Ha annunciato che in primavera sposer\u00e0 il fidanzato, l&#039;editore Marco Uzzo. Ma nella vita di Ana Laura Ribas c&#039;\u00e8 un altro grande amore: il suo cagnolino\" \/>\n<meta property=\"og:url\" content=\"https:\/\/www.gossip.it\/news\/buona-notte-con-il-cane-per-ana-laura\/\" \/>\n<meta property=\"og:site_name\" content=\"Gossip.it | News sul Gossip e VIP\" \/>\n<meta property=\"article:publisher\" content=\"https:\/\/www.facebook.com\/GossipIT\" \/>\n<meta property=\"article:published_time\" content=\"2013-02-07T23:00:00+00:00\" \/>\n<meta property=\"og:image\" content=\"http:\/\/www.gossip.it\/images5\/1360324105_.jpg\" \/>\n<meta name=\"author\" content=\"La Redazione\" \/>\n<meta name=\"twitter:card\" content=\"summary_large_image\" \/>\n<meta name=\"twitter:image\" content=\"http:\/\/www.gossip.it\/images5\/1360324105_.jpg\" \/>\n<meta name=\"twitter:creator\" content=\"@gossinews_it\" \/>\n<meta name=\"twitter:site\" content=\"@gossinews_it\" \/>\n<meta name=\"twitter:label1\" content=\"Scritto da\" \/>\n\t<meta name=\"twitter:data1\" content=\"Francesca Romana Domenici\" \/>\n\t<meta name=\"twitter:label2\" content=\"Tempo di lettura stimato\" \/>\n\t<meta name=\"twitter:data2\" content=\"1 minuto\" \/>","yoast_head_json":{"title":"Buona notte con il cane per Ana Laura - Gossip.it | News sul Gossip e VIP","description":"Ha annunciato che in primavera sposer\u00e0 il fidanzato, l'editore Marco Uzzo. Ma nella vita di Ana Laura Ribas c'\u00e8 un altro grande amore: il suo cagnolino","robots":{"index":"index","follow":"follow","max-snippet":"max-snippet:-1","max-image-preview":"max-image-preview:large","max-video-preview":"max-video-preview:-1"},"canonical":"https:\/\/www.gossip.it\/news\/buona-notte-con-il-cane-per-ana-laura\/","og_locale":"it_IT","og_type":"article","og_title":"Buona notte con il cane per Ana Laura - Gossip.it | News sul Gossip e VIP","og_description":"Ha annunciato che in primavera sposer\u00e0 il fidanzato, l'editore Marco Uzzo. Ma nella vita di Ana Laura Ribas c'\u00e8 un altro grande amore: il suo cagnolino","og_url":"https:\/\/www.gossip.it\/news\/buona-notte-con-il-cane-per-ana-laura\/","og_site_name":"Gossip.it | News sul Gossip e VIP","article_publisher":"https:\/\/www.facebook.com\/GossipIT","article_published_time":"2013-02-07T23:00:00+00:00","og_image":[{"url":"http:\/\/www.gossip.it\/images5\/1360324105_.jpg"}],"author":"La Redazione","twitter_card":"summary_large_image","twitter_image":"http:\/\/www.gossip.it\/images5\/1360324105_.jpg","twitter_creator":"@gossinews_it","twitter_site":"@gossinews_it","twitter_misc":{"Scritto da":"Francesca Romana Domenici","Tempo di lettura stimato":"1 minuto"},"schema":{"@context":"https:\/\/schema.org","@graph":[{"@type":"Article","@id":"https:\/\/www.gossip.it\/news\/buona-notte-con-il-cane-per-ana-laura\/#article","isPartOf":{"@id":"https:\/\/www.gossip.it\/news\/buona-notte-con-il-cane-per-ana-laura\/"},"author":{"name":"La Redazione","@id":"https:\/\/www.gossip.it\/#\/schema\/person\/488896f75158bff1cc83c6c39d141110"},"headline":"Buona notte con il cane per Ana Laura","datePublished":"2013-02-07T23:00:00+00:00","dateModified":"2013-02-07T23:00:00+00:00","mainEntityOfPage":{"@id":"https:\/\/www.gossip.it\/news\/buona-notte-con-il-cane-per-ana-laura\/"},"wordCount":158,"publisher":{"@id":"https:\/\/www.gossip.it\/#organization"},"image":{"@id":"https:\/\/www.gossip.it\/news\/buona-notte-con-il-cane-per-ana-laura\/#primaryimage"},"thumbnailUrl":"http:\/\/www.gossip.it\/images5\/1360324105_.jpg","keywords":["brasile","cagnolino","gossip.tv","matrimonio","tv"],"articleSection":["News"],"inLanguage":"it-IT"},{"@type":"WebPage","@id":"https:\/\/www.gossip.it\/news\/buona-notte-con-il-cane-per-ana-laura\/","url":"https:\/\/www.gossip.it\/news\/buona-notte-con-il-cane-per-ana-laura\/","name":"Buona notte con il cane per Ana Laura - Gossip.it | News sul Gossip e VIP","isPartOf":{"@id":"https:\/\/www.gossip.it\/#website"},"primaryImageOfPage":{"@id":"https:\/\/www.gossip.it\/news\/buona-notte-con-il-cane-per-ana-laura\/#primaryimage"},"image":{"@id":"https:\/\/www.gossip.it\/news\/buona-notte-con-il-cane-per-ana-laura\/#primaryimage"},"thumbnailUrl":"http:\/\/www.gossip.it\/images5\/1360324105_.jpg","datePublished":"2013-02-07T23:00:00+00:00","dateModified":"2013-02-07T23:00:00+00:00","description":"Ha annunciato che in primavera sposer\u00e0 il fidanzato, l'editore Marco Uzzo. Ma nella vita di Ana Laura Ribas c'\u00e8 un altro grande amore: il suo cagnolino","breadcrumb":{"@id":"https:\/\/www.gossip.it\/news\/buona-notte-con-il-cane-per-ana-laura\/#breadcrumb"},"inLanguage":"it-IT","potentialAction":[{"@type":"ReadAction","target":["https:\/\/www.gossip.it\/news\/buona-notte-con-il-cane-per-ana-laura\/"]}]},{"@type":"ImageObject","inLanguage":"it-IT","@id":"https:\/\/www.gossip.it\/news\/buona-notte-con-il-cane-per-ana-laura\/#primaryimage","url":"http:\/\/www.gossip.it\/images5\/1360324105_.jpg","contentUrl":"http:\/\/www.gossip.it\/images5\/1360324105_.jpg"},{"@type":"BreadcrumbList","@id":"https:\/\/www.gossip.it\/news\/buona-notte-con-il-cane-per-ana-laura\/#breadcrumb","itemListElement":[{"@type":"ListItem","position":1,"name":"Home","item":"https:\/\/www.gossip.it\/"},{"@type":"ListItem","position":2,"name":"Buona notte con il cane per Ana Laura"}]},{"@type":"WebSite","@id":"https:\/\/www.gossip.it\/#website","url":"https:\/\/www.gossip.it\/","name":"Gossip and VIP News","description":"Quotidiano di cronaca rosa, costume e societ\u00e0","publisher":{"@id":"https:\/\/www.gossip.it\/#organization"},"alternateName":"Gossip and VIP News","potentialAction":[{"@type":"SearchAction","target":{"@type":"EntryPoint","urlTemplate":"https:\/\/www.gossip.it\/?s={search_term_string}"},"query-input":{"@type":"PropertyValueSpecification","valueRequired":true,"valueName":"search_term_string"}}],"inLanguage":"it-IT"},{"@type":"Organization","@id":"https:\/\/www.gossip.it\/#organization","name":"Gossip and VIP News","alternateName":"Gossip News","url":"https:\/\/www.gossip.it\/","logo":{"@type":"ImageObject","inLanguage":"it-IT","@id":"https:\/\/www.gossip.it\/#\/schema\/logo\/image\/","url":"https:\/\/www.gossip.it\/wp-content\/uploads\/2022\/04\/cropped-corna-alta-tiny.png","contentUrl":"https:\/\/www.gossip.it\/wp-content\/uploads\/2022\/04\/cropped-corna-alta-tiny.png","width":512,"height":512,"caption":"Gossip and VIP News"},"image":{"@id":"https:\/\/www.gossip.it\/#\/schema\/logo\/image\/"},"sameAs":["https:\/\/www.facebook.com\/GossipIT","https:\/\/x.com\/gossinews_it","https:\/\/instagram.com\/gossip_it"]},{"@type":"Person","@id":"https:\/\/www.gossip.it\/#\/schema\/person\/488896f75158bff1cc83c6c39d141110","name":"La Redazione","image":{"@type":"ImageObject","inLanguage":"it-IT","@id":"https:\/\/www.gossip.it\/#\/schema\/person\/image\/","url":"https:\/\/secure.gravatar.com\/avatar\/5a5f5c6fa3e6700e4249abdad0263a1e94e927d9e0499b1cb09c1cd29c044d80?s=96&d=mm&r=g","contentUrl":"https:\/\/secure.gravatar.com\/avatar\/5a5f5c6fa3e6700e4249abdad0263a1e94e927d9e0499b1cb09c1cd29c044d80?s=96&d=mm&r=g","caption":"La Redazione"},"sameAs":["https:\/\/www.gossip.it"]}]}},"amp_enabled":true,"_links":{"self":[{"href":"https:\/\/www.gossip.it\/api\/wp\/v2\/posts\/37443","targetHints":{"allow":["GET"]}}],"collection":[{"href":"https:\/\/www.gossip.it\/api\/wp\/v2\/posts"}],"about":[{"href":"https:\/\/www.gossip.it\/api\/wp\/v2\/types\/post"}],"author":[{"embeddable":true,"href":"https:\/\/www.gossip.it\/api\/wp\/v2\/users\/1"}],"replies":[{"embeddable":true,"href":"https:\/\/www.gossip.it\/api\/wp\/v2\/comments?post=37443"}],"version-history":[{"count":0,"href":"https:\/\/www.gossip.it\/api\/wp\/v2\/posts\/37443\/revisions"}],"wp:featuredmedia":[{"embeddable":true,"href":"https:\/\/www.gossip.it\/api\/wp\/v2\/media\/93489"}],"wp:attachment":[{"href":"https:\/\/www.gossip.it\/api\/wp\/v2\/media?parent=37443"}],"wp:term":[{"taxonomy":"category","embeddable":true,"href":"https:\/\/www.gossip.it\/api\/wp\/v2\/categories?post=37443"},{"taxonomy":"post_tag","embeddable":true,"href":"https:\/\/www.gossip.it\/api\/wp\/v2\/tags?post=37443"},{"taxonomy":"vip","embeddable":true,"href":"https:\/\/www.gossip.it\/api\/wp\/v2\/vip?post=37443"}],"curies":[{"name":"wp","href":"https:\/\/api.w.org\/{rel}","templated":true}]}}