{"id":37587,"date":"2013-02-14T00:00:00","date_gmt":"2013-02-13T23:00:00","guid":{"rendered":"https:\/\/www.gossip.it\/senza-categoria\/fabrizio-frizzi-e-una-bambina\/"},"modified":"2013-02-14T00:00:00","modified_gmt":"2013-02-13T23:00:00","slug":"fabrizio-frizzi-e-una-bambina","status":"publish","type":"post","link":"https:\/\/www.gossip.it\/news\/fabrizio-frizzi-e-una-bambina\/","title":{"rendered":"Fabrizio Frizzi: &quot;E' una bambina&quot;"},"content":{"rendered":"<p>Non smette di essere felice. A 55 anni diventer\u00e0 padre per la prima volta. <a href=\"http:\/\/www.gossip.it\/news\/monografia.php?keyword=Fabrizio Frizzi\">Fabrizio Frizzi<\/a> torna a parlare della cicogna in volo sulle pagine di <b>Vanity Fair<\/b>.<br \/>\n<em>\"Pensavo non capitasse pi\u00f9: un figlio, a 55 anni. E invece \u00e8 arrivato in piena estate, a Ferragosto, negli unici tre giorni di vacanza che ci eravamo presi. In Romagna, terra di mio padre. Lo stavamo cercando, lo desideravamo da qualche mese. <b>Nascer\u00e0 in primavera. Sar\u00e0 una bambina<\/b>\"<\/em>.<\/p>\n<p>Il pancione di mamma <a href=\"http:\/\/www.gossip.it\/news\/monografia.php?keyword=Carlotta Mantovan\">Carlotta Mantovan<\/a>, giornalista <b>Sky<\/b>, cresce: a maggio il parto.<em> \"<b>Mi piace credere sia la \u201cgiusta ricompensa\u201d per essermi comportato bene nella vita<\/b><\/em> - spiega il conduttore Rai - <em>Ci avevo quasi rinunciato, ero sceso a patti con l\u2019idea che tra tante soddisfazioni questa mi sarebbe rimasta preclusa\"<\/em>. Invece il desiderio si \u00e8 avverato: <em>\"Accade una cosa strana: aspetto lei, e penso intensamente ai miei genitori scomparsi, come potessi guardare finalmente dalla loro parte, mentre prima non ci riuscivo. Non posso pi\u00f9 rendere loro omaggio, cercher\u00f2 di rimediare <b>facendo il bravo padre<\/b>\"<\/em>.<\/p>\n<p>Frizzi insieme alla compagna si stanno preparando all'arrivo della beb\u00e8: <em>\"<b>Stiamo leggendo molti libri. Spiegano come decifrare i pianti, i singhiozzi. Aiutano ad avere meno incertezze<\/b>. Non so nemmeno come si tiene in braccio un neonato\"<\/em>. Non sar\u00e0 un pap\u00e0 giovanissimo: <em>\"Per me, l\u2019arrivo di mia figlia \u00e8 stato una schicchera, una botta, di entusiasmo e morte. Avremo un tempo condensato. Le parler\u00f2 dal primo giorno. Non voglio che scopra chi era suo padre dopo che me ne sar\u00f2 andato. Gi\u00e0 da adesso, cerco di fissare ogni attimo: scrivo, fotografo\"<\/em>. Tutto per questa bimba che per scaramanzia non ha ancora un nome.<\/p>\n","protected":false},"excerpt":{"rendered":"<p>Non smette di essere felice. A 55 anni diventer\u00e0 padre per la prima volta. Fabrizio Frizzi torna a parlare della cicogna in volo sulle pagine di Vanity Fair. \"Pensavo non capitasse pi\u00f9: un figlio, a 55 anni. E invece \u00e8 arrivato in piena estate, a Ferragosto, negli unici tre giorni di vacanza che ci eravamo [&hellip;]<\/p>\n","protected":false},"author":1,"featured_media":93633,"comment_status":"closed","ping_status":"closed","sticky":false,"template":"","format":"standard","meta":{"footnotes":""},"categories":[54],"tags":[6288,4548,2102,2094,2568],"vip":[448,721],"class_list":["post-37587","post","type-post","status-publish","format-standard","has-post-thumbnail","hentry","category-news","tag-bebe-in-arrivo","tag-cicogna","tag-dichiarazioni","tag-incinta","tag-protagonisti","vip-carlotta_mantovan","vip-fabrizio_frizzi"],"yoast_head":"<title>Fabrizio Frizzi: &quot;E&#039; una bambina&quot; - Gossip.it | News sul Gossip e VIP<\/title>\n<meta name=\"description\" content=\"Non smette di essere felice. A 55 anni diventer\u00e0 padre per la prima volta. Fabrizio Frizzi torna a parlare della cicogna in volo sulle pagine di Vanity\" \/>\n<meta name=\"robots\" content=\"index, follow, max-snippet:-1, max-image-preview:large, max-video-preview:-1\" \/>\n<link rel=\"canonical\" href=\"https:\/\/www.gossip.it\/news\/fabrizio-frizzi-e-una-bambina\/\" \/>\n<meta property=\"og:locale\" content=\"it_IT\" \/>\n<meta property=\"og:type\" content=\"article\" \/>\n<meta property=\"og:title\" content=\"Fabrizio Frizzi: &quot;E&#039; una bambina&quot; - Gossip.it | News sul Gossip e VIP\" \/>\n<meta property=\"og:description\" content=\"Non smette di essere felice. A 55 anni diventer\u00e0 padre per la prima volta. Fabrizio Frizzi torna a parlare della cicogna in volo sulle pagine di Vanity\" \/>\n<meta property=\"og:url\" content=\"https:\/\/www.gossip.it\/news\/fabrizio-frizzi-e-una-bambina\/\" \/>\n<meta property=\"og:site_name\" content=\"Gossip.it | News sul Gossip e VIP\" \/>\n<meta property=\"article:publisher\" content=\"https:\/\/www.facebook.com\/GossipIT\" \/>\n<meta property=\"article:published_time\" content=\"2013-02-13T23:00:00+00:00\" \/>\n<meta property=\"og:image\" content=\"http:\/\/www.gossip.it\/images5\/1360850428_.jpg\" \/>\n<meta name=\"author\" content=\"La Redazione\" \/>\n<meta name=\"twitter:card\" content=\"summary_large_image\" \/>\n<meta name=\"twitter:image\" content=\"http:\/\/www.gossip.it\/images5\/1360850428_.jpg\" \/>\n<meta name=\"twitter:creator\" content=\"@gossinews_it\" \/>\n<meta name=\"twitter:site\" content=\"@gossinews_it\" \/>\n<meta name=\"twitter:label1\" content=\"Scritto da\" \/>\n\t<meta name=\"twitter:data1\" content=\"La Redazione\" \/>\n\t<meta name=\"twitter:label2\" content=\"Tempo di lettura stimato\" \/>\n\t<meta name=\"twitter:data2\" content=\"1 minuto\" \/>","yoast_head_json":{"title":"Fabrizio Frizzi: &quot;E' una bambina&quot; - Gossip.it | News sul Gossip e VIP","description":"Non smette di essere felice. A 55 anni diventer\u00e0 padre per la prima volta. Fabrizio Frizzi torna a parlare della cicogna in volo sulle pagine di Vanity","robots":{"index":"index","follow":"follow","max-snippet":"max-snippet:-1","max-image-preview":"max-image-preview:large","max-video-preview":"max-video-preview:-1"},"canonical":"https:\/\/www.gossip.it\/news\/fabrizio-frizzi-e-una-bambina\/","og_locale":"it_IT","og_type":"article","og_title":"Fabrizio Frizzi: &quot;E' una bambina&quot; - Gossip.it | News sul Gossip e VIP","og_description":"Non smette di essere felice. A 55 anni diventer\u00e0 padre per la prima volta. Fabrizio Frizzi torna a parlare della cicogna in volo sulle pagine di Vanity","og_url":"https:\/\/www.gossip.it\/news\/fabrizio-frizzi-e-una-bambina\/","og_site_name":"Gossip.it | News sul Gossip e VIP","article_publisher":"https:\/\/www.facebook.com\/GossipIT","article_published_time":"2013-02-13T23:00:00+00:00","og_image":[{"url":"http:\/\/www.gossip.it\/images5\/1360850428_.jpg"}],"author":"La Redazione","twitter_card":"summary_large_image","twitter_image":"http:\/\/www.gossip.it\/images5\/1360850428_.jpg","twitter_creator":"@gossinews_it","twitter_site":"@gossinews_it","twitter_misc":{"Scritto da":"La Redazione","Tempo di lettura stimato":"1 minuto"},"schema":{"@context":"https:\/\/schema.org","@graph":[{"@type":"Article","@id":"https:\/\/www.gossip.it\/news\/fabrizio-frizzi-e-una-bambina\/#article","isPartOf":{"@id":"https:\/\/www.gossip.it\/news\/fabrizio-frizzi-e-una-bambina\/"},"author":{"name":"La Redazione","@id":"https:\/\/www.gossip.it\/#\/schema\/person\/488896f75158bff1cc83c6c39d141110"},"headline":"Fabrizio Frizzi: &quot;E' una bambina&quot;","datePublished":"2013-02-13T23:00:00+00:00","dateModified":"2013-02-13T23:00:00+00:00","mainEntityOfPage":{"@id":"https:\/\/www.gossip.it\/news\/fabrizio-frizzi-e-una-bambina\/"},"wordCount":278,"publisher":{"@id":"https:\/\/www.gossip.it\/#organization"},"image":{"@id":"https:\/\/www.gossip.it\/news\/fabrizio-frizzi-e-una-bambina\/#primaryimage"},"thumbnailUrl":"http:\/\/www.gossip.it\/images5\/1360850428_.jpg","keywords":["beb\u00e8 in arrivo","cicogna","dichiarazioni","incinta","protagonisti"],"articleSection":["News"],"inLanguage":"it-IT"},{"@type":"WebPage","@id":"https:\/\/www.gossip.it\/news\/fabrizio-frizzi-e-una-bambina\/","url":"https:\/\/www.gossip.it\/news\/fabrizio-frizzi-e-una-bambina\/","name":"Fabrizio Frizzi: &quot;E' una bambina&quot; - Gossip.it | News sul Gossip e VIP","isPartOf":{"@id":"https:\/\/www.gossip.it\/#website"},"primaryImageOfPage":{"@id":"https:\/\/www.gossip.it\/news\/fabrizio-frizzi-e-una-bambina\/#primaryimage"},"image":{"@id":"https:\/\/www.gossip.it\/news\/fabrizio-frizzi-e-una-bambina\/#primaryimage"},"thumbnailUrl":"http:\/\/www.gossip.it\/images5\/1360850428_.jpg","datePublished":"2013-02-13T23:00:00+00:00","dateModified":"2013-02-13T23:00:00+00:00","description":"Non smette di essere felice. A 55 anni diventer\u00e0 padre per la prima volta. Fabrizio Frizzi torna a parlare della cicogna in volo sulle pagine di Vanity","breadcrumb":{"@id":"https:\/\/www.gossip.it\/news\/fabrizio-frizzi-e-una-bambina\/#breadcrumb"},"inLanguage":"it-IT","potentialAction":[{"@type":"ReadAction","target":["https:\/\/www.gossip.it\/news\/fabrizio-frizzi-e-una-bambina\/"]}]},{"@type":"ImageObject","inLanguage":"it-IT","@id":"https:\/\/www.gossip.it\/news\/fabrizio-frizzi-e-una-bambina\/#primaryimage","url":"http:\/\/www.gossip.it\/images5\/1360850428_.jpg","contentUrl":"http:\/\/www.gossip.it\/images5\/1360850428_.jpg"},{"@type":"BreadcrumbList","@id":"https:\/\/www.gossip.it\/news\/fabrizio-frizzi-e-una-bambina\/#breadcrumb","itemListElement":[{"@type":"ListItem","position":1,"name":"Home","item":"https:\/\/www.gossip.it\/"},{"@type":"ListItem","position":2,"name":"Fabrizio Frizzi: &quot;E' una bambina&quot;"}]},{"@type":"WebSite","@id":"https:\/\/www.gossip.it\/#website","url":"https:\/\/www.gossip.it\/","name":"Gossip and VIP News","description":"Quotidiano di cronaca rosa, costume e societ\u00e0","publisher":{"@id":"https:\/\/www.gossip.it\/#organization"},"alternateName":"Gossip and VIP News","potentialAction":[{"@type":"SearchAction","target":{"@type":"EntryPoint","urlTemplate":"https:\/\/www.gossip.it\/?s={search_term_string}"},"query-input":{"@type":"PropertyValueSpecification","valueRequired":true,"valueName":"search_term_string"}}],"inLanguage":"it-IT"},{"@type":"Organization","@id":"https:\/\/www.gossip.it\/#organization","name":"Gossip and VIP News","alternateName":"Gossip News","url":"https:\/\/www.gossip.it\/","logo":{"@type":"ImageObject","inLanguage":"it-IT","@id":"https:\/\/www.gossip.it\/#\/schema\/logo\/image\/","url":"https:\/\/www.gossip.it\/wp-content\/uploads\/2022\/04\/cropped-corna-alta-tiny.png","contentUrl":"https:\/\/www.gossip.it\/wp-content\/uploads\/2022\/04\/cropped-corna-alta-tiny.png","width":512,"height":512,"caption":"Gossip and VIP News"},"image":{"@id":"https:\/\/www.gossip.it\/#\/schema\/logo\/image\/"},"sameAs":["https:\/\/www.facebook.com\/GossipIT","https:\/\/x.com\/gossinews_it","https:\/\/instagram.com\/gossip_it"]},{"@type":"Person","@id":"https:\/\/www.gossip.it\/#\/schema\/person\/488896f75158bff1cc83c6c39d141110","name":"La Redazione","image":{"@type":"ImageObject","inLanguage":"it-IT","@id":"https:\/\/www.gossip.it\/#\/schema\/person\/image\/","url":"https:\/\/secure.gravatar.com\/avatar\/5a5f5c6fa3e6700e4249abdad0263a1e94e927d9e0499b1cb09c1cd29c044d80?s=96&d=mm&r=g","contentUrl":"https:\/\/secure.gravatar.com\/avatar\/5a5f5c6fa3e6700e4249abdad0263a1e94e927d9e0499b1cb09c1cd29c044d80?s=96&d=mm&r=g","caption":"La Redazione"},"sameAs":["https:\/\/www.gossip.it"]}]}},"amp_enabled":true,"_links":{"self":[{"href":"https:\/\/www.gossip.it\/api\/wp\/v2\/posts\/37587","targetHints":{"allow":["GET"]}}],"collection":[{"href":"https:\/\/www.gossip.it\/api\/wp\/v2\/posts"}],"about":[{"href":"https:\/\/www.gossip.it\/api\/wp\/v2\/types\/post"}],"author":[{"embeddable":true,"href":"https:\/\/www.gossip.it\/api\/wp\/v2\/users\/1"}],"replies":[{"embeddable":true,"href":"https:\/\/www.gossip.it\/api\/wp\/v2\/comments?post=37587"}],"version-history":[{"count":0,"href":"https:\/\/www.gossip.it\/api\/wp\/v2\/posts\/37587\/revisions"}],"wp:featuredmedia":[{"embeddable":true,"href":"https:\/\/www.gossip.it\/api\/wp\/v2\/media\/93633"}],"wp:attachment":[{"href":"https:\/\/www.gossip.it\/api\/wp\/v2\/media?parent=37587"}],"wp:term":[{"taxonomy":"category","embeddable":true,"href":"https:\/\/www.gossip.it\/api\/wp\/v2\/categories?post=37587"},{"taxonomy":"post_tag","embeddable":true,"href":"https:\/\/www.gossip.it\/api\/wp\/v2\/tags?post=37587"},{"taxonomy":"vip","embeddable":true,"href":"https:\/\/www.gossip.it\/api\/wp\/v2\/vip?post=37587"}],"curies":[{"name":"wp","href":"https:\/\/api.w.org\/{rel}","templated":true}]}}