{"id":38111,"date":"2013-03-11T00:00:00","date_gmt":"2013-03-10T23:00:00","guid":{"rendered":"https:\/\/www.gossip.it\/senza-categoria\/chiara-galiazzo-non-mi-piaccio\/"},"modified":"2013-03-11T00:00:00","modified_gmt":"2013-03-10T23:00:00","slug":"chiara-galiazzo-non-mi-piaccio","status":"publish","type":"post","link":"https:\/\/www.gossip.it\/news\/chiara-galiazzo-non-mi-piaccio\/","title":{"rendered":"Chiara Galiazzo: 'Non mi piaccio'"},"content":{"rendered":"<p>E' arrivata ottava al <b>Festival di Sanremo<\/b> con \"Il futuro che sar\u00e0\". <a href=\"http:\/\/www.gossip.it\/news\/monografia.php?keyword=Chiara Galiazzo\">Chiara Galiazzo<\/a>, vincitrice di <b>\"X Factor\"<\/b>, ha rilasciato una lunga intervista a <em>DiPi\u00f9<\/em>.<br \/>\nLa star nascente nel firmamento della musica italiana sta bene solo quando canta: <em>\"Negli altri momenti<\/em> - afferma - <em>sono sempre un po' a disagio\"<\/em>.<\/p>\n<p><b>Non si piace molto Chiara<\/b> e rivela: <em>\"<b>Non ho un grande rapporto con il mio corpo<\/b>. E' sempre stato cos\u00ec, sin da adolescente\"<\/em>. <em>\"Ci sono alcune insicurezze radicate in ognuno di uno<\/em> - spiega - <em>Come ho gi\u00e0 detto, sin da quando ero adolescente ho avuto il complesso dell'aspetto fisico, tanto che all'epoca indossavo sempre abiti pi\u00f9 larghi per 'nascondermi'. Adesso sono scresciuta, mi accetto di pi\u00f9, ma alcune fissazioni e insicurezze mi sono rimaste: per esempio, <b>non amo indossare i pantaloni, preferisco sempre la gonna. E poi non amo vedermi in foto, tanto che sui giornali quando vedo una mia immagine giro pagina<\/b>. Butto giusto una occhiata e poi giro: sto imparando a vedermi sui giornali, ma mi ci devo abituare\"<\/em>. <em>\"L'unico momento in cui supero tutte le insicurezze \u00e8 quando canto\"<\/em>, ribadisce la Galiazzo. <em>\"E' sempre stato cos\u00ec<\/em> - prosegue - <em>la musica \u00e8 sempre stata il mio rifugio. Da ragazzina passavo ore e ore chiusa in casa a imparare a suonare la chitarra e a cantare. E questo non perch\u00e9 non avessi amici, sia ben chiaro, ma perch\u00e9 cantare mi \u00e8 sempre piaciuto, mi faceva sentire pi\u00f9 sicura e... anche perch\u00e9 <b>sono da sempre un po' pantofolaia<\/b>. Anche adesso mi piace stare a casa a cantare i a guardare film in tv. Da adolescente avevo iniziato a cantare ai matrimoni. Ed'\u00e8 stato in quelle occasioni che ho capito quanto cantare mi facesse stare bene; nel mio comune, Saonara, si era diffusa la voce che lo sapevo fare, cos\u00ec mi chiamavano spesso. E ogni volta per me era una gioia\"<\/em>.<\/p>\n<p><em>\"<b>Non mi sono mai considerata bella<\/b><\/em> - dichiara Chiara - <em><b>e ho sempre pensato di avere una faccia... diciamo 'strana'<\/b>. Da adolescente ho vissuto, un po' come tutte le ragazze, un periodo difficile, durante il quale il corpo cambia e tu non sai ancora bene cosa diventa. Poi, con gli anni, ho imparato ad accettarmi, ma non \u00e8 stato facile. Anzi, diciamo che sto ancora imparando ad accettarmi, che alcune insicurezze sono rimaste. L'unico momento in cui passano, ripeto, \u00e8 quando canto\"<\/em>. <em>\"Alla fin<\/em>e - continua - <em>sono 'paranoie' che noi donne ci teniamo per sempre... ma per fortuna, perch\u00e9 altrimenti che cosa faremmo?\"<\/em>.<\/p>\n<p>La Galiazzo ha anche rivelato di essere stata rifiutata, a tre anni, dallo <b>Zecchino D'Oro<\/b> perch\u00e9 era troppo piccola.<\/p>\n","protected":false},"excerpt":{"rendered":"<p>E' arrivata ottava al Festival di Sanremo con \"Il futuro che sar\u00e0\". Chiara Galiazzo, vincitrice di \"X Factor\", ha rilasciato una lunga intervista a DiPi\u00f9. La star nascente nel firmamento della musica italiana sta bene solo quando canta: \"Negli altri momenti - afferma - sono sempre un po' a disagio\". Non si piace molto Chiara [&hellip;]<\/p>\n","protected":false},"author":1,"featured_media":94157,"comment_status":"closed","ping_status":"closed","sticky":false,"template":"","format":"standard","meta":{"footnotes":""},"categories":[54],"tags":[2880,1981,7735,3357,6460,14716,3297,2408,41585,2582,2097],"vip":[],"class_list":["post-38111","post","type-post","status-publish","format-standard","has-post-thumbnail","hentry","category-news","tag-bellezza","tag-cantante","tag-chiara-galiazzo","tag-corpo","tag-festiva","tag-gossip-musica","tag-gossip-tv","tag-musica","tag-s-factor","tag-sanremo","tag-tv"],"yoast_head":"<title>Chiara Galiazzo: &#039;Non mi piaccio&#039; - Gossip.it | News sul Gossip e VIP<\/title>\n<meta name=\"description\" content=\"E&#039; arrivata ottava al Festival di Sanremo con &quot;Il futuro che sar\u00e0&quot;. Chiara Galiazzo, vincitrice di &quot;X Factor&quot;, ha rilasciato una lunga intervista a DiPi\u00f9.\" \/>\n<meta name=\"robots\" content=\"index, follow, max-snippet:-1, max-image-preview:large, max-video-preview:-1\" \/>\n<link rel=\"canonical\" href=\"https:\/\/www.gossip.it\/news\/chiara-galiazzo-non-mi-piaccio\/\" \/>\n<meta property=\"og:locale\" content=\"it_IT\" \/>\n<meta property=\"og:type\" content=\"article\" \/>\n<meta property=\"og:title\" content=\"Chiara Galiazzo: &#039;Non mi piaccio&#039; - Gossip.it | News sul Gossip e VIP\" \/>\n<meta property=\"og:description\" content=\"E&#039; arrivata ottava al Festival di Sanremo con &quot;Il futuro che sar\u00e0&quot;. Chiara Galiazzo, vincitrice di &quot;X Factor&quot;, ha rilasciato una lunga intervista a DiPi\u00f9.\" \/>\n<meta property=\"og:url\" content=\"https:\/\/www.gossip.it\/news\/chiara-galiazzo-non-mi-piaccio\/\" \/>\n<meta property=\"og:site_name\" content=\"Gossip.it | News sul Gossip e VIP\" \/>\n<meta property=\"article:publisher\" content=\"https:\/\/www.facebook.com\/GossipIT\" \/>\n<meta property=\"article:published_time\" content=\"2013-03-10T23:00:00+00:00\" \/>\n<meta property=\"og:image\" content=\"http:\/\/www.gossip.it\/images5\/1363010536_.jpg\" \/>\n<meta name=\"author\" content=\"La Redazione\" \/>\n<meta name=\"twitter:card\" content=\"summary_large_image\" \/>\n<meta name=\"twitter:image\" content=\"http:\/\/www.gossip.it\/images5\/1363010536_.jpg\" \/>\n<meta name=\"twitter:creator\" content=\"@gossinews_it\" \/>\n<meta name=\"twitter:site\" content=\"@gossinews_it\" \/>\n<meta name=\"twitter:label1\" content=\"Scritto da\" \/>\n\t<meta name=\"twitter:data1\" content=\"La Redazione\" \/>\n\t<meta name=\"twitter:label2\" content=\"Tempo di lettura stimato\" \/>\n\t<meta name=\"twitter:data2\" content=\"2 minuti\" \/>","yoast_head_json":{"title":"Chiara Galiazzo: 'Non mi piaccio' - Gossip.it | News sul Gossip e VIP","description":"E' arrivata ottava al Festival di Sanremo con \"Il futuro che sar\u00e0\". Chiara Galiazzo, vincitrice di \"X Factor\", ha rilasciato una lunga intervista a DiPi\u00f9.","robots":{"index":"index","follow":"follow","max-snippet":"max-snippet:-1","max-image-preview":"max-image-preview:large","max-video-preview":"max-video-preview:-1"},"canonical":"https:\/\/www.gossip.it\/news\/chiara-galiazzo-non-mi-piaccio\/","og_locale":"it_IT","og_type":"article","og_title":"Chiara Galiazzo: 'Non mi piaccio' - Gossip.it | News sul Gossip e VIP","og_description":"E' arrivata ottava al Festival di Sanremo con \"Il futuro che sar\u00e0\". Chiara Galiazzo, vincitrice di \"X Factor\", ha rilasciato una lunga intervista a DiPi\u00f9.","og_url":"https:\/\/www.gossip.it\/news\/chiara-galiazzo-non-mi-piaccio\/","og_site_name":"Gossip.it | News sul Gossip e VIP","article_publisher":"https:\/\/www.facebook.com\/GossipIT","article_published_time":"2013-03-10T23:00:00+00:00","og_image":[{"url":"http:\/\/www.gossip.it\/images5\/1363010536_.jpg"}],"author":"La Redazione","twitter_card":"summary_large_image","twitter_image":"http:\/\/www.gossip.it\/images5\/1363010536_.jpg","twitter_creator":"@gossinews_it","twitter_site":"@gossinews_it","twitter_misc":{"Scritto da":"La Redazione","Tempo di lettura stimato":"2 minuti"},"schema":{"@context":"https:\/\/schema.org","@graph":[{"@type":"Article","@id":"https:\/\/www.gossip.it\/news\/chiara-galiazzo-non-mi-piaccio\/#article","isPartOf":{"@id":"https:\/\/www.gossip.it\/news\/chiara-galiazzo-non-mi-piaccio\/"},"author":{"name":"La Redazione","@id":"https:\/\/www.gossip.it\/#\/schema\/person\/488896f75158bff1cc83c6c39d141110"},"headline":"Chiara Galiazzo: 'Non mi piaccio'","datePublished":"2013-03-10T23:00:00+00:00","dateModified":"2013-03-10T23:00:00+00:00","mainEntityOfPage":{"@id":"https:\/\/www.gossip.it\/news\/chiara-galiazzo-non-mi-piaccio\/"},"wordCount":440,"publisher":{"@id":"https:\/\/www.gossip.it\/#organization"},"image":{"@id":"https:\/\/www.gossip.it\/news\/chiara-galiazzo-non-mi-piaccio\/#primaryimage"},"thumbnailUrl":"http:\/\/www.gossip.it\/images5\/1363010536_.jpg","keywords":["bellezza","cantante","chiara galiazzo","corpo","festiva","gossip musica","gossip.tv","musica","s factor","sanremo","tv"],"articleSection":["News"],"inLanguage":"it-IT"},{"@type":"WebPage","@id":"https:\/\/www.gossip.it\/news\/chiara-galiazzo-non-mi-piaccio\/","url":"https:\/\/www.gossip.it\/news\/chiara-galiazzo-non-mi-piaccio\/","name":"Chiara Galiazzo: 'Non mi piaccio' - Gossip.it | News sul Gossip e VIP","isPartOf":{"@id":"https:\/\/www.gossip.it\/#website"},"primaryImageOfPage":{"@id":"https:\/\/www.gossip.it\/news\/chiara-galiazzo-non-mi-piaccio\/#primaryimage"},"image":{"@id":"https:\/\/www.gossip.it\/news\/chiara-galiazzo-non-mi-piaccio\/#primaryimage"},"thumbnailUrl":"http:\/\/www.gossip.it\/images5\/1363010536_.jpg","datePublished":"2013-03-10T23:00:00+00:00","dateModified":"2013-03-10T23:00:00+00:00","description":"E' arrivata ottava al Festival di Sanremo con \"Il futuro che sar\u00e0\". Chiara Galiazzo, vincitrice di \"X Factor\", ha rilasciato una lunga intervista a DiPi\u00f9.","breadcrumb":{"@id":"https:\/\/www.gossip.it\/news\/chiara-galiazzo-non-mi-piaccio\/#breadcrumb"},"inLanguage":"it-IT","potentialAction":[{"@type":"ReadAction","target":["https:\/\/www.gossip.it\/news\/chiara-galiazzo-non-mi-piaccio\/"]}]},{"@type":"ImageObject","inLanguage":"it-IT","@id":"https:\/\/www.gossip.it\/news\/chiara-galiazzo-non-mi-piaccio\/#primaryimage","url":"http:\/\/www.gossip.it\/images5\/1363010536_.jpg","contentUrl":"http:\/\/www.gossip.it\/images5\/1363010536_.jpg"},{"@type":"BreadcrumbList","@id":"https:\/\/www.gossip.it\/news\/chiara-galiazzo-non-mi-piaccio\/#breadcrumb","itemListElement":[{"@type":"ListItem","position":1,"name":"Home","item":"https:\/\/www.gossip.it\/"},{"@type":"ListItem","position":2,"name":"Chiara Galiazzo: 'Non mi piaccio'"}]},{"@type":"WebSite","@id":"https:\/\/www.gossip.it\/#website","url":"https:\/\/www.gossip.it\/","name":"Gossip and VIP News","description":"Quotidiano di cronaca rosa, costume e societ\u00e0","publisher":{"@id":"https:\/\/www.gossip.it\/#organization"},"alternateName":"Gossip and VIP News","potentialAction":[{"@type":"SearchAction","target":{"@type":"EntryPoint","urlTemplate":"https:\/\/www.gossip.it\/?s={search_term_string}"},"query-input":{"@type":"PropertyValueSpecification","valueRequired":true,"valueName":"search_term_string"}}],"inLanguage":"it-IT"},{"@type":"Organization","@id":"https:\/\/www.gossip.it\/#organization","name":"Gossip and VIP News","alternateName":"Gossip News","url":"https:\/\/www.gossip.it\/","logo":{"@type":"ImageObject","inLanguage":"it-IT","@id":"https:\/\/www.gossip.it\/#\/schema\/logo\/image\/","url":"https:\/\/www.gossip.it\/wp-content\/uploads\/2022\/04\/cropped-corna-alta-tiny.png","contentUrl":"https:\/\/www.gossip.it\/wp-content\/uploads\/2022\/04\/cropped-corna-alta-tiny.png","width":512,"height":512,"caption":"Gossip and VIP News"},"image":{"@id":"https:\/\/www.gossip.it\/#\/schema\/logo\/image\/"},"sameAs":["https:\/\/www.facebook.com\/GossipIT","https:\/\/x.com\/gossinews_it","https:\/\/instagram.com\/gossip_it"]},{"@type":"Person","@id":"https:\/\/www.gossip.it\/#\/schema\/person\/488896f75158bff1cc83c6c39d141110","name":"La Redazione","image":{"@type":"ImageObject","inLanguage":"it-IT","@id":"https:\/\/www.gossip.it\/#\/schema\/person\/image\/","url":"https:\/\/secure.gravatar.com\/avatar\/5a5f5c6fa3e6700e4249abdad0263a1e94e927d9e0499b1cb09c1cd29c044d80?s=96&d=mm&r=g","contentUrl":"https:\/\/secure.gravatar.com\/avatar\/5a5f5c6fa3e6700e4249abdad0263a1e94e927d9e0499b1cb09c1cd29c044d80?s=96&d=mm&r=g","caption":"La Redazione"},"sameAs":["https:\/\/www.gossip.it"]}]}},"amp_enabled":true,"_links":{"self":[{"href":"https:\/\/www.gossip.it\/api\/wp\/v2\/posts\/38111","targetHints":{"allow":["GET"]}}],"collection":[{"href":"https:\/\/www.gossip.it\/api\/wp\/v2\/posts"}],"about":[{"href":"https:\/\/www.gossip.it\/api\/wp\/v2\/types\/post"}],"author":[{"embeddable":true,"href":"https:\/\/www.gossip.it\/api\/wp\/v2\/users\/1"}],"replies":[{"embeddable":true,"href":"https:\/\/www.gossip.it\/api\/wp\/v2\/comments?post=38111"}],"version-history":[{"count":0,"href":"https:\/\/www.gossip.it\/api\/wp\/v2\/posts\/38111\/revisions"}],"wp:featuredmedia":[{"embeddable":true,"href":"https:\/\/www.gossip.it\/api\/wp\/v2\/media\/94157"}],"wp:attachment":[{"href":"https:\/\/www.gossip.it\/api\/wp\/v2\/media?parent=38111"}],"wp:term":[{"taxonomy":"category","embeddable":true,"href":"https:\/\/www.gossip.it\/api\/wp\/v2\/categories?post=38111"},{"taxonomy":"post_tag","embeddable":true,"href":"https:\/\/www.gossip.it\/api\/wp\/v2\/tags?post=38111"},{"taxonomy":"vip","embeddable":true,"href":"https:\/\/www.gossip.it\/api\/wp\/v2\/vip?post=38111"}],"curies":[{"name":"wp","href":"https:\/\/api.w.org\/{rel}","templated":true}]}}