{"id":38788,"date":"2013-04-12T00:00:00","date_gmt":"2013-04-11T22:00:00","guid":{"rendered":"https:\/\/www.gossip.it\/senza-categoria\/francesca-cavallin-colpita-dal-fuoco-di-sant-antonio\/"},"modified":"2013-04-12T00:00:00","modified_gmt":"2013-04-11T22:00:00","slug":"francesca-cavallin-colpita-dal-fuoco-di-sant-antonio","status":"publish","type":"post","link":"https:\/\/www.gossip.it\/news\/francesca-cavallin-colpita-dal-fuoco-di-sant-antonio\/","title":{"rendered":"Francesca Cavallin colpita dal 'fuoco di Sant'Antonio'"},"content":{"rendered":"<p>L'attrice di <b>\"Un medico in famiglia\"<\/b> <a href=\"http:\/\/www.gossip.it\/news\/monografia.php?keyword=Francesca Cavallin\">Francesca Cavallin<\/a>, 36 anni, ha confessato a Ok Salute di aver avuto il <b>\"fuoco di Sant'Antonio\"<\/b> (l'<b>herpes zoster<\/b>).<\/p>\n<p><em>\"Tutto \u00e8 iniziato con la palpebra destra che ha cominciato a traballare, all\u2019improvviso...<\/em> - ha raccontato Francesca - <em> \u00c8 andata avanti a lungo, pi\u00f9 di un mese, una sorta di vibrazione quasi impercettibile per gli altri, ma cos\u00ec fastidiosa per me. Poi, una notte, si \u00e8 aggiunto un dolore lancinante al piede destro. <b>Qualcosa era andato fuori posto, in me, e aveva cominciato a emergere di qua e di l\u00e0, ne ero certa<\/b>. Abitavo ancora nella mia casa di Brera, a Milano (adesso mi sono trasferita a Monza), con mio marito e nostro figlio. Era la casa di Leonardo, come la chiamavo io, l\u2019appartamento grande, con le porte ottocentesche e i soffitti altissimi. Nel buio della notte avrei voluto urlare, ma mi trattenevo per non svegliare il mio piccolo. <b>Il mio piede era attraversato da una scarica elettrica violentissima<\/b>. La mattina dopo ho chiamato mia madre, che si era fatta operare (con successo) per l\u2019alluce valgo, un difetto che ho pure io e che aveva mia nonna. Credevamo che il dolore notturno fosse legato a quello, anche se la vibrazione dell\u2019occhio, secondo i libri di medicina, non sembrava legata in alcun modo al valgismo\". \"Trascinandomi per casa, senza riuscire ad appoggiare la gamba a terra<\/em> - ha proseguito l'attrice - <em>ho telefonato al chirurgo che aveva curato mia madre e mi sono fatta portare da lui. 'Pu\u00f2 essere, in effetti, una sofferenza dovuta all\u2019alluce valgo', ha detto. 'Dobbiamo operare'\"<\/em>.<\/p>\n<p>Venti giorno dopo aver fissato la data dell'intervento, per\u00f2, Francesca si \u00e8 accorta che <em>\"<b>sulla caviglia c\u2019era come una bruciatura di sigaretta<\/b><\/em> - ha detto - <em><b>Nel frattempo, per\u00f2, le fitte aumentavano, con una serie di scariche elettriche che dal piede si erano nel frattempo estese anche alla schiena<\/b>. Saltavo, letteralmente, sul letto. Non riuscivo a dormire, mi sentivo un\u2019invalida. Nei suoi 'viaggi' lungo il mio corpo, il male, dalla schiena, aveva deciso poi di posizionarsi sulla caviglia destra. Ed era diventato addirittura visibile! Nella zona in cui la pelle ardeva, orribilmente, era comparsa una cicatrice, <b>come una bruciatura di sigaretta<\/b>. Nelle ore successive di quei giorni spaventosi (era il settembre 2011), altre chiazze erano comparse vicino al ginocchio. A quel punto mi sembrava impossibile che tutto questo fosse collegato all\u2019alluce storto. Mi sentivo come posseduta da un alieno, gli antidolorifici non servivano a niente. Ero a pezzi. Ho fotografato la mia caviglia e ho inviato l\u2019immagine, via mail, al chirurgo. Mi ha risposto dopo poche ore, dirottandomi subito verso una clinica specializzata di <b>Brescia<\/b>. L\u00ec \u00e8 stato facile diagnosticarmi una forma acuta di fuoco di Sant\u2019Antonio: un termine creato nel medioevo, mi hanno detto, perch\u00e9 le persone colpite da questa malattia cos\u00ec dolorosa chiedevano aiuto a Sant\u2019Antonio abate, il patrono del fuoco, l\u2019unico considerato in grado di proteggere dalle fiamme (e il prurito, in effetti, pu\u00f2 diventare un bruciore ardente...)\"<\/em>.<\/p>\n<p><b>La Cavallin ha poi descritto la patologia<\/b> che l'ha colpita e i motivi per cui si \u00e8 manifestata in modo cos\u00ec violento: <em>\"Il nome scientifico, in ogni caso, \u00e8 herpes zoster<\/em> - ha spiegato l'attrice - <em><b>Il virus della varicella che avevo preso da bambina si era rifugiato nei gangli nervosi e adesso scorrazzava in quelle autentiche autostrade che sono i nervi<\/b>, procurandomi i dolori e andando a infettare la pelle. Mi hanno subito prescritto gli antivirali, ma ormai il problema era esploso, e i farmaci hanno stentato a riportarmi alla normalit\u00e0. E intanto, nei lunghi giorni ancora di sofferenza, mi tornavano in mente i flash dell\u2019infanzia, quando mia nonna, la mia adoratissima nonna, soffriva di questo fuoco, che allora mi sembrava qualcosa di diabolico. I miei genitori mi permettevano di vederla solo per pochi istanti, mentre il disturbo non si faceva sentire. Lei cercava di sorridere, a volte non riusciva a trattenere le urla di dolore. Ecco, adesso anch\u2019io mi ritrovavo come lei, e chiss\u00e0 quali ricordi ha lasciato, questo episodio, nella memoria di mio figlio... Sono guarita, per fortuna. Ma ho imparato la lezione e, se un\u2019altra volta avr\u00f2 qualche sintomo come in passato, correr\u00f2 dritta dal neurologo\"<\/em>.<\/p>\n","protected":false},"excerpt":{"rendered":"<p>L'attrice di \"Un medico in famiglia\" Francesca Cavallin, 36 anni, ha confessato a Ok Salute di aver avuto il \"fuoco di Sant'Antonio\" (l'herpes zoster). \"Tutto \u00e8 iniziato con la palpebra destra che ha cominciato a traballare, all\u2019improvviso... - ha raccontato Francesca - \u00c8 andata avanti a lungo, pi\u00f9 di un mese, una sorta di vibrazione [&hellip;]<\/p>\n","protected":false},"author":1,"featured_media":94834,"comment_status":"closed","ping_status":"closed","sticky":false,"template":"","format":"standard","meta":{"footnotes":""},"categories":[54],"tags":[8679,42245,42244,42246,42247,5237],"vip":[],"class_list":["post-38788","post","type-post","status-publish","format-standard","has-post-thumbnail","hentry","category-news","tag-francesca-cavallin","tag-fuoco-di-santantonio","tag-herpes-zoster","tag-ok-salute","tag-patologia","tag-un-medico-in-famiglia"],"yoast_head":"<title>Francesca Cavallin colpita dal &#039;fuoco di Sant&#039;Antonio&#039; - Gossip.it | News sul Gossip e VIP<\/title>\n<meta name=\"description\" content=\"L&#039;attrice di &quot;Un medico in famiglia&quot; Francesca Cavallin, 36 anni, ha confessato a Ok Salute di aver avuto il &quot;fuoco di Sant&#039;Antonio&quot; (l&#039;herpes zoster).\" \/>\n<meta name=\"robots\" content=\"index, follow, max-snippet:-1, max-image-preview:large, max-video-preview:-1\" \/>\n<link rel=\"canonical\" href=\"https:\/\/www.gossip.it\/news\/francesca-cavallin-colpita-dal-fuoco-di-sant-antonio\/\" \/>\n<meta property=\"og:locale\" content=\"it_IT\" \/>\n<meta property=\"og:type\" content=\"article\" \/>\n<meta property=\"og:title\" content=\"Francesca Cavallin colpita dal &#039;fuoco di Sant&#039;Antonio&#039; - Gossip.it | News sul Gossip e VIP\" \/>\n<meta property=\"og:description\" content=\"L&#039;attrice di &quot;Un medico in famiglia&quot; Francesca Cavallin, 36 anni, ha confessato a Ok Salute di aver avuto il &quot;fuoco di Sant&#039;Antonio&quot; (l&#039;herpes zoster).\" \/>\n<meta property=\"og:url\" content=\"https:\/\/www.gossip.it\/news\/francesca-cavallin-colpita-dal-fuoco-di-sant-antonio\/\" \/>\n<meta property=\"og:site_name\" content=\"Gossip.it | News sul Gossip e VIP\" \/>\n<meta property=\"article:publisher\" content=\"https:\/\/www.facebook.com\/GossipIT\" \/>\n<meta property=\"article:published_time\" content=\"2013-04-11T22:00:00+00:00\" \/>\n<meta property=\"og:image\" content=\"http:\/\/www.gossip.it\/images5\/1365760846_.jpg\" \/>\n<meta name=\"author\" content=\"La Redazione\" \/>\n<meta name=\"twitter:card\" content=\"summary_large_image\" \/>\n<meta name=\"twitter:image\" content=\"http:\/\/www.gossip.it\/images5\/1365760846_.jpg\" \/>\n<meta name=\"twitter:creator\" content=\"@gossinews_it\" \/>\n<meta name=\"twitter:site\" content=\"@gossinews_it\" \/>\n<meta name=\"twitter:label1\" content=\"Scritto da\" \/>\n\t<meta name=\"twitter:data1\" content=\"La Redazione\" \/>\n\t<meta name=\"twitter:label2\" content=\"Tempo di lettura stimato\" \/>\n\t<meta name=\"twitter:data2\" content=\"4 minuti\" \/>","yoast_head_json":{"title":"Francesca Cavallin colpita dal 'fuoco di Sant'Antonio' - Gossip.it | News sul Gossip e VIP","description":"L'attrice di \"Un medico in famiglia\" Francesca Cavallin, 36 anni, ha confessato a Ok Salute di aver avuto il \"fuoco di Sant'Antonio\" (l'herpes zoster).","robots":{"index":"index","follow":"follow","max-snippet":"max-snippet:-1","max-image-preview":"max-image-preview:large","max-video-preview":"max-video-preview:-1"},"canonical":"https:\/\/www.gossip.it\/news\/francesca-cavallin-colpita-dal-fuoco-di-sant-antonio\/","og_locale":"it_IT","og_type":"article","og_title":"Francesca Cavallin colpita dal 'fuoco di Sant'Antonio' - Gossip.it | News sul Gossip e VIP","og_description":"L'attrice di \"Un medico in famiglia\" Francesca Cavallin, 36 anni, ha confessato a Ok Salute di aver avuto il \"fuoco di Sant'Antonio\" (l'herpes zoster).","og_url":"https:\/\/www.gossip.it\/news\/francesca-cavallin-colpita-dal-fuoco-di-sant-antonio\/","og_site_name":"Gossip.it | News sul Gossip e VIP","article_publisher":"https:\/\/www.facebook.com\/GossipIT","article_published_time":"2013-04-11T22:00:00+00:00","og_image":[{"url":"http:\/\/www.gossip.it\/images5\/1365760846_.jpg"}],"author":"La Redazione","twitter_card":"summary_large_image","twitter_image":"http:\/\/www.gossip.it\/images5\/1365760846_.jpg","twitter_creator":"@gossinews_it","twitter_site":"@gossinews_it","twitter_misc":{"Scritto da":"La Redazione","Tempo di lettura stimato":"4 minuti"},"schema":{"@context":"https:\/\/schema.org","@graph":[{"@type":"Article","@id":"https:\/\/www.gossip.it\/news\/francesca-cavallin-colpita-dal-fuoco-di-sant-antonio\/#article","isPartOf":{"@id":"https:\/\/www.gossip.it\/news\/francesca-cavallin-colpita-dal-fuoco-di-sant-antonio\/"},"author":{"name":"La Redazione","@id":"https:\/\/www.gossip.it\/#\/schema\/person\/488896f75158bff1cc83c6c39d141110"},"headline":"Francesca Cavallin colpita dal 'fuoco di Sant'Antonio'","datePublished":"2013-04-11T22:00:00+00:00","dateModified":"2013-04-11T22:00:00+00:00","mainEntityOfPage":{"@id":"https:\/\/www.gossip.it\/news\/francesca-cavallin-colpita-dal-fuoco-di-sant-antonio\/"},"wordCount":715,"publisher":{"@id":"https:\/\/www.gossip.it\/#organization"},"image":{"@id":"https:\/\/www.gossip.it\/news\/francesca-cavallin-colpita-dal-fuoco-di-sant-antonio\/#primaryimage"},"thumbnailUrl":"http:\/\/www.gossip.it\/images5\/1365760846_.jpg","keywords":["francesca cavallin","fuoco di sant'antonio","herpes zoster","ok salute","patologia","un medico in famiglia"],"articleSection":["News"],"inLanguage":"it-IT"},{"@type":"WebPage","@id":"https:\/\/www.gossip.it\/news\/francesca-cavallin-colpita-dal-fuoco-di-sant-antonio\/","url":"https:\/\/www.gossip.it\/news\/francesca-cavallin-colpita-dal-fuoco-di-sant-antonio\/","name":"Francesca Cavallin colpita dal 'fuoco di Sant'Antonio' - Gossip.it | News sul Gossip e VIP","isPartOf":{"@id":"https:\/\/www.gossip.it\/#website"},"primaryImageOfPage":{"@id":"https:\/\/www.gossip.it\/news\/francesca-cavallin-colpita-dal-fuoco-di-sant-antonio\/#primaryimage"},"image":{"@id":"https:\/\/www.gossip.it\/news\/francesca-cavallin-colpita-dal-fuoco-di-sant-antonio\/#primaryimage"},"thumbnailUrl":"http:\/\/www.gossip.it\/images5\/1365760846_.jpg","datePublished":"2013-04-11T22:00:00+00:00","dateModified":"2013-04-11T22:00:00+00:00","description":"L'attrice di \"Un medico in famiglia\" Francesca Cavallin, 36 anni, ha confessato a Ok Salute di aver avuto il \"fuoco di Sant'Antonio\" (l'herpes zoster).","breadcrumb":{"@id":"https:\/\/www.gossip.it\/news\/francesca-cavallin-colpita-dal-fuoco-di-sant-antonio\/#breadcrumb"},"inLanguage":"it-IT","potentialAction":[{"@type":"ReadAction","target":["https:\/\/www.gossip.it\/news\/francesca-cavallin-colpita-dal-fuoco-di-sant-antonio\/"]}]},{"@type":"ImageObject","inLanguage":"it-IT","@id":"https:\/\/www.gossip.it\/news\/francesca-cavallin-colpita-dal-fuoco-di-sant-antonio\/#primaryimage","url":"http:\/\/www.gossip.it\/images5\/1365760846_.jpg","contentUrl":"http:\/\/www.gossip.it\/images5\/1365760846_.jpg"},{"@type":"BreadcrumbList","@id":"https:\/\/www.gossip.it\/news\/francesca-cavallin-colpita-dal-fuoco-di-sant-antonio\/#breadcrumb","itemListElement":[{"@type":"ListItem","position":1,"name":"Home","item":"https:\/\/www.gossip.it\/"},{"@type":"ListItem","position":2,"name":"Francesca Cavallin colpita dal 'fuoco di Sant'Antonio'"}]},{"@type":"WebSite","@id":"https:\/\/www.gossip.it\/#website","url":"https:\/\/www.gossip.it\/","name":"Gossip and VIP News","description":"Quotidiano di cronaca rosa, costume e societ\u00e0","publisher":{"@id":"https:\/\/www.gossip.it\/#organization"},"alternateName":"Gossip and VIP News","potentialAction":[{"@type":"SearchAction","target":{"@type":"EntryPoint","urlTemplate":"https:\/\/www.gossip.it\/?s={search_term_string}"},"query-input":{"@type":"PropertyValueSpecification","valueRequired":true,"valueName":"search_term_string"}}],"inLanguage":"it-IT"},{"@type":"Organization","@id":"https:\/\/www.gossip.it\/#organization","name":"Gossip and VIP News","alternateName":"Gossip News","url":"https:\/\/www.gossip.it\/","logo":{"@type":"ImageObject","inLanguage":"it-IT","@id":"https:\/\/www.gossip.it\/#\/schema\/logo\/image\/","url":"https:\/\/www.gossip.it\/wp-content\/uploads\/2022\/04\/cropped-corna-alta-tiny.png","contentUrl":"https:\/\/www.gossip.it\/wp-content\/uploads\/2022\/04\/cropped-corna-alta-tiny.png","width":512,"height":512,"caption":"Gossip and VIP News"},"image":{"@id":"https:\/\/www.gossip.it\/#\/schema\/logo\/image\/"},"sameAs":["https:\/\/www.facebook.com\/GossipIT","https:\/\/x.com\/gossinews_it","https:\/\/instagram.com\/gossip_it"]},{"@type":"Person","@id":"https:\/\/www.gossip.it\/#\/schema\/person\/488896f75158bff1cc83c6c39d141110","name":"La Redazione","image":{"@type":"ImageObject","inLanguage":"it-IT","@id":"https:\/\/www.gossip.it\/#\/schema\/person\/image\/","url":"https:\/\/secure.gravatar.com\/avatar\/5a5f5c6fa3e6700e4249abdad0263a1e94e927d9e0499b1cb09c1cd29c044d80?s=96&d=mm&r=g","contentUrl":"https:\/\/secure.gravatar.com\/avatar\/5a5f5c6fa3e6700e4249abdad0263a1e94e927d9e0499b1cb09c1cd29c044d80?s=96&d=mm&r=g","caption":"La Redazione"},"sameAs":["https:\/\/www.gossip.it"]}]}},"amp_enabled":true,"_links":{"self":[{"href":"https:\/\/www.gossip.it\/api\/wp\/v2\/posts\/38788","targetHints":{"allow":["GET"]}}],"collection":[{"href":"https:\/\/www.gossip.it\/api\/wp\/v2\/posts"}],"about":[{"href":"https:\/\/www.gossip.it\/api\/wp\/v2\/types\/post"}],"author":[{"embeddable":true,"href":"https:\/\/www.gossip.it\/api\/wp\/v2\/users\/1"}],"replies":[{"embeddable":true,"href":"https:\/\/www.gossip.it\/api\/wp\/v2\/comments?post=38788"}],"version-history":[{"count":0,"href":"https:\/\/www.gossip.it\/api\/wp\/v2\/posts\/38788\/revisions"}],"wp:featuredmedia":[{"embeddable":true,"href":"https:\/\/www.gossip.it\/api\/wp\/v2\/media\/94834"}],"wp:attachment":[{"href":"https:\/\/www.gossip.it\/api\/wp\/v2\/media?parent=38788"}],"wp:term":[{"taxonomy":"category","embeddable":true,"href":"https:\/\/www.gossip.it\/api\/wp\/v2\/categories?post=38788"},{"taxonomy":"post_tag","embeddable":true,"href":"https:\/\/www.gossip.it\/api\/wp\/v2\/tags?post=38788"},{"taxonomy":"vip","embeddable":true,"href":"https:\/\/www.gossip.it\/api\/wp\/v2\/vip?post=38788"}],"curies":[{"name":"wp","href":"https:\/\/api.w.org\/{rel}","templated":true}]}}