{"id":38824,"date":"2013-04-15T00:00:00","date_gmt":"2013-04-14T22:00:00","guid":{"rendered":"https:\/\/www.gossip.it\/senza-categoria\/margherita-missoni-con-pancione\/"},"modified":"2013-04-15T00:00:00","modified_gmt":"2013-04-14T22:00:00","slug":"margherita-missoni-con-pancione","status":"publish","type":"post","link":"https:\/\/www.gossip.it\/news\/margherita-missoni-con-pancione\/","title":{"rendered":"Margherita Missoni con pancione"},"content":{"rendered":"<p>Non ha voluto pubblicizzare la gravidanza, dato il momento di grande dolore per la famiglia <a href=\"http:\/\/www.gossip.it\/news\/monografia.php?keyword=Missoni\">Missoni<\/a>, con <b>Vittorio<\/b>, il figlio del patriarca <b>Ottavio<\/b>, disperso in Venezuela dai primi giorni di gennaio. A inizio marzo, per\u00f2, mostrandosi in pubblico alla Fashion Week parigina con un bel pancino, ha reso nota al mondo la sua dolce attesa. A distanza di poco pi\u00f9 di un mese il ventre di <a href=\"http:\/\/www.gossip.it\/news\/monografia.php?keyword=Margherita Missoni\">Margherita Missoni<\/a> \u00e8 ancora pi\u00f9 accentuato nella sua rotondit\u00e0. Lo condivide su <b>Twitter<\/b> un'amica, <b>Assia Grazioli Venie<\/b>,  che pubblica uno scatto in cui \u00e8 immortalata con la futura mamma in ottima forma, mentre vanno a visitare il Salone del Mobile a Milano (<a href=\"http:\/\/www.gossip.it\/news\/asc_showfoto.php?ID=1366029883\"><b><u>per ingrandire la foto clicca qui<\/u><\/b><\/a>).<\/p>\n<p><b>Margherita Missoni \u00e8 incinta del primo figlio del marito<\/b>, il pilota di Gran Turismo e nipote del patron della Usag, <a href=\"http:\/\/www.gossip.it\/news\/monografia.php?keyword=Eugenio Amos\">Eugenio Amos<\/a>.<br \/>\nLa coppia \u00e8 andata a nozze lo scorso giugno a Brunello. Ora tutti aspettano con gioia un erede molto desiderato.<\/p>\n","protected":false},"excerpt":{"rendered":"<p>Non ha voluto pubblicizzare la gravidanza, dato il momento di grande dolore per la famiglia Missoni, con Vittorio, il figlio del patriarca Ottavio, disperso in Venezuela dai primi giorni di gennaio. A inizio marzo, per\u00f2, mostrandosi in pubblico alla Fashion Week parigina con un bel pancino, ha reso nota al mondo la sua dolce attesa. [&hellip;]<\/p>\n","protected":false},"author":1,"featured_media":94870,"comment_status":"closed","ping_status":"closed","sticky":false,"template":"","format":"standard","meta":{"footnotes":""},"categories":[54],"tags":[4548,38033,2181,2094,1923,7346],"vip":[1233],"class_list":["post-38824","post","type-post","status-publish","format-standard","has-post-thumbnail","hentry","category-news","tag-cicogna","tag-eugenio-amos","tag-gravidanza","tag-incinta","tag-social","tag-twitter","vip-margherita_missoni"],"yoast_head":"<title>Margherita Missoni con pancione - Gossip.it | News sul Gossip e VIP<\/title>\n<meta name=\"description\" content=\"Non ha voluto pubblicizzare la gravidanza, dato il momento di grande dolore per la famiglia Missoni, con Vittorio, il figlio del patriarca Ottavio,\" \/>\n<meta name=\"robots\" content=\"index, follow, max-snippet:-1, max-image-preview:large, max-video-preview:-1\" \/>\n<link rel=\"canonical\" href=\"https:\/\/www.gossip.it\/news\/margherita-missoni-con-pancione\/\" \/>\n<meta property=\"og:locale\" content=\"it_IT\" \/>\n<meta property=\"og:type\" content=\"article\" \/>\n<meta property=\"og:title\" content=\"Margherita Missoni con pancione - Gossip.it | News sul Gossip e VIP\" \/>\n<meta property=\"og:description\" content=\"Non ha voluto pubblicizzare la gravidanza, dato il momento di grande dolore per la famiglia Missoni, con Vittorio, il figlio del patriarca Ottavio,\" \/>\n<meta property=\"og:url\" content=\"https:\/\/www.gossip.it\/news\/margherita-missoni-con-pancione\/\" \/>\n<meta property=\"og:site_name\" content=\"Gossip.it | News sul Gossip e VIP\" \/>\n<meta property=\"article:publisher\" content=\"https:\/\/www.facebook.com\/GossipIT\" \/>\n<meta property=\"article:published_time\" content=\"2013-04-14T22:00:00+00:00\" \/>\n<meta property=\"og:image\" content=\"http:\/\/www.gossip.it\/images5\/1366029883_.jpg\" \/>\n<meta name=\"author\" content=\"La Redazione\" \/>\n<meta name=\"twitter:card\" content=\"summary_large_image\" \/>\n<meta name=\"twitter:image\" content=\"http:\/\/www.gossip.it\/images5\/1366029883_.jpg\" \/>\n<meta name=\"twitter:creator\" content=\"@gossinews_it\" \/>\n<meta name=\"twitter:site\" content=\"@gossinews_it\" \/>\n<meta name=\"twitter:label1\" content=\"Scritto da\" \/>\n\t<meta name=\"twitter:data1\" content=\"Annamaria Capozzi\" \/>\n\t<meta name=\"twitter:label2\" content=\"Tempo di lettura stimato\" \/>\n\t<meta name=\"twitter:data2\" content=\"1 minuto\" \/>","yoast_head_json":{"title":"Margherita Missoni con pancione - Gossip.it | News sul Gossip e VIP","description":"Non ha voluto pubblicizzare la gravidanza, dato il momento di grande dolore per la famiglia Missoni, con Vittorio, il figlio del patriarca Ottavio,","robots":{"index":"index","follow":"follow","max-snippet":"max-snippet:-1","max-image-preview":"max-image-preview:large","max-video-preview":"max-video-preview:-1"},"canonical":"https:\/\/www.gossip.it\/news\/margherita-missoni-con-pancione\/","og_locale":"it_IT","og_type":"article","og_title":"Margherita Missoni con pancione - Gossip.it | News sul Gossip e VIP","og_description":"Non ha voluto pubblicizzare la gravidanza, dato il momento di grande dolore per la famiglia Missoni, con Vittorio, il figlio del patriarca Ottavio,","og_url":"https:\/\/www.gossip.it\/news\/margherita-missoni-con-pancione\/","og_site_name":"Gossip.it | News sul Gossip e VIP","article_publisher":"https:\/\/www.facebook.com\/GossipIT","article_published_time":"2013-04-14T22:00:00+00:00","og_image":[{"url":"http:\/\/www.gossip.it\/images5\/1366029883_.jpg"}],"author":"La Redazione","twitter_card":"summary_large_image","twitter_image":"http:\/\/www.gossip.it\/images5\/1366029883_.jpg","twitter_creator":"@gossinews_it","twitter_site":"@gossinews_it","twitter_misc":{"Scritto da":"Annamaria Capozzi","Tempo di lettura stimato":"1 minuto"},"schema":{"@context":"https:\/\/schema.org","@graph":[{"@type":"Article","@id":"https:\/\/www.gossip.it\/news\/margherita-missoni-con-pancione\/#article","isPartOf":{"@id":"https:\/\/www.gossip.it\/news\/margherita-missoni-con-pancione\/"},"author":{"name":"La Redazione","@id":"https:\/\/www.gossip.it\/#\/schema\/person\/488896f75158bff1cc83c6c39d141110"},"headline":"Margherita Missoni con pancione","datePublished":"2013-04-14T22:00:00+00:00","dateModified":"2013-04-14T22:00:00+00:00","mainEntityOfPage":{"@id":"https:\/\/www.gossip.it\/news\/margherita-missoni-con-pancione\/"},"wordCount":157,"publisher":{"@id":"https:\/\/www.gossip.it\/#organization"},"image":{"@id":"https:\/\/www.gossip.it\/news\/margherita-missoni-con-pancione\/#primaryimage"},"thumbnailUrl":"http:\/\/www.gossip.it\/images5\/1366029883_.jpg","keywords":["cicogna","eugenio amos","gravidanza","incinta","social","twitter"],"articleSection":["News"],"inLanguage":"it-IT"},{"@type":"WebPage","@id":"https:\/\/www.gossip.it\/news\/margherita-missoni-con-pancione\/","url":"https:\/\/www.gossip.it\/news\/margherita-missoni-con-pancione\/","name":"Margherita Missoni con pancione - Gossip.it | News sul Gossip e VIP","isPartOf":{"@id":"https:\/\/www.gossip.it\/#website"},"primaryImageOfPage":{"@id":"https:\/\/www.gossip.it\/news\/margherita-missoni-con-pancione\/#primaryimage"},"image":{"@id":"https:\/\/www.gossip.it\/news\/margherita-missoni-con-pancione\/#primaryimage"},"thumbnailUrl":"http:\/\/www.gossip.it\/images5\/1366029883_.jpg","datePublished":"2013-04-14T22:00:00+00:00","dateModified":"2013-04-14T22:00:00+00:00","description":"Non ha voluto pubblicizzare la gravidanza, dato il momento di grande dolore per la famiglia Missoni, con Vittorio, il figlio del patriarca Ottavio,","breadcrumb":{"@id":"https:\/\/www.gossip.it\/news\/margherita-missoni-con-pancione\/#breadcrumb"},"inLanguage":"it-IT","potentialAction":[{"@type":"ReadAction","target":["https:\/\/www.gossip.it\/news\/margherita-missoni-con-pancione\/"]}]},{"@type":"ImageObject","inLanguage":"it-IT","@id":"https:\/\/www.gossip.it\/news\/margherita-missoni-con-pancione\/#primaryimage","url":"http:\/\/www.gossip.it\/images5\/1366029883_.jpg","contentUrl":"http:\/\/www.gossip.it\/images5\/1366029883_.jpg"},{"@type":"BreadcrumbList","@id":"https:\/\/www.gossip.it\/news\/margherita-missoni-con-pancione\/#breadcrumb","itemListElement":[{"@type":"ListItem","position":1,"name":"Home","item":"https:\/\/www.gossip.it\/"},{"@type":"ListItem","position":2,"name":"Margherita Missoni con pancione"}]},{"@type":"WebSite","@id":"https:\/\/www.gossip.it\/#website","url":"https:\/\/www.gossip.it\/","name":"Gossip and VIP News","description":"Quotidiano di cronaca rosa, costume e societ\u00e0","publisher":{"@id":"https:\/\/www.gossip.it\/#organization"},"alternateName":"Gossip and VIP News","potentialAction":[{"@type":"SearchAction","target":{"@type":"EntryPoint","urlTemplate":"https:\/\/www.gossip.it\/?s={search_term_string}"},"query-input":{"@type":"PropertyValueSpecification","valueRequired":true,"valueName":"search_term_string"}}],"inLanguage":"it-IT"},{"@type":"Organization","@id":"https:\/\/www.gossip.it\/#organization","name":"Gossip and VIP News","alternateName":"Gossip News","url":"https:\/\/www.gossip.it\/","logo":{"@type":"ImageObject","inLanguage":"it-IT","@id":"https:\/\/www.gossip.it\/#\/schema\/logo\/image\/","url":"https:\/\/www.gossip.it\/wp-content\/uploads\/2022\/04\/cropped-corna-alta-tiny.png","contentUrl":"https:\/\/www.gossip.it\/wp-content\/uploads\/2022\/04\/cropped-corna-alta-tiny.png","width":512,"height":512,"caption":"Gossip and VIP News"},"image":{"@id":"https:\/\/www.gossip.it\/#\/schema\/logo\/image\/"},"sameAs":["https:\/\/www.facebook.com\/GossipIT","https:\/\/x.com\/gossinews_it","https:\/\/instagram.com\/gossip_it"]},{"@type":"Person","@id":"https:\/\/www.gossip.it\/#\/schema\/person\/488896f75158bff1cc83c6c39d141110","name":"La Redazione","image":{"@type":"ImageObject","inLanguage":"it-IT","@id":"https:\/\/www.gossip.it\/#\/schema\/person\/image\/","url":"https:\/\/secure.gravatar.com\/avatar\/5a5f5c6fa3e6700e4249abdad0263a1e94e927d9e0499b1cb09c1cd29c044d80?s=96&d=mm&r=g","contentUrl":"https:\/\/secure.gravatar.com\/avatar\/5a5f5c6fa3e6700e4249abdad0263a1e94e927d9e0499b1cb09c1cd29c044d80?s=96&d=mm&r=g","caption":"La Redazione"},"sameAs":["https:\/\/www.gossip.it"]}]}},"amp_enabled":true,"_links":{"self":[{"href":"https:\/\/www.gossip.it\/api\/wp\/v2\/posts\/38824","targetHints":{"allow":["GET"]}}],"collection":[{"href":"https:\/\/www.gossip.it\/api\/wp\/v2\/posts"}],"about":[{"href":"https:\/\/www.gossip.it\/api\/wp\/v2\/types\/post"}],"author":[{"embeddable":true,"href":"https:\/\/www.gossip.it\/api\/wp\/v2\/users\/1"}],"replies":[{"embeddable":true,"href":"https:\/\/www.gossip.it\/api\/wp\/v2\/comments?post=38824"}],"version-history":[{"count":0,"href":"https:\/\/www.gossip.it\/api\/wp\/v2\/posts\/38824\/revisions"}],"wp:featuredmedia":[{"embeddable":true,"href":"https:\/\/www.gossip.it\/api\/wp\/v2\/media\/94870"}],"wp:attachment":[{"href":"https:\/\/www.gossip.it\/api\/wp\/v2\/media?parent=38824"}],"wp:term":[{"taxonomy":"category","embeddable":true,"href":"https:\/\/www.gossip.it\/api\/wp\/v2\/categories?post=38824"},{"taxonomy":"post_tag","embeddable":true,"href":"https:\/\/www.gossip.it\/api\/wp\/v2\/tags?post=38824"},{"taxonomy":"vip","embeddable":true,"href":"https:\/\/www.gossip.it\/api\/wp\/v2\/vip?post=38824"}],"curies":[{"name":"wp","href":"https:\/\/api.w.org\/{rel}","templated":true}]}}