{"id":39010,"date":"2013-04-24T00:00:00","date_gmt":"2013-04-23T22:00:00","guid":{"rendered":"https:\/\/www.gossip.it\/senza-categoria\/serena-autieri-al-mare-con-giulia\/"},"modified":"2013-04-24T00:00:00","modified_gmt":"2013-04-23T22:00:00","slug":"serena-autieri-al-mare-con-giulia","status":"publish","type":"post","link":"https:\/\/www.gossip.it\/news\/serena-autieri-al-mare-con-giulia\/","title":{"rendered":"Serena Autieri al mare con Giulia"},"content":{"rendered":"<p>L'ha messa al mondo lo scorso 1\u00b0 marzo. Giulia ha quasi due mesi e con il sole si merita la sua prima volta l mare. <a href=\"http:\/\/www.gossip.it\/news\/monografia.php?keyword=Serena Autieri\">Serena Autieri<\/a> insieme con il marito <a href=\"http:\/\/www.gossip.it\/news\/monografia.php?keyword=Enrico Griselli\">Enrico Griselli<\/a> si \u00e8 concessa una giornata di relax insieme alla figlioletta. Direzione Fregene per un pranzo pieno di coccole, condito da una passeggiata in spiaggia e baci appassionati, nonostante i paparazzi in agguato. Del resto l'<a href=\"http:\/\/www.gossip.it\/news\/monografia.php?keyword=attrice\">attrice<\/a> non deve nascondere niente al mondo. Ama, certo, la sua privacy e a volte la protegge gelosamente, ma la maternit\u00e0 le ha donato talmente tanta felicit\u00e0 che mostrarla ai flash non le d\u00e0 alcun fastidio.<\/p>\n<p>Serena, con indosso una maglia a righe orizzontali bianca e blu, proprio come quella indossata da Giulia, jeans e scarpe sportive, \u00e8 davvero pazza di gioia. Mamma attenta, si prende cura della bimba, la prende in braccio con dolcezza, la riempie di tenerezze, la stringe a s\u00e9, il bene pi\u00f9 prezioso. Poi guarda Enrico e pi\u00f9 volte si lascia andare. Una famiglia che presto avr\u00e0 un'altra cicogna. Vorrebbe come secondo un maschietto e il sogno sar\u00e0 cos\u00ec completo.<\/p>\n","protected":false},"excerpt":{"rendered":"<p>L'ha messa al mondo lo scorso 1\u00b0 marzo. Giulia ha quasi due mesi e con il sole si merita la sua prima volta l mare. Serena Autieri insieme con il marito Enrico Griselli si \u00e8 concessa una giornata di relax insieme alla figlioletta. Direzione Fregene per un pranzo pieno di coccole, condito da una passeggiata [&hellip;]<\/p>\n","protected":false},"author":1,"featured_media":95056,"comment_status":"closed","ping_status":"closed","sticky":false,"template":"","format":"standard","meta":{"footnotes":""},"categories":[54],"tags":[1983,6288,7723,2972,2181,2094,5281,2187],"vip":[676,1668],"class_list":["post-39010","post","type-post","status-publish","format-standard","has-post-thumbnail","hentry","category-news","tag-attrice","tag-bebe-in-arrivo","tag-fatebenefratelli","tag-giulia","tag-gravidanza","tag-incinta","tag-paparazzate","tag-parto","vip-enrico_griselli","vip-serena_autieri"],"yoast_head":"<title>Serena Autieri al mare con Giulia - Gossip.it | News sul Gossip e VIP<\/title>\n<meta name=\"description\" content=\"L&#039;ha messa al mondo lo scorso 1\u00b0 marzo. Giulia ha quasi due mesi e con il sole si merita la sua prima volta l mare. Serena Autieri insieme con il marito\" \/>\n<meta name=\"robots\" content=\"index, follow, max-snippet:-1, max-image-preview:large, max-video-preview:-1\" \/>\n<link rel=\"canonical\" href=\"https:\/\/www.gossip.it\/news\/serena-autieri-al-mare-con-giulia\/\" \/>\n<meta property=\"og:locale\" content=\"it_IT\" \/>\n<meta property=\"og:type\" content=\"article\" \/>\n<meta property=\"og:title\" content=\"Serena Autieri al mare con Giulia - Gossip.it | News sul Gossip e VIP\" \/>\n<meta property=\"og:description\" content=\"L&#039;ha messa al mondo lo scorso 1\u00b0 marzo. Giulia ha quasi due mesi e con il sole si merita la sua prima volta l mare. Serena Autieri insieme con il marito\" \/>\n<meta property=\"og:url\" content=\"https:\/\/www.gossip.it\/news\/serena-autieri-al-mare-con-giulia\/\" \/>\n<meta property=\"og:site_name\" content=\"Gossip.it | News sul Gossip e VIP\" \/>\n<meta property=\"article:publisher\" content=\"https:\/\/www.facebook.com\/GossipIT\" \/>\n<meta property=\"article:published_time\" content=\"2013-04-23T22:00:00+00:00\" \/>\n<meta property=\"og:image\" content=\"http:\/\/www.gossip.it\/images5\/1366798290_.jpg\" \/>\n<meta name=\"author\" content=\"La Redazione\" \/>\n<meta name=\"twitter:card\" content=\"summary_large_image\" \/>\n<meta name=\"twitter:image\" content=\"http:\/\/www.gossip.it\/images5\/1366798290_.jpg\" \/>\n<meta name=\"twitter:creator\" content=\"@gossinews_it\" \/>\n<meta name=\"twitter:site\" content=\"@gossinews_it\" \/>\n<meta name=\"twitter:label1\" content=\"Scritto da\" \/>\n\t<meta name=\"twitter:data1\" content=\"Annamaria Capozzi\" \/>\n\t<meta name=\"twitter:label2\" content=\"Tempo di lettura stimato\" \/>\n\t<meta name=\"twitter:data2\" content=\"1 minuto\" \/>","yoast_head_json":{"title":"Serena Autieri al mare con Giulia - Gossip.it | News sul Gossip e VIP","description":"L'ha messa al mondo lo scorso 1\u00b0 marzo. Giulia ha quasi due mesi e con il sole si merita la sua prima volta l mare. Serena Autieri insieme con il marito","robots":{"index":"index","follow":"follow","max-snippet":"max-snippet:-1","max-image-preview":"max-image-preview:large","max-video-preview":"max-video-preview:-1"},"canonical":"https:\/\/www.gossip.it\/news\/serena-autieri-al-mare-con-giulia\/","og_locale":"it_IT","og_type":"article","og_title":"Serena Autieri al mare con Giulia - Gossip.it | News sul Gossip e VIP","og_description":"L'ha messa al mondo lo scorso 1\u00b0 marzo. Giulia ha quasi due mesi e con il sole si merita la sua prima volta l mare. Serena Autieri insieme con il marito","og_url":"https:\/\/www.gossip.it\/news\/serena-autieri-al-mare-con-giulia\/","og_site_name":"Gossip.it | News sul Gossip e VIP","article_publisher":"https:\/\/www.facebook.com\/GossipIT","article_published_time":"2013-04-23T22:00:00+00:00","og_image":[{"url":"http:\/\/www.gossip.it\/images5\/1366798290_.jpg"}],"author":"La Redazione","twitter_card":"summary_large_image","twitter_image":"http:\/\/www.gossip.it\/images5\/1366798290_.jpg","twitter_creator":"@gossinews_it","twitter_site":"@gossinews_it","twitter_misc":{"Scritto da":"Annamaria Capozzi","Tempo di lettura stimato":"1 minuto"},"schema":{"@context":"https:\/\/schema.org","@graph":[{"@type":"Article","@id":"https:\/\/www.gossip.it\/news\/serena-autieri-al-mare-con-giulia\/#article","isPartOf":{"@id":"https:\/\/www.gossip.it\/news\/serena-autieri-al-mare-con-giulia\/"},"author":{"name":"La Redazione","@id":"https:\/\/www.gossip.it\/#\/schema\/person\/488896f75158bff1cc83c6c39d141110"},"headline":"Serena Autieri al mare con Giulia","datePublished":"2013-04-23T22:00:00+00:00","dateModified":"2013-04-23T22:00:00+00:00","mainEntityOfPage":{"@id":"https:\/\/www.gossip.it\/news\/serena-autieri-al-mare-con-giulia\/"},"wordCount":187,"publisher":{"@id":"https:\/\/www.gossip.it\/#organization"},"image":{"@id":"https:\/\/www.gossip.it\/news\/serena-autieri-al-mare-con-giulia\/#primaryimage"},"thumbnailUrl":"http:\/\/www.gossip.it\/images5\/1366798290_.jpg","keywords":["attrice","beb\u00e8 in arrivo","fatebenefratelli","giulia","gravidanza","incinta","paparazzate","parto"],"articleSection":["News"],"inLanguage":"it-IT"},{"@type":"WebPage","@id":"https:\/\/www.gossip.it\/news\/serena-autieri-al-mare-con-giulia\/","url":"https:\/\/www.gossip.it\/news\/serena-autieri-al-mare-con-giulia\/","name":"Serena Autieri al mare con Giulia - Gossip.it | News sul Gossip e VIP","isPartOf":{"@id":"https:\/\/www.gossip.it\/#website"},"primaryImageOfPage":{"@id":"https:\/\/www.gossip.it\/news\/serena-autieri-al-mare-con-giulia\/#primaryimage"},"image":{"@id":"https:\/\/www.gossip.it\/news\/serena-autieri-al-mare-con-giulia\/#primaryimage"},"thumbnailUrl":"http:\/\/www.gossip.it\/images5\/1366798290_.jpg","datePublished":"2013-04-23T22:00:00+00:00","dateModified":"2013-04-23T22:00:00+00:00","description":"L'ha messa al mondo lo scorso 1\u00b0 marzo. Giulia ha quasi due mesi e con il sole si merita la sua prima volta l mare. Serena Autieri insieme con il marito","breadcrumb":{"@id":"https:\/\/www.gossip.it\/news\/serena-autieri-al-mare-con-giulia\/#breadcrumb"},"inLanguage":"it-IT","potentialAction":[{"@type":"ReadAction","target":["https:\/\/www.gossip.it\/news\/serena-autieri-al-mare-con-giulia\/"]}]},{"@type":"ImageObject","inLanguage":"it-IT","@id":"https:\/\/www.gossip.it\/news\/serena-autieri-al-mare-con-giulia\/#primaryimage","url":"http:\/\/www.gossip.it\/images5\/1366798290_.jpg","contentUrl":"http:\/\/www.gossip.it\/images5\/1366798290_.jpg"},{"@type":"BreadcrumbList","@id":"https:\/\/www.gossip.it\/news\/serena-autieri-al-mare-con-giulia\/#breadcrumb","itemListElement":[{"@type":"ListItem","position":1,"name":"Home","item":"https:\/\/www.gossip.it\/"},{"@type":"ListItem","position":2,"name":"Serena Autieri al mare con Giulia"}]},{"@type":"WebSite","@id":"https:\/\/www.gossip.it\/#website","url":"https:\/\/www.gossip.it\/","name":"Gossip and VIP News","description":"Quotidiano di cronaca rosa, costume e societ\u00e0","publisher":{"@id":"https:\/\/www.gossip.it\/#organization"},"alternateName":"Gossip and VIP News","potentialAction":[{"@type":"SearchAction","target":{"@type":"EntryPoint","urlTemplate":"https:\/\/www.gossip.it\/?s={search_term_string}"},"query-input":{"@type":"PropertyValueSpecification","valueRequired":true,"valueName":"search_term_string"}}],"inLanguage":"it-IT"},{"@type":"Organization","@id":"https:\/\/www.gossip.it\/#organization","name":"Gossip and VIP News","alternateName":"Gossip News","url":"https:\/\/www.gossip.it\/","logo":{"@type":"ImageObject","inLanguage":"it-IT","@id":"https:\/\/www.gossip.it\/#\/schema\/logo\/image\/","url":"https:\/\/www.gossip.it\/wp-content\/uploads\/2022\/04\/cropped-corna-alta-tiny.png","contentUrl":"https:\/\/www.gossip.it\/wp-content\/uploads\/2022\/04\/cropped-corna-alta-tiny.png","width":512,"height":512,"caption":"Gossip and VIP News"},"image":{"@id":"https:\/\/www.gossip.it\/#\/schema\/logo\/image\/"},"sameAs":["https:\/\/www.facebook.com\/GossipIT","https:\/\/x.com\/gossinews_it","https:\/\/instagram.com\/gossip_it"]},{"@type":"Person","@id":"https:\/\/www.gossip.it\/#\/schema\/person\/488896f75158bff1cc83c6c39d141110","name":"La Redazione","image":{"@type":"ImageObject","inLanguage":"it-IT","@id":"https:\/\/www.gossip.it\/#\/schema\/person\/image\/","url":"https:\/\/secure.gravatar.com\/avatar\/5a5f5c6fa3e6700e4249abdad0263a1e94e927d9e0499b1cb09c1cd29c044d80?s=96&d=mm&r=g","contentUrl":"https:\/\/secure.gravatar.com\/avatar\/5a5f5c6fa3e6700e4249abdad0263a1e94e927d9e0499b1cb09c1cd29c044d80?s=96&d=mm&r=g","caption":"La Redazione"},"sameAs":["https:\/\/www.gossip.it"]}]}},"amp_enabled":true,"_links":{"self":[{"href":"https:\/\/www.gossip.it\/api\/wp\/v2\/posts\/39010","targetHints":{"allow":["GET"]}}],"collection":[{"href":"https:\/\/www.gossip.it\/api\/wp\/v2\/posts"}],"about":[{"href":"https:\/\/www.gossip.it\/api\/wp\/v2\/types\/post"}],"author":[{"embeddable":true,"href":"https:\/\/www.gossip.it\/api\/wp\/v2\/users\/1"}],"replies":[{"embeddable":true,"href":"https:\/\/www.gossip.it\/api\/wp\/v2\/comments?post=39010"}],"version-history":[{"count":0,"href":"https:\/\/www.gossip.it\/api\/wp\/v2\/posts\/39010\/revisions"}],"wp:featuredmedia":[{"embeddable":true,"href":"https:\/\/www.gossip.it\/api\/wp\/v2\/media\/95056"}],"wp:attachment":[{"href":"https:\/\/www.gossip.it\/api\/wp\/v2\/media?parent=39010"}],"wp:term":[{"taxonomy":"category","embeddable":true,"href":"https:\/\/www.gossip.it\/api\/wp\/v2\/categories?post=39010"},{"taxonomy":"post_tag","embeddable":true,"href":"https:\/\/www.gossip.it\/api\/wp\/v2\/tags?post=39010"},{"taxonomy":"vip","embeddable":true,"href":"https:\/\/www.gossip.it\/api\/wp\/v2\/vip?post=39010"}],"curies":[{"name":"wp","href":"https:\/\/api.w.org\/{rel}","templated":true}]}}