{"id":39056,"date":"2013-04-26T00:00:00","date_gmt":"2013-04-25T22:00:00","guid":{"rendered":"https:\/\/www.gossip.it\/senza-categoria\/michael-buble-con-una-maschera-per-il-viso\/"},"modified":"2013-04-26T00:00:00","modified_gmt":"2013-04-25T22:00:00","slug":"michael-buble-con-una-maschera-per-il-viso","status":"publish","type":"post","link":"https:\/\/www.gossip.it\/news\/michael-buble-con-una-maschera-per-il-viso\/","title":{"rendered":"Michael Bubl\u00e9 con una maschera per il viso"},"content":{"rendered":"<p><a href=\"http:\/\/www.gossip.it\/news\/monografia.php?keyword=Michael Bubl\u00e9\">Michael Bubl\u00e9<\/a> ha posato per la moglie <a href=\"http:\/\/www.gossip.it\/news\/monografia.php?keyword=Luisana Lopilato\">Luisana Lopilato<\/a> con il volto coperto da una <b>maschera purificante<\/b> e la foto \u00e8 finita sul profilo <b>Instagram<\/b> della donna, <b>incinta<\/b> del loro primo figlio (<a href=\"http:\/\/www.gossip.it\/news\/asc_showfoto.php?ID=1366983557\"><b><u>clicca qui per ingrandire l'immagine<\/u><\/b><\/a>). Il cantante canadese deve tenerci molto all\u2019aspetto, anche se, dalla sua espressione, non sembra gradire il trattamento estetico.<\/p>\n<p>Il <b>37enne<\/b>, che in questo periodo sta promovendo il suo ultimo album \u201c<em>To Be Loved<\/em>\u201d, si \u00e8 esibito ieri mattina a sorpresa nella <b>metropolitana<\/b> di <b>New York<\/b> (alla fermata della <b>66th Street Lincoln Center<\/b>) con il gruppo a cappella <b>Naturally 7<\/b>: per la gioia delle sue fan, Michael ha cantato la sua versione del classico dei <b>Jackson 5<\/b> \u201c<em>Who's Lovin' You<\/em>\u201d. Recentemente ha raccontato che non vede l\u2019ora di diventare padre: \u201c<b><em>Non vedo l\u2019ora di essere un pap\u00e1. Sono davvero eccitato all\u2019idea<\/em><\/b>\u201d.<\/p>\n","protected":false},"excerpt":{"rendered":"<p>Michael Bubl\u00e9 ha posato per la moglie Luisana Lopilato con il volto coperto da una maschera purificante e la foto \u00e8 finita sul profilo Instagram della donna, incinta del loro primo figlio (clicca qui per ingrandire l'immagine). Il cantante canadese deve tenerci molto all\u2019aspetto, anche se, dalla sua espressione, non sembra gradire il trattamento estetico. [&hellip;]<\/p>\n","protected":false},"author":1,"featured_media":95102,"comment_status":"closed","ping_status":"closed","sticky":false,"template":"","format":"standard","meta":{"footnotes":""},"categories":[54],"tags":[4263,42495,3158,12149,42497,1942,2118,2181,2094,2121,42496,10511,36611,9549,2175,3972,1912,1913,5670,7781,39467,7346,4977],"vip":[],"class_list":["post-39056","post","type-post","status-publish","format-standard","has-post-thumbnail","hentry","category-news","tag-album","tag-colto","tag-faccia","tag-fango","tag-fermata","tag-figlio","tag-foto","tag-gravidanza","tag-incinta","tag-instagram","tag-lusiana-lopilato","tag-maschera","tag-metro","tag-michael-buble","tag-moglie","tag-new-york","tag-padre","tag-papa","tag-pelle","tag-stazione","tag-subway","tag-twitter","tag-viso"],"yoast_head":"<title>Michael Bubl\u00e9 con una maschera per il viso - Gossip.it | News sul Gossip e VIP<\/title>\n<meta name=\"description\" content=\"Michael Bubl\u00e9 ha posato per la moglie Luisana Lopilato con il volto coperto da una maschera purificante e la foto \u00e8 finita sul profilo Instagram della\" \/>\n<meta name=\"robots\" content=\"index, follow, max-snippet:-1, max-image-preview:large, max-video-preview:-1\" \/>\n<link rel=\"canonical\" href=\"https:\/\/www.gossip.it\/news\/michael-buble-con-una-maschera-per-il-viso\/\" \/>\n<meta property=\"og:locale\" content=\"it_IT\" \/>\n<meta property=\"og:type\" content=\"article\" \/>\n<meta property=\"og:title\" content=\"Michael Bubl\u00e9 con una maschera per il viso - Gossip.it | News sul Gossip e VIP\" \/>\n<meta property=\"og:description\" content=\"Michael Bubl\u00e9 ha posato per la moglie Luisana Lopilato con il volto coperto da una maschera purificante e la foto \u00e8 finita sul profilo Instagram della\" \/>\n<meta property=\"og:url\" content=\"https:\/\/www.gossip.it\/news\/michael-buble-con-una-maschera-per-il-viso\/\" \/>\n<meta property=\"og:site_name\" content=\"Gossip.it | News sul Gossip e VIP\" \/>\n<meta property=\"article:publisher\" content=\"https:\/\/www.facebook.com\/GossipIT\" \/>\n<meta property=\"article:published_time\" content=\"2013-04-25T22:00:00+00:00\" \/>\n<meta property=\"og:image\" content=\"http:\/\/www.gossip.it\/images5\/1366983557_.jpg\" \/>\n<meta name=\"author\" content=\"La Redazione\" \/>\n<meta name=\"twitter:card\" content=\"summary_large_image\" \/>\n<meta name=\"twitter:image\" content=\"http:\/\/www.gossip.it\/images5\/1366983557_.jpg\" \/>\n<meta name=\"twitter:creator\" content=\"@gossinews_it\" \/>\n<meta name=\"twitter:site\" content=\"@gossinews_it\" \/>\n<meta name=\"twitter:label1\" content=\"Scritto da\" \/>\n\t<meta name=\"twitter:data1\" content=\"Graziana Mirabile\" \/>\n\t<meta name=\"twitter:label2\" content=\"Tempo di lettura stimato\" \/>\n\t<meta name=\"twitter:data2\" content=\"1 minuto\" \/>","yoast_head_json":{"title":"Michael Bubl\u00e9 con una maschera per il viso - Gossip.it | News sul Gossip e VIP","description":"Michael Bubl\u00e9 ha posato per la moglie Luisana Lopilato con il volto coperto da una maschera purificante e la foto \u00e8 finita sul profilo Instagram della","robots":{"index":"index","follow":"follow","max-snippet":"max-snippet:-1","max-image-preview":"max-image-preview:large","max-video-preview":"max-video-preview:-1"},"canonical":"https:\/\/www.gossip.it\/news\/michael-buble-con-una-maschera-per-il-viso\/","og_locale":"it_IT","og_type":"article","og_title":"Michael Bubl\u00e9 con una maschera per il viso - Gossip.it | News sul Gossip e VIP","og_description":"Michael Bubl\u00e9 ha posato per la moglie Luisana Lopilato con il volto coperto da una maschera purificante e la foto \u00e8 finita sul profilo Instagram della","og_url":"https:\/\/www.gossip.it\/news\/michael-buble-con-una-maschera-per-il-viso\/","og_site_name":"Gossip.it | News sul Gossip e VIP","article_publisher":"https:\/\/www.facebook.com\/GossipIT","article_published_time":"2013-04-25T22:00:00+00:00","og_image":[{"url":"http:\/\/www.gossip.it\/images5\/1366983557_.jpg"}],"author":"La Redazione","twitter_card":"summary_large_image","twitter_image":"http:\/\/www.gossip.it\/images5\/1366983557_.jpg","twitter_creator":"@gossinews_it","twitter_site":"@gossinews_it","twitter_misc":{"Scritto da":"Graziana Mirabile","Tempo di lettura stimato":"1 minuto"},"schema":{"@context":"https:\/\/schema.org","@graph":[{"@type":"Article","@id":"https:\/\/www.gossip.it\/news\/michael-buble-con-una-maschera-per-il-viso\/#article","isPartOf":{"@id":"https:\/\/www.gossip.it\/news\/michael-buble-con-una-maschera-per-il-viso\/"},"author":{"name":"La Redazione","@id":"https:\/\/www.gossip.it\/#\/schema\/person\/488896f75158bff1cc83c6c39d141110"},"headline":"Michael Bubl\u00e9 con una maschera per il viso","datePublished":"2013-04-25T22:00:00+00:00","dateModified":"2013-04-25T22:00:00+00:00","mainEntityOfPage":{"@id":"https:\/\/www.gossip.it\/news\/michael-buble-con-una-maschera-per-il-viso\/"},"wordCount":147,"publisher":{"@id":"https:\/\/www.gossip.it\/#organization"},"image":{"@id":"https:\/\/www.gossip.it\/news\/michael-buble-con-una-maschera-per-il-viso\/#primaryimage"},"thumbnailUrl":"http:\/\/www.gossip.it\/images5\/1366983557_.jpg","keywords":["album","colto","faccia","fango","fermata","figlio","foto","gravidanza","incinta","instagram","lusiana lopilato","maschera","metro","michael bubl\u00e8","moglie","new york","padre","pap\u00e0","pelle","stazione","subway","twitter","viso"],"articleSection":["News"],"inLanguage":"it-IT"},{"@type":"WebPage","@id":"https:\/\/www.gossip.it\/news\/michael-buble-con-una-maschera-per-il-viso\/","url":"https:\/\/www.gossip.it\/news\/michael-buble-con-una-maschera-per-il-viso\/","name":"Michael Bubl\u00e9 con una maschera per il viso - Gossip.it | News sul Gossip e VIP","isPartOf":{"@id":"https:\/\/www.gossip.it\/#website"},"primaryImageOfPage":{"@id":"https:\/\/www.gossip.it\/news\/michael-buble-con-una-maschera-per-il-viso\/#primaryimage"},"image":{"@id":"https:\/\/www.gossip.it\/news\/michael-buble-con-una-maschera-per-il-viso\/#primaryimage"},"thumbnailUrl":"http:\/\/www.gossip.it\/images5\/1366983557_.jpg","datePublished":"2013-04-25T22:00:00+00:00","dateModified":"2013-04-25T22:00:00+00:00","description":"Michael Bubl\u00e9 ha posato per la moglie Luisana Lopilato con il volto coperto da una maschera purificante e la foto \u00e8 finita sul profilo Instagram della","breadcrumb":{"@id":"https:\/\/www.gossip.it\/news\/michael-buble-con-una-maschera-per-il-viso\/#breadcrumb"},"inLanguage":"it-IT","potentialAction":[{"@type":"ReadAction","target":["https:\/\/www.gossip.it\/news\/michael-buble-con-una-maschera-per-il-viso\/"]}]},{"@type":"ImageObject","inLanguage":"it-IT","@id":"https:\/\/www.gossip.it\/news\/michael-buble-con-una-maschera-per-il-viso\/#primaryimage","url":"http:\/\/www.gossip.it\/images5\/1366983557_.jpg","contentUrl":"http:\/\/www.gossip.it\/images5\/1366983557_.jpg"},{"@type":"BreadcrumbList","@id":"https:\/\/www.gossip.it\/news\/michael-buble-con-una-maschera-per-il-viso\/#breadcrumb","itemListElement":[{"@type":"ListItem","position":1,"name":"Home","item":"https:\/\/www.gossip.it\/"},{"@type":"ListItem","position":2,"name":"Michael Bubl\u00e9 con una maschera per il viso"}]},{"@type":"WebSite","@id":"https:\/\/www.gossip.it\/#website","url":"https:\/\/www.gossip.it\/","name":"Gossip and VIP News","description":"Quotidiano di cronaca rosa, costume e societ\u00e0","publisher":{"@id":"https:\/\/www.gossip.it\/#organization"},"alternateName":"Gossip and VIP News","potentialAction":[{"@type":"SearchAction","target":{"@type":"EntryPoint","urlTemplate":"https:\/\/www.gossip.it\/?s={search_term_string}"},"query-input":{"@type":"PropertyValueSpecification","valueRequired":true,"valueName":"search_term_string"}}],"inLanguage":"it-IT"},{"@type":"Organization","@id":"https:\/\/www.gossip.it\/#organization","name":"Gossip and VIP News","alternateName":"Gossip News","url":"https:\/\/www.gossip.it\/","logo":{"@type":"ImageObject","inLanguage":"it-IT","@id":"https:\/\/www.gossip.it\/#\/schema\/logo\/image\/","url":"https:\/\/www.gossip.it\/wp-content\/uploads\/2022\/04\/cropped-corna-alta-tiny.png","contentUrl":"https:\/\/www.gossip.it\/wp-content\/uploads\/2022\/04\/cropped-corna-alta-tiny.png","width":512,"height":512,"caption":"Gossip and VIP News"},"image":{"@id":"https:\/\/www.gossip.it\/#\/schema\/logo\/image\/"},"sameAs":["https:\/\/www.facebook.com\/GossipIT","https:\/\/x.com\/gossinews_it","https:\/\/instagram.com\/gossip_it"]},{"@type":"Person","@id":"https:\/\/www.gossip.it\/#\/schema\/person\/488896f75158bff1cc83c6c39d141110","name":"La Redazione","image":{"@type":"ImageObject","inLanguage":"it-IT","@id":"https:\/\/www.gossip.it\/#\/schema\/person\/image\/","url":"https:\/\/secure.gravatar.com\/avatar\/5a5f5c6fa3e6700e4249abdad0263a1e94e927d9e0499b1cb09c1cd29c044d80?s=96&d=mm&r=g","contentUrl":"https:\/\/secure.gravatar.com\/avatar\/5a5f5c6fa3e6700e4249abdad0263a1e94e927d9e0499b1cb09c1cd29c044d80?s=96&d=mm&r=g","caption":"La Redazione"},"sameAs":["https:\/\/www.gossip.it"]}]}},"amp_enabled":true,"_links":{"self":[{"href":"https:\/\/www.gossip.it\/api\/wp\/v2\/posts\/39056","targetHints":{"allow":["GET"]}}],"collection":[{"href":"https:\/\/www.gossip.it\/api\/wp\/v2\/posts"}],"about":[{"href":"https:\/\/www.gossip.it\/api\/wp\/v2\/types\/post"}],"author":[{"embeddable":true,"href":"https:\/\/www.gossip.it\/api\/wp\/v2\/users\/1"}],"replies":[{"embeddable":true,"href":"https:\/\/www.gossip.it\/api\/wp\/v2\/comments?post=39056"}],"version-history":[{"count":0,"href":"https:\/\/www.gossip.it\/api\/wp\/v2\/posts\/39056\/revisions"}],"wp:featuredmedia":[{"embeddable":true,"href":"https:\/\/www.gossip.it\/api\/wp\/v2\/media\/95102"}],"wp:attachment":[{"href":"https:\/\/www.gossip.it\/api\/wp\/v2\/media?parent=39056"}],"wp:term":[{"taxonomy":"category","embeddable":true,"href":"https:\/\/www.gossip.it\/api\/wp\/v2\/categories?post=39056"},{"taxonomy":"post_tag","embeddable":true,"href":"https:\/\/www.gossip.it\/api\/wp\/v2\/tags?post=39056"},{"taxonomy":"vip","embeddable":true,"href":"https:\/\/www.gossip.it\/api\/wp\/v2\/vip?post=39056"}],"curies":[{"name":"wp","href":"https:\/\/api.w.org\/{rel}","templated":true}]}}