{"id":39064,"date":"2013-04-29T00:00:00","date_gmt":"2013-04-28T22:00:00","guid":{"rendered":"https:\/\/www.gossip.it\/senza-categoria\/jessica-mazzoli-non-ho-lasciato-morgan-su-facebook\/"},"modified":"2013-04-29T00:00:00","modified_gmt":"2013-04-28T22:00:00","slug":"jessica-mazzoli-non-ho-lasciato-morgan-su-facebook","status":"publish","type":"post","link":"https:\/\/www.gossip.it\/news\/jessica-mazzoli-non-ho-lasciato-morgan-su-facebook\/","title":{"rendered":"Jessica Mazzoli: 'Non ho lasciato Morgan su Facebook'"},"content":{"rendered":"<p>Si \u00e8 difesa dalle accuse di quanti le hanno puntato il dito per aver lasciato <a href=\"http:\/\/www.gossip.it\/news\/monografia.php?keyword=Morgan\">Morgan<\/a>, padre di sua figlia <b>Lara<\/b>, via social. <a href=\"http:\/\/www.gossip.it\/news\/monografia.php?keyword=Jessica Mazzoli\">Jessica Mazzoli<\/a> l'ha fatto intervistata da <a href=\"http:\/\/www.gossip.it\/news\/monografia.php?keyword=Barbara D'Urso\">Barbara D'Urso<\/a> a <b>\"Domenica Live\"<\/b>, spiegando che le cose non sono andate esattamente cos\u00ec.<\/p>\n<p><em>\"<b>Morgan non l'ho lasciato su Facebook mentre era ricoverato<\/b>. L'ho lasciato tre settimane prima<\/em> - ha precisato l'ex concorrente di <b>\"X Factor\"<\/b> - <em>E' stato poi comunicato perch\u00e9 preferivo dirlo io, nel mio piccolo sono un personaggio pubblico. Volevo essere io a dirlo, prima che la notizia andasse in mano ad avvoltoi. E' una cosa molto brutta lasciare una persona mentre \u00e8 ricoverata\"<\/em>.<\/p>\n<p>Jessica ha raccontato che i problemi con Morgan sono iniziati quando era incinta di 7 mesi e se n'\u00e8 tornata in <b>Sardegna<\/b>: <em>\"Avrei preferito che fosse stato pi\u00f9 sincero con me. <b>Ho partorito da sola<\/b>. Lui \u00e8 arrivato il giorno dopo. Aveva scritto un comunicato sul suo sito in cui diceva che dal 16 al 30 veniva in Sardegna per stare a fianco della sua compagna. Doveva dire che in quel periodo non faceva pi\u00f9 date. Ha scritto quel comunicato, ma lui non era venuto da me. E' venuto due, tre giorni. Poi \u00e8 andato a fare un concerto la sera prima che partorissi e si \u00e8 presentato il giorno dopo. In quel momento sembrava contento. Io ero provata. Ti aspetti sempre qualcosa di pi\u00f9\"<\/em>. Dopo la nascita di Lara, l'allontanamento: <em>\"<b>Sono rimasta in Sardegna un altro mese<\/b>\"<\/em>, ha detto la donna. Si \u00e8 fatta aiutare dalla madre: <em>\"Non mi sentivo ancora pronta, anche se prima o poi devi fare da sola. Lui era a Monza, ci sentivamo delle volte. Per\u00f2 per un altro mese... Insomma, sono tornata a Monza, il mio desiderio era quello di creare una famiglia\"<\/em>.<\/p>\n<p>Invece Morgan \u00e8 stato ricoverato: <em>\"Io non c'ero quando \u00e8 successo. Non ero al corrente dell'accaduto. So solo che si \u00e8 ritrovato in ospedale. Quando mi ha chiamata, l'ho subito raggiunto, nonostante mi fossi gi\u00e0 allontanata da lui\". Poi, per\u00f2, la cantante si \u00e8 resa conto di avere una grande responsabilit\u00e0, ovvero una figlia a cui badare e poi le divergente con Morgan era troppe: \"Lui ha uno stile di vita che non mi appartiene<\/em> - ha detto - <em>Prima l'avevo intuito, ma ci sono state delle promesse e io c'ho sempre creduto. Se penso che possa valerne la pena, do sempre una possibilit\u00e0 alle persone\"<\/em>.<\/p>\n<p><b>Morgan non ha preso bene l'esternazione di Jessica sul social<\/b>, ma la ragazza ha spiego alla D'Urso anche questo punto: <em>\"Il giorno prima gli ho comunicato che avrei scritto una cosa del genere su Facebook. Lui non ha fatto niente, si \u00e8 arrabbiato ma, molto probabilmente, \u00e8 vero che certe cose debbano rimanere nell'ambito familiare\"<\/em>, ha ammesso. Per il futuro la Mazzoli non d\u00e0 spazio a un ritorno di fiamma. Ma non intende negare a Morgan il di vedere la bambina.<\/p>\n","protected":false},"excerpt":{"rendered":"<p>Si \u00e8 difesa dalle accuse di quanti le hanno puntato il dito per aver lasciato Morgan, padre di sua figlia Lara, via social. Jessica Mazzoli l'ha fatto intervistata da Barbara D'Urso a \"Domenica Live\", spiegando che le cose non sono andate esattamente cos\u00ec. \"Morgan non l'ho lasciato su Facebook mentre era ricoverato. L'ho lasciato tre [&hellip;]<\/p>\n","protected":false},"author":1,"featured_media":95110,"comment_status":"closed","ping_status":"closed","sticky":false,"template":"","format":"standard","meta":{"footnotes":""},"categories":[54],"tags":[8350,2102,7441,4790,14716,3297,12276,12278,2408,8138,1923,2097],"vip":[383,1381],"class_list":["post-39064","post","type-post","status-publish","format-standard","has-post-thumbnail","hentry","category-news","tag-clinica","tag-dichiarazioni","tag-domenica-live","tag-facebook","tag-gossip-musica","tag-gossip-tv","tag-jessica-mazzoli","tag-lara","tag-musica","tag-ricovero","tag-social","tag-tv","vip-barbara_durso","vip-morgan"],"yoast_head":"<title>Jessica Mazzoli: &#039;Non ho lasciato Morgan su Facebook&#039; - Gossip.it | News sul Gossip e VIP<\/title>\n<meta name=\"description\" content=\"Si \u00e8 difesa dalle accuse di quanti le hanno puntato il dito per aver lasciato Morgan, padre di sua figlia Lara, via social. Jessica Mazzoli l&#039;ha fatto\" \/>\n<meta name=\"robots\" content=\"index, follow, max-snippet:-1, max-image-preview:large, max-video-preview:-1\" \/>\n<link rel=\"canonical\" href=\"https:\/\/www.gossip.it\/news\/jessica-mazzoli-non-ho-lasciato-morgan-su-facebook\/\" \/>\n<meta property=\"og:locale\" content=\"it_IT\" \/>\n<meta property=\"og:type\" content=\"article\" \/>\n<meta property=\"og:title\" content=\"Jessica Mazzoli: &#039;Non ho lasciato Morgan su Facebook&#039; - Gossip.it | News sul Gossip e VIP\" \/>\n<meta property=\"og:description\" content=\"Si \u00e8 difesa dalle accuse di quanti le hanno puntato il dito per aver lasciato Morgan, padre di sua figlia Lara, via social. Jessica Mazzoli l&#039;ha fatto\" \/>\n<meta property=\"og:url\" content=\"https:\/\/www.gossip.it\/news\/jessica-mazzoli-non-ho-lasciato-morgan-su-facebook\/\" \/>\n<meta property=\"og:site_name\" content=\"Gossip.it | News sul Gossip e VIP\" \/>\n<meta property=\"article:publisher\" content=\"https:\/\/www.facebook.com\/GossipIT\" \/>\n<meta property=\"article:published_time\" content=\"2013-04-28T22:00:00+00:00\" \/>\n<meta property=\"og:image\" content=\"http:\/\/www.gossip.it\/images5\/1367230029_.jpg\" \/>\n<meta name=\"author\" content=\"La Redazione\" \/>\n<meta name=\"twitter:card\" content=\"summary_large_image\" \/>\n<meta name=\"twitter:image\" content=\"http:\/\/www.gossip.it\/images5\/1367230029_.jpg\" \/>\n<meta name=\"twitter:creator\" content=\"@gossinews_it\" \/>\n<meta name=\"twitter:site\" content=\"@gossinews_it\" \/>\n<meta name=\"twitter:label1\" content=\"Scritto da\" \/>\n\t<meta name=\"twitter:data1\" content=\"La Redazione\" \/>\n\t<meta name=\"twitter:label2\" content=\"Tempo di lettura stimato\" \/>\n\t<meta name=\"twitter:data2\" content=\"2 minuti\" \/>","yoast_head_json":{"title":"Jessica Mazzoli: 'Non ho lasciato Morgan su Facebook' - Gossip.it | News sul Gossip e VIP","description":"Si \u00e8 difesa dalle accuse di quanti le hanno puntato il dito per aver lasciato Morgan, padre di sua figlia Lara, via social. Jessica Mazzoli l'ha fatto","robots":{"index":"index","follow":"follow","max-snippet":"max-snippet:-1","max-image-preview":"max-image-preview:large","max-video-preview":"max-video-preview:-1"},"canonical":"https:\/\/www.gossip.it\/news\/jessica-mazzoli-non-ho-lasciato-morgan-su-facebook\/","og_locale":"it_IT","og_type":"article","og_title":"Jessica Mazzoli: 'Non ho lasciato Morgan su Facebook' - Gossip.it | News sul Gossip e VIP","og_description":"Si \u00e8 difesa dalle accuse di quanti le hanno puntato il dito per aver lasciato Morgan, padre di sua figlia Lara, via social. Jessica Mazzoli l'ha fatto","og_url":"https:\/\/www.gossip.it\/news\/jessica-mazzoli-non-ho-lasciato-morgan-su-facebook\/","og_site_name":"Gossip.it | News sul Gossip e VIP","article_publisher":"https:\/\/www.facebook.com\/GossipIT","article_published_time":"2013-04-28T22:00:00+00:00","og_image":[{"url":"http:\/\/www.gossip.it\/images5\/1367230029_.jpg"}],"author":"La Redazione","twitter_card":"summary_large_image","twitter_image":"http:\/\/www.gossip.it\/images5\/1367230029_.jpg","twitter_creator":"@gossinews_it","twitter_site":"@gossinews_it","twitter_misc":{"Scritto da":"La Redazione","Tempo di lettura stimato":"2 minuti"},"schema":{"@context":"https:\/\/schema.org","@graph":[{"@type":"Article","@id":"https:\/\/www.gossip.it\/news\/jessica-mazzoli-non-ho-lasciato-morgan-su-facebook\/#article","isPartOf":{"@id":"https:\/\/www.gossip.it\/news\/jessica-mazzoli-non-ho-lasciato-morgan-su-facebook\/"},"author":{"name":"La Redazione","@id":"https:\/\/www.gossip.it\/#\/schema\/person\/488896f75158bff1cc83c6c39d141110"},"headline":"Jessica Mazzoli: 'Non ho lasciato Morgan su Facebook'","datePublished":"2013-04-28T22:00:00+00:00","dateModified":"2013-04-28T22:00:00+00:00","mainEntityOfPage":{"@id":"https:\/\/www.gossip.it\/news\/jessica-mazzoli-non-ho-lasciato-morgan-su-facebook\/"},"wordCount":489,"publisher":{"@id":"https:\/\/www.gossip.it\/#organization"},"image":{"@id":"https:\/\/www.gossip.it\/news\/jessica-mazzoli-non-ho-lasciato-morgan-su-facebook\/#primaryimage"},"thumbnailUrl":"http:\/\/www.gossip.it\/images5\/1367230029_.jpg","keywords":["clinica","dichiarazioni","domenica live","facebook","gossip musica","gossip.tv","jessica mazzoli","lara","musica","ricovero","social","tv"],"articleSection":["News"],"inLanguage":"it-IT"},{"@type":"WebPage","@id":"https:\/\/www.gossip.it\/news\/jessica-mazzoli-non-ho-lasciato-morgan-su-facebook\/","url":"https:\/\/www.gossip.it\/news\/jessica-mazzoli-non-ho-lasciato-morgan-su-facebook\/","name":"Jessica Mazzoli: 'Non ho lasciato Morgan su Facebook' - Gossip.it | News sul Gossip e VIP","isPartOf":{"@id":"https:\/\/www.gossip.it\/#website"},"primaryImageOfPage":{"@id":"https:\/\/www.gossip.it\/news\/jessica-mazzoli-non-ho-lasciato-morgan-su-facebook\/#primaryimage"},"image":{"@id":"https:\/\/www.gossip.it\/news\/jessica-mazzoli-non-ho-lasciato-morgan-su-facebook\/#primaryimage"},"thumbnailUrl":"http:\/\/www.gossip.it\/images5\/1367230029_.jpg","datePublished":"2013-04-28T22:00:00+00:00","dateModified":"2013-04-28T22:00:00+00:00","description":"Si \u00e8 difesa dalle accuse di quanti le hanno puntato il dito per aver lasciato Morgan, padre di sua figlia Lara, via social. Jessica Mazzoli l'ha fatto","breadcrumb":{"@id":"https:\/\/www.gossip.it\/news\/jessica-mazzoli-non-ho-lasciato-morgan-su-facebook\/#breadcrumb"},"inLanguage":"it-IT","potentialAction":[{"@type":"ReadAction","target":["https:\/\/www.gossip.it\/news\/jessica-mazzoli-non-ho-lasciato-morgan-su-facebook\/"]}]},{"@type":"ImageObject","inLanguage":"it-IT","@id":"https:\/\/www.gossip.it\/news\/jessica-mazzoli-non-ho-lasciato-morgan-su-facebook\/#primaryimage","url":"http:\/\/www.gossip.it\/images5\/1367230029_.jpg","contentUrl":"http:\/\/www.gossip.it\/images5\/1367230029_.jpg"},{"@type":"BreadcrumbList","@id":"https:\/\/www.gossip.it\/news\/jessica-mazzoli-non-ho-lasciato-morgan-su-facebook\/#breadcrumb","itemListElement":[{"@type":"ListItem","position":1,"name":"Home","item":"https:\/\/www.gossip.it\/"},{"@type":"ListItem","position":2,"name":"Jessica Mazzoli: 'Non ho lasciato Morgan su Facebook'"}]},{"@type":"WebSite","@id":"https:\/\/www.gossip.it\/#website","url":"https:\/\/www.gossip.it\/","name":"Gossip and VIP News","description":"Quotidiano di cronaca rosa, costume e societ\u00e0","publisher":{"@id":"https:\/\/www.gossip.it\/#organization"},"alternateName":"Gossip and VIP News","potentialAction":[{"@type":"SearchAction","target":{"@type":"EntryPoint","urlTemplate":"https:\/\/www.gossip.it\/?s={search_term_string}"},"query-input":{"@type":"PropertyValueSpecification","valueRequired":true,"valueName":"search_term_string"}}],"inLanguage":"it-IT"},{"@type":"Organization","@id":"https:\/\/www.gossip.it\/#organization","name":"Gossip and VIP News","alternateName":"Gossip News","url":"https:\/\/www.gossip.it\/","logo":{"@type":"ImageObject","inLanguage":"it-IT","@id":"https:\/\/www.gossip.it\/#\/schema\/logo\/image\/","url":"https:\/\/www.gossip.it\/wp-content\/uploads\/2022\/04\/cropped-corna-alta-tiny.png","contentUrl":"https:\/\/www.gossip.it\/wp-content\/uploads\/2022\/04\/cropped-corna-alta-tiny.png","width":512,"height":512,"caption":"Gossip and VIP News"},"image":{"@id":"https:\/\/www.gossip.it\/#\/schema\/logo\/image\/"},"sameAs":["https:\/\/www.facebook.com\/GossipIT","https:\/\/x.com\/gossinews_it","https:\/\/instagram.com\/gossip_it"]},{"@type":"Person","@id":"https:\/\/www.gossip.it\/#\/schema\/person\/488896f75158bff1cc83c6c39d141110","name":"La Redazione","image":{"@type":"ImageObject","inLanguage":"it-IT","@id":"https:\/\/www.gossip.it\/#\/schema\/person\/image\/","url":"https:\/\/secure.gravatar.com\/avatar\/5a5f5c6fa3e6700e4249abdad0263a1e94e927d9e0499b1cb09c1cd29c044d80?s=96&d=mm&r=g","contentUrl":"https:\/\/secure.gravatar.com\/avatar\/5a5f5c6fa3e6700e4249abdad0263a1e94e927d9e0499b1cb09c1cd29c044d80?s=96&d=mm&r=g","caption":"La Redazione"},"sameAs":["https:\/\/www.gossip.it"]}]}},"amp_enabled":true,"_links":{"self":[{"href":"https:\/\/www.gossip.it\/api\/wp\/v2\/posts\/39064","targetHints":{"allow":["GET"]}}],"collection":[{"href":"https:\/\/www.gossip.it\/api\/wp\/v2\/posts"}],"about":[{"href":"https:\/\/www.gossip.it\/api\/wp\/v2\/types\/post"}],"author":[{"embeddable":true,"href":"https:\/\/www.gossip.it\/api\/wp\/v2\/users\/1"}],"replies":[{"embeddable":true,"href":"https:\/\/www.gossip.it\/api\/wp\/v2\/comments?post=39064"}],"version-history":[{"count":0,"href":"https:\/\/www.gossip.it\/api\/wp\/v2\/posts\/39064\/revisions"}],"wp:featuredmedia":[{"embeddable":true,"href":"https:\/\/www.gossip.it\/api\/wp\/v2\/media\/95110"}],"wp:attachment":[{"href":"https:\/\/www.gossip.it\/api\/wp\/v2\/media?parent=39064"}],"wp:term":[{"taxonomy":"category","embeddable":true,"href":"https:\/\/www.gossip.it\/api\/wp\/v2\/categories?post=39064"},{"taxonomy":"post_tag","embeddable":true,"href":"https:\/\/www.gossip.it\/api\/wp\/v2\/tags?post=39064"},{"taxonomy":"vip","embeddable":true,"href":"https:\/\/www.gossip.it\/api\/wp\/v2\/vip?post=39064"}],"curies":[{"name":"wp","href":"https:\/\/api.w.org\/{rel}","templated":true}]}}