{"id":39142,"date":"2013-05-03T00:00:00","date_gmt":"2013-05-02T22:00:00","guid":{"rendered":"https:\/\/www.gossip.it\/senza-categoria\/e-morto-massimo-catalano\/"},"modified":"2013-05-03T00:00:00","modified_gmt":"2013-05-02T22:00:00","slug":"e-morto-massimo-catalano","status":"publish","type":"post","link":"https:\/\/www.gossip.it\/news\/e-morto-massimo-catalano\/","title":{"rendered":"E' morto Massimo Catalano"},"content":{"rendered":"<p>Se n'\u00e8 andato dopo una lunga malattia. <a href=\"http:\/\/www.gossip.it\/news\/monografia.php?keyword=Massimo Catalano\">Massimo Catalano<\/a> ha salutato il mondo nella sua villa ad Amelia, in Umbria. Apprezzato jazzista, tutti avevano imparato a conoscerlo e amarlo con <b>\"Quelli della notte\"<\/b>, quando faceva ridere a crepapelle con le sue irresstibili perle di saggezza come: <em>\"E' molto meglio essere giovani, belli, ricchi e in buona salute, piuttosto che essere vecchi, brutti, poveri e malati\"<\/em>. Aveva 77 anni.<\/p>\n<p><em>\"Siamo tutti mobilitati, noi appassionati vecchi musicisti del jazz. La perdita di Massimo \u00e8 importante. Rimarr\u00e0 nel nostro lessico, resta il re della banalit\u00e0. Ormai \u00e8 diventato un must dire '\u00e8 una catalanata'<\/em> - ha spiegato addolorato l'amico <a href=\"http:\/\/www.gossip.it\/news\/monografia.php?keyword=Renzo Arbore\">Renzo Arbore<\/a> - <em><b>Era malato da tempo aveva perso la moglie nell'agosto dello scorso anno. Era rimasto solo<\/b>\"<\/em>. E ha aggiunto: <em>\"Io lo avevo conosciuto a Napoli, quando venne a fare una serata, entrambi venivamo dal jazz tradizionale e quando sono venuto a Roma abbiamo suonato insieme, abbiamo passato delle nottate meravigliose a casa mia. A Quelli della notte era spiritoso. Mi disse 'non vorrei solo suonare la tromba' e cos\u00ec gli domandai 'sai dire delle banalit\u00e0?'. Cominciammo a scherzare e vennero fuori le sue frasi. La passione, l'ironia e il sorriso sono sempre state le caratteristiche di Massimo, che volutamente si era ritirato. <b>La sua eclissi non era dovuta a un calo di popolarit\u00e0. Preferiva vivere in campagna, con la moglie e gli amici<\/b>\"<\/em>.<\/p>\n<p><em>\"Massimo era la simpatia in persona anche fuori scena<\/em> - ha ricordato <a href=\"http:\/\/www.gossip.it\/news\/monografia.php?keyword=Nino Frassica\">Nino Frassica<\/a>, altro protagonista indimenticabile di <b>\"Quelli della Notte\"<\/b> - <em>All'epoca mi chiam\u00f2 Minoli per condurre un programma su Rai2, <b>'Ritira il premio'<\/b>. Volli Massimo con me. <b>Con lui il divertimento era assicurato e continuo<\/b>. Massimo era l'unico di noi che nel programma di Arbore aveva un doppio ruolo: si alzava dal divano e diceva le sue 'catalanate'. Poi andava a suonare la tromba nell'orchestra che si chiamava 'Senza vergogna'\"<\/em>.<br \/>\n<a href=\"http:\/\/www.gossip.it\/news\/monografia.php?keyword=Maurisa Laurito\">Maurisa Laurito<\/a> non \u00e8 riuscita a trattenere un mare di lacrime: <em>\"<b>Massimo era uno di noi in un periodo davvero fortunato. Una persona cara che non c'\u00e8 pi\u00f9, un testimone di tempi meravigliosi dello spettacolo<\/b>. Quest'anno c'\u00e8 stata un'ecatombe: \u00e8 andata via <a href=\"http:\/\/www.gossip.it\/news\/monografia.php?keyword=Mariangela Melato\">Mariangela Melato<\/a> e poi il giornalista <b>Aldo De Luca<\/b>, anche lui un caro amico di noi tutti\"<\/em>.<\/p>\n<p><a href=\"http:\/\/www.gossip.it\/news\/monografia.php?keyword=Massimo Catalano\">Massimo Catalano<\/a> aveva espresso la volont\u00e0 di essere cremato, senza funerali.<\/p>\n","protected":false},"excerpt":{"rendered":"<p>Se n'\u00e8 andato dopo una lunga malattia. Massimo Catalano ha salutato il mondo nella sua villa ad Amelia, in Umbria. Apprezzato jazzista, tutti avevano imparato a conoscerlo e amarlo con \"Quelli della notte\", quando faceva ridere a crepapelle con le sue irresstibili perle di saggezza come: \"E' molto meglio essere giovani, belli, ricchi e in [&hellip;]<\/p>\n","protected":false},"author":1,"featured_media":95188,"comment_status":"closed","ping_status":"closed","sticky":false,"template":"","format":"standard","meta":{"footnotes":""},"categories":[54],"tags":[42603,2956,2102,42605,42602,42604,2097],"vip":[1267,1431,1554],"class_list":["post-39142","post","type-post","status-publish","format-standard","has-post-thumbnail","hentry","category-news","tag-catalanate","tag-comico","tag-dichiarazioni","tag-jazzista","tag-massimo-catalano","tag-quelli-della-notte","tag-tv","vip-marisa_laurito","vip-nino_frassica","vip-renzo_arbore"],"yoast_head":"<title>E&#039; morto Massimo Catalano - Gossip.it | News sul Gossip e VIP<\/title>\n<meta name=\"description\" content=\"Se n&#039;\u00e8 andato dopo una lunga malattia. Massimo Catalano ha salutato il mondo nella sua villa ad Amelia, in Umbria. Apprezzato jazzista, tutti avevano\" \/>\n<meta name=\"robots\" content=\"index, follow, max-snippet:-1, max-image-preview:large, max-video-preview:-1\" \/>\n<link rel=\"canonical\" href=\"https:\/\/www.gossip.it\/news\/e-morto-massimo-catalano\/\" \/>\n<meta property=\"og:locale\" content=\"it_IT\" \/>\n<meta property=\"og:type\" content=\"article\" \/>\n<meta property=\"og:title\" content=\"E&#039; morto Massimo Catalano - Gossip.it | News sul Gossip e VIP\" \/>\n<meta property=\"og:description\" content=\"Se n&#039;\u00e8 andato dopo una lunga malattia. Massimo Catalano ha salutato il mondo nella sua villa ad Amelia, in Umbria. Apprezzato jazzista, tutti avevano\" \/>\n<meta property=\"og:url\" content=\"https:\/\/www.gossip.it\/news\/e-morto-massimo-catalano\/\" \/>\n<meta property=\"og:site_name\" content=\"Gossip.it | News sul Gossip e VIP\" \/>\n<meta property=\"article:publisher\" content=\"https:\/\/www.facebook.com\/GossipIT\" \/>\n<meta property=\"article:published_time\" content=\"2013-05-02T22:00:00+00:00\" \/>\n<meta property=\"og:image\" content=\"http:\/\/www.gossip.it\/images5\/1367534648_.jpg\" \/>\n<meta name=\"author\" content=\"La Redazione\" \/>\n<meta name=\"twitter:card\" content=\"summary_large_image\" \/>\n<meta name=\"twitter:image\" content=\"http:\/\/www.gossip.it\/images5\/1367534648_.jpg\" \/>\n<meta name=\"twitter:creator\" content=\"@gossinews_it\" \/>\n<meta name=\"twitter:site\" content=\"@gossinews_it\" \/>\n<meta name=\"twitter:label1\" content=\"Scritto da\" \/>\n\t<meta name=\"twitter:data1\" content=\"Annamaria Capozzi\" \/>\n\t<meta name=\"twitter:label2\" content=\"Tempo di lettura stimato\" \/>\n\t<meta name=\"twitter:data2\" content=\"2 minuti\" \/>","yoast_head_json":{"title":"E' morto Massimo Catalano - Gossip.it | News sul Gossip e VIP","description":"Se n'\u00e8 andato dopo una lunga malattia. Massimo Catalano ha salutato il mondo nella sua villa ad Amelia, in Umbria. Apprezzato jazzista, tutti avevano","robots":{"index":"index","follow":"follow","max-snippet":"max-snippet:-1","max-image-preview":"max-image-preview:large","max-video-preview":"max-video-preview:-1"},"canonical":"https:\/\/www.gossip.it\/news\/e-morto-massimo-catalano\/","og_locale":"it_IT","og_type":"article","og_title":"E' morto Massimo Catalano - Gossip.it | News sul Gossip e VIP","og_description":"Se n'\u00e8 andato dopo una lunga malattia. Massimo Catalano ha salutato il mondo nella sua villa ad Amelia, in Umbria. Apprezzato jazzista, tutti avevano","og_url":"https:\/\/www.gossip.it\/news\/e-morto-massimo-catalano\/","og_site_name":"Gossip.it | News sul Gossip e VIP","article_publisher":"https:\/\/www.facebook.com\/GossipIT","article_published_time":"2013-05-02T22:00:00+00:00","og_image":[{"url":"http:\/\/www.gossip.it\/images5\/1367534648_.jpg"}],"author":"La Redazione","twitter_card":"summary_large_image","twitter_image":"http:\/\/www.gossip.it\/images5\/1367534648_.jpg","twitter_creator":"@gossinews_it","twitter_site":"@gossinews_it","twitter_misc":{"Scritto da":"Annamaria Capozzi","Tempo di lettura stimato":"2 minuti"},"schema":{"@context":"https:\/\/schema.org","@graph":[{"@type":"Article","@id":"https:\/\/www.gossip.it\/news\/e-morto-massimo-catalano\/#article","isPartOf":{"@id":"https:\/\/www.gossip.it\/news\/e-morto-massimo-catalano\/"},"author":{"name":"La Redazione","@id":"https:\/\/www.gossip.it\/#\/schema\/person\/488896f75158bff1cc83c6c39d141110"},"headline":"E' morto Massimo Catalano","datePublished":"2013-05-02T22:00:00+00:00","dateModified":"2013-05-02T22:00:00+00:00","mainEntityOfPage":{"@id":"https:\/\/www.gossip.it\/news\/e-morto-massimo-catalano\/"},"wordCount":389,"publisher":{"@id":"https:\/\/www.gossip.it\/#organization"},"image":{"@id":"https:\/\/www.gossip.it\/news\/e-morto-massimo-catalano\/#primaryimage"},"thumbnailUrl":"http:\/\/www.gossip.it\/images5\/1367534648_.jpg","keywords":["catalanate","comico","dichiarazioni","jazzista","massimo catalano","quelli della notte","tv"],"articleSection":["News"],"inLanguage":"it-IT"},{"@type":"WebPage","@id":"https:\/\/www.gossip.it\/news\/e-morto-massimo-catalano\/","url":"https:\/\/www.gossip.it\/news\/e-morto-massimo-catalano\/","name":"E' morto Massimo Catalano - Gossip.it | News sul Gossip e VIP","isPartOf":{"@id":"https:\/\/www.gossip.it\/#website"},"primaryImageOfPage":{"@id":"https:\/\/www.gossip.it\/news\/e-morto-massimo-catalano\/#primaryimage"},"image":{"@id":"https:\/\/www.gossip.it\/news\/e-morto-massimo-catalano\/#primaryimage"},"thumbnailUrl":"http:\/\/www.gossip.it\/images5\/1367534648_.jpg","datePublished":"2013-05-02T22:00:00+00:00","dateModified":"2013-05-02T22:00:00+00:00","description":"Se n'\u00e8 andato dopo una lunga malattia. Massimo Catalano ha salutato il mondo nella sua villa ad Amelia, in Umbria. Apprezzato jazzista, tutti avevano","breadcrumb":{"@id":"https:\/\/www.gossip.it\/news\/e-morto-massimo-catalano\/#breadcrumb"},"inLanguage":"it-IT","potentialAction":[{"@type":"ReadAction","target":["https:\/\/www.gossip.it\/news\/e-morto-massimo-catalano\/"]}]},{"@type":"ImageObject","inLanguage":"it-IT","@id":"https:\/\/www.gossip.it\/news\/e-morto-massimo-catalano\/#primaryimage","url":"http:\/\/www.gossip.it\/images5\/1367534648_.jpg","contentUrl":"http:\/\/www.gossip.it\/images5\/1367534648_.jpg"},{"@type":"BreadcrumbList","@id":"https:\/\/www.gossip.it\/news\/e-morto-massimo-catalano\/#breadcrumb","itemListElement":[{"@type":"ListItem","position":1,"name":"Home","item":"https:\/\/www.gossip.it\/"},{"@type":"ListItem","position":2,"name":"E' morto Massimo Catalano"}]},{"@type":"WebSite","@id":"https:\/\/www.gossip.it\/#website","url":"https:\/\/www.gossip.it\/","name":"Gossip and VIP News","description":"Quotidiano di cronaca rosa, costume e societ\u00e0","publisher":{"@id":"https:\/\/www.gossip.it\/#organization"},"alternateName":"Gossip and VIP News","potentialAction":[{"@type":"SearchAction","target":{"@type":"EntryPoint","urlTemplate":"https:\/\/www.gossip.it\/?s={search_term_string}"},"query-input":{"@type":"PropertyValueSpecification","valueRequired":true,"valueName":"search_term_string"}}],"inLanguage":"it-IT"},{"@type":"Organization","@id":"https:\/\/www.gossip.it\/#organization","name":"Gossip and VIP News","alternateName":"Gossip News","url":"https:\/\/www.gossip.it\/","logo":{"@type":"ImageObject","inLanguage":"it-IT","@id":"https:\/\/www.gossip.it\/#\/schema\/logo\/image\/","url":"https:\/\/www.gossip.it\/wp-content\/uploads\/2022\/04\/cropped-corna-alta-tiny.png","contentUrl":"https:\/\/www.gossip.it\/wp-content\/uploads\/2022\/04\/cropped-corna-alta-tiny.png","width":512,"height":512,"caption":"Gossip and VIP News"},"image":{"@id":"https:\/\/www.gossip.it\/#\/schema\/logo\/image\/"},"sameAs":["https:\/\/www.facebook.com\/GossipIT","https:\/\/x.com\/gossinews_it","https:\/\/instagram.com\/gossip_it"]},{"@type":"Person","@id":"https:\/\/www.gossip.it\/#\/schema\/person\/488896f75158bff1cc83c6c39d141110","name":"La Redazione","image":{"@type":"ImageObject","inLanguage":"it-IT","@id":"https:\/\/www.gossip.it\/#\/schema\/person\/image\/","url":"https:\/\/secure.gravatar.com\/avatar\/5a5f5c6fa3e6700e4249abdad0263a1e94e927d9e0499b1cb09c1cd29c044d80?s=96&d=mm&r=g","contentUrl":"https:\/\/secure.gravatar.com\/avatar\/5a5f5c6fa3e6700e4249abdad0263a1e94e927d9e0499b1cb09c1cd29c044d80?s=96&d=mm&r=g","caption":"La Redazione"},"sameAs":["https:\/\/www.gossip.it"]}]}},"amp_enabled":true,"_links":{"self":[{"href":"https:\/\/www.gossip.it\/api\/wp\/v2\/posts\/39142","targetHints":{"allow":["GET"]}}],"collection":[{"href":"https:\/\/www.gossip.it\/api\/wp\/v2\/posts"}],"about":[{"href":"https:\/\/www.gossip.it\/api\/wp\/v2\/types\/post"}],"author":[{"embeddable":true,"href":"https:\/\/www.gossip.it\/api\/wp\/v2\/users\/1"}],"replies":[{"embeddable":true,"href":"https:\/\/www.gossip.it\/api\/wp\/v2\/comments?post=39142"}],"version-history":[{"count":0,"href":"https:\/\/www.gossip.it\/api\/wp\/v2\/posts\/39142\/revisions"}],"wp:featuredmedia":[{"embeddable":true,"href":"https:\/\/www.gossip.it\/api\/wp\/v2\/media\/95188"}],"wp:attachment":[{"href":"https:\/\/www.gossip.it\/api\/wp\/v2\/media?parent=39142"}],"wp:term":[{"taxonomy":"category","embeddable":true,"href":"https:\/\/www.gossip.it\/api\/wp\/v2\/categories?post=39142"},{"taxonomy":"post_tag","embeddable":true,"href":"https:\/\/www.gossip.it\/api\/wp\/v2\/tags?post=39142"},{"taxonomy":"vip","embeddable":true,"href":"https:\/\/www.gossip.it\/api\/wp\/v2\/vip?post=39142"}],"curies":[{"name":"wp","href":"https:\/\/api.w.org\/{rel}","templated":true}]}}