{"id":39208,"date":"2013-05-07T00:00:00","date_gmt":"2013-05-06T22:00:00","guid":{"rendered":"https:\/\/www.gossip.it\/senza-categoria\/antonella-clerici-sta-con-presta\/"},"modified":"2013-05-07T00:00:00","modified_gmt":"2013-05-06T22:00:00","slug":"antonella-clerici-sta-con-presta","status":"publish","type":"post","link":"https:\/\/www.gossip.it\/news\/antonella-clerici-sta-con-presta\/","title":{"rendered":"Antonella Clerici sta con Presta"},"content":{"rendered":"<p><a href=\"http:\/\/www.gossip.it\/news\/monografia.php?keyword=Lucio Presta\">Lucio Presta<\/a> ne sar\u00e0 felice, ma c'erano pochi dubbi. <a href=\"http:\/\/www.gossip.it\/news\/monografia.php?keyword=Antonella Clerici\">Antonella Clerici<\/a> confida in lui e fa parte della sua scuderia di vip, perch\u00e8 non avrebbe dovuto appoggiarlo nel suo progetto pi\u00f9 grande? <b>La conduttrice sul social ha deciso di postare la foto in cui \u00e8 immortalata con indosso la felpa, gi\u00e0 indossata da <a href=\"http:\/\/www.gossip.it\/news\/monografia.php?keyword=Paola Perego\">Paola Perego<\/a>, con su scritto: <em>\"Amo Cosenza\"<\/em><\/b> (<a href=\"http:\/\/www.gossip.it\/news\/asc_showfoto.php?ID=1367927055\"><b><u>per ingrandire lo scatto clicca qui<\/u><\/b><\/a>).<\/p>\n<p><em>\"Amo Cosenza!!! W Lucio sempre...\"<\/em>, ha cinguettato Antonella. Presta a diventare sindaco della sua citt\u00e0 tiene molto. <em>\"Lo desidero fortemente perch\u00e8 vorrei rendere quello che ho avuto in dono. Vorrei farlo con una passione incredibile, dedicandogli tutto il tempo che ho. Posso garantire una visibilit\u00e0 che altrimenti Cosenza potrebbe non avere. Un punto di vantaggio? Non devo diventare ricco facendo il sindaco di Cosenza, non devo seminare e costruire nel territorio per me\"<\/em>, aveva detto lo scorso novembre, intervistato da <b>Il Quotidiano della Calabria<\/b>. E i suoi sostenitori, famosi e non, aumentano di ora in ora.<\/p>\n","protected":false},"excerpt":{"rendered":"<p>Lucio Presta ne sar\u00e0 felice, ma c'erano pochi dubbi. Antonella Clerici confida in lui e fa parte della sua scuderia di vip, perch\u00e8 non avrebbe dovuto appoggiarlo nel suo progetto pi\u00f9 grande? La conduttrice sul social ha deciso di postare la foto in cui \u00e8 immortalata con indosso la felpa, gi\u00e0 indossata da Paola Perego, [&hellip;]<\/p>\n","protected":false},"author":1,"featured_media":95254,"comment_status":"closed","ping_status":"closed","sticky":false,"template":"","format":"standard","meta":{"footnotes":""},"categories":[54],"tags":[1992,1923,2097,7346],"vip":[346,1161,1459],"class_list":["post-39208","post","type-post","status-publish","format-standard","has-post-thumbnail","hentry","category-news","tag-conduttrice","tag-social","tag-tv","tag-twitter","vip-antonella_clerici","vip-lucio_presta","vip-paola_perego"],"yoast_head":"<title>Antonella Clerici sta con Presta - Gossip.it | News sul Gossip e VIP<\/title>\n<meta name=\"description\" content=\"Lucio Presta ne sar\u00e0 felice, ma c&#039;erano pochi dubbi. Antonella Clerici confida in lui e fa parte della sua scuderia di vip, perch\u00e8 non avrebbe dovuto\" \/>\n<meta name=\"robots\" content=\"index, follow, max-snippet:-1, max-image-preview:large, max-video-preview:-1\" \/>\n<link rel=\"canonical\" href=\"https:\/\/www.gossip.it\/news\/antonella-clerici-sta-con-presta\/\" \/>\n<meta property=\"og:locale\" content=\"it_IT\" \/>\n<meta property=\"og:type\" content=\"article\" \/>\n<meta property=\"og:title\" content=\"Antonella Clerici sta con Presta - Gossip.it | News sul Gossip e VIP\" \/>\n<meta property=\"og:description\" content=\"Lucio Presta ne sar\u00e0 felice, ma c&#039;erano pochi dubbi. Antonella Clerici confida in lui e fa parte della sua scuderia di vip, perch\u00e8 non avrebbe dovuto\" \/>\n<meta property=\"og:url\" content=\"https:\/\/www.gossip.it\/news\/antonella-clerici-sta-con-presta\/\" \/>\n<meta property=\"og:site_name\" content=\"Gossip.it | News sul Gossip e VIP\" \/>\n<meta property=\"article:publisher\" content=\"https:\/\/www.facebook.com\/GossipIT\" \/>\n<meta property=\"article:published_time\" content=\"2013-05-06T22:00:00+00:00\" \/>\n<meta property=\"og:image\" content=\"http:\/\/www.gossip.it\/images5\/1367927055_.jpg\" \/>\n<meta name=\"author\" content=\"La Redazione\" \/>\n<meta name=\"twitter:card\" content=\"summary_large_image\" \/>\n<meta name=\"twitter:image\" content=\"http:\/\/www.gossip.it\/images5\/1367927055_.jpg\" \/>\n<meta name=\"twitter:creator\" content=\"@gossinews_it\" \/>\n<meta name=\"twitter:site\" content=\"@gossinews_it\" \/>\n<meta name=\"twitter:label1\" content=\"Scritto da\" \/>\n\t<meta name=\"twitter:data1\" content=\"Annamaria Capozzi\" \/>\n\t<meta name=\"twitter:label2\" content=\"Tempo di lettura stimato\" \/>\n\t<meta name=\"twitter:data2\" content=\"1 minuto\" \/>","yoast_head_json":{"title":"Antonella Clerici sta con Presta - Gossip.it | News sul Gossip e VIP","description":"Lucio Presta ne sar\u00e0 felice, ma c'erano pochi dubbi. Antonella Clerici confida in lui e fa parte della sua scuderia di vip, perch\u00e8 non avrebbe dovuto","robots":{"index":"index","follow":"follow","max-snippet":"max-snippet:-1","max-image-preview":"max-image-preview:large","max-video-preview":"max-video-preview:-1"},"canonical":"https:\/\/www.gossip.it\/news\/antonella-clerici-sta-con-presta\/","og_locale":"it_IT","og_type":"article","og_title":"Antonella Clerici sta con Presta - Gossip.it | News sul Gossip e VIP","og_description":"Lucio Presta ne sar\u00e0 felice, ma c'erano pochi dubbi. Antonella Clerici confida in lui e fa parte della sua scuderia di vip, perch\u00e8 non avrebbe dovuto","og_url":"https:\/\/www.gossip.it\/news\/antonella-clerici-sta-con-presta\/","og_site_name":"Gossip.it | News sul Gossip e VIP","article_publisher":"https:\/\/www.facebook.com\/GossipIT","article_published_time":"2013-05-06T22:00:00+00:00","og_image":[{"url":"http:\/\/www.gossip.it\/images5\/1367927055_.jpg"}],"author":"La Redazione","twitter_card":"summary_large_image","twitter_image":"http:\/\/www.gossip.it\/images5\/1367927055_.jpg","twitter_creator":"@gossinews_it","twitter_site":"@gossinews_it","twitter_misc":{"Scritto da":"Annamaria Capozzi","Tempo di lettura stimato":"1 minuto"},"schema":{"@context":"https:\/\/schema.org","@graph":[{"@type":"Article","@id":"https:\/\/www.gossip.it\/news\/antonella-clerici-sta-con-presta\/#article","isPartOf":{"@id":"https:\/\/www.gossip.it\/news\/antonella-clerici-sta-con-presta\/"},"author":{"name":"La Redazione","@id":"https:\/\/www.gossip.it\/#\/schema\/person\/488896f75158bff1cc83c6c39d141110"},"headline":"Antonella Clerici sta con Presta","datePublished":"2013-05-06T22:00:00+00:00","dateModified":"2013-05-06T22:00:00+00:00","mainEntityOfPage":{"@id":"https:\/\/www.gossip.it\/news\/antonella-clerici-sta-con-presta\/"},"wordCount":167,"publisher":{"@id":"https:\/\/www.gossip.it\/#organization"},"image":{"@id":"https:\/\/www.gossip.it\/news\/antonella-clerici-sta-con-presta\/#primaryimage"},"thumbnailUrl":"http:\/\/www.gossip.it\/images5\/1367927055_.jpg","keywords":["conduttrice","social","tv","twitter"],"articleSection":["News"],"inLanguage":"it-IT"},{"@type":"WebPage","@id":"https:\/\/www.gossip.it\/news\/antonella-clerici-sta-con-presta\/","url":"https:\/\/www.gossip.it\/news\/antonella-clerici-sta-con-presta\/","name":"Antonella Clerici sta con Presta - Gossip.it | News sul Gossip e VIP","isPartOf":{"@id":"https:\/\/www.gossip.it\/#website"},"primaryImageOfPage":{"@id":"https:\/\/www.gossip.it\/news\/antonella-clerici-sta-con-presta\/#primaryimage"},"image":{"@id":"https:\/\/www.gossip.it\/news\/antonella-clerici-sta-con-presta\/#primaryimage"},"thumbnailUrl":"http:\/\/www.gossip.it\/images5\/1367927055_.jpg","datePublished":"2013-05-06T22:00:00+00:00","dateModified":"2013-05-06T22:00:00+00:00","description":"Lucio Presta ne sar\u00e0 felice, ma c'erano pochi dubbi. Antonella Clerici confida in lui e fa parte della sua scuderia di vip, perch\u00e8 non avrebbe dovuto","breadcrumb":{"@id":"https:\/\/www.gossip.it\/news\/antonella-clerici-sta-con-presta\/#breadcrumb"},"inLanguage":"it-IT","potentialAction":[{"@type":"ReadAction","target":["https:\/\/www.gossip.it\/news\/antonella-clerici-sta-con-presta\/"]}]},{"@type":"ImageObject","inLanguage":"it-IT","@id":"https:\/\/www.gossip.it\/news\/antonella-clerici-sta-con-presta\/#primaryimage","url":"http:\/\/www.gossip.it\/images5\/1367927055_.jpg","contentUrl":"http:\/\/www.gossip.it\/images5\/1367927055_.jpg"},{"@type":"BreadcrumbList","@id":"https:\/\/www.gossip.it\/news\/antonella-clerici-sta-con-presta\/#breadcrumb","itemListElement":[{"@type":"ListItem","position":1,"name":"Home","item":"https:\/\/www.gossip.it\/"},{"@type":"ListItem","position":2,"name":"Antonella Clerici sta con Presta"}]},{"@type":"WebSite","@id":"https:\/\/www.gossip.it\/#website","url":"https:\/\/www.gossip.it\/","name":"Gossip and VIP News","description":"Quotidiano di cronaca rosa, costume e societ\u00e0","publisher":{"@id":"https:\/\/www.gossip.it\/#organization"},"alternateName":"Gossip and VIP News","potentialAction":[{"@type":"SearchAction","target":{"@type":"EntryPoint","urlTemplate":"https:\/\/www.gossip.it\/?s={search_term_string}"},"query-input":{"@type":"PropertyValueSpecification","valueRequired":true,"valueName":"search_term_string"}}],"inLanguage":"it-IT"},{"@type":"Organization","@id":"https:\/\/www.gossip.it\/#organization","name":"Gossip and VIP News","alternateName":"Gossip News","url":"https:\/\/www.gossip.it\/","logo":{"@type":"ImageObject","inLanguage":"it-IT","@id":"https:\/\/www.gossip.it\/#\/schema\/logo\/image\/","url":"https:\/\/www.gossip.it\/wp-content\/uploads\/2022\/04\/cropped-corna-alta-tiny.png","contentUrl":"https:\/\/www.gossip.it\/wp-content\/uploads\/2022\/04\/cropped-corna-alta-tiny.png","width":512,"height":512,"caption":"Gossip and VIP News"},"image":{"@id":"https:\/\/www.gossip.it\/#\/schema\/logo\/image\/"},"sameAs":["https:\/\/www.facebook.com\/GossipIT","https:\/\/x.com\/gossinews_it","https:\/\/instagram.com\/gossip_it"]},{"@type":"Person","@id":"https:\/\/www.gossip.it\/#\/schema\/person\/488896f75158bff1cc83c6c39d141110","name":"La Redazione","image":{"@type":"ImageObject","inLanguage":"it-IT","@id":"https:\/\/www.gossip.it\/#\/schema\/person\/image\/","url":"https:\/\/secure.gravatar.com\/avatar\/5a5f5c6fa3e6700e4249abdad0263a1e94e927d9e0499b1cb09c1cd29c044d80?s=96&d=mm&r=g","contentUrl":"https:\/\/secure.gravatar.com\/avatar\/5a5f5c6fa3e6700e4249abdad0263a1e94e927d9e0499b1cb09c1cd29c044d80?s=96&d=mm&r=g","caption":"La Redazione"},"sameAs":["https:\/\/www.gossip.it"]}]}},"amp_enabled":true,"_links":{"self":[{"href":"https:\/\/www.gossip.it\/api\/wp\/v2\/posts\/39208","targetHints":{"allow":["GET"]}}],"collection":[{"href":"https:\/\/www.gossip.it\/api\/wp\/v2\/posts"}],"about":[{"href":"https:\/\/www.gossip.it\/api\/wp\/v2\/types\/post"}],"author":[{"embeddable":true,"href":"https:\/\/www.gossip.it\/api\/wp\/v2\/users\/1"}],"replies":[{"embeddable":true,"href":"https:\/\/www.gossip.it\/api\/wp\/v2\/comments?post=39208"}],"version-history":[{"count":0,"href":"https:\/\/www.gossip.it\/api\/wp\/v2\/posts\/39208\/revisions"}],"wp:featuredmedia":[{"embeddable":true,"href":"https:\/\/www.gossip.it\/api\/wp\/v2\/media\/95254"}],"wp:attachment":[{"href":"https:\/\/www.gossip.it\/api\/wp\/v2\/media?parent=39208"}],"wp:term":[{"taxonomy":"category","embeddable":true,"href":"https:\/\/www.gossip.it\/api\/wp\/v2\/categories?post=39208"},{"taxonomy":"post_tag","embeddable":true,"href":"https:\/\/www.gossip.it\/api\/wp\/v2\/tags?post=39208"},{"taxonomy":"vip","embeddable":true,"href":"https:\/\/www.gossip.it\/api\/wp\/v2\/vip?post=39208"}],"curies":[{"name":"wp","href":"https:\/\/api.w.org\/{rel}","templated":true}]}}