{"id":39210,"date":"2013-05-07T00:00:00","date_gmt":"2013-05-06T22:00:00","guid":{"rendered":"https:\/\/www.gossip.it\/senza-categoria\/mazzoli-morgan-mi-chiamava-pecora-sarda\/"},"modified":"2013-05-07T00:00:00","modified_gmt":"2013-05-06T22:00:00","slug":"mazzoli-morgan-mi-chiamava-pecora-sarda","status":"publish","type":"post","link":"https:\/\/www.gossip.it\/news\/mazzoli-morgan-mi-chiamava-pecora-sarda\/","title":{"rendered":"Mazzoli: &quot;Morgan mi chiamava pecora sarda&quot;"},"content":{"rendered":"<p>E' tornata a parlare di <a href=\"http:\/\/www.gossip.it\/news\/monografia.php?keyword=Morgan\">Morgan<\/a> durante la scorsa puntata di <b>\"Verissimo\"<\/b>. <a href=\"http:\/\/www.gossip.it\/news\/monografia.php?keyword=Jessica Mazzoli\">Jessica Mazzoli<\/a>, ospite di <a href=\"http:\/\/www.gossip.it\/news\/monografia.php?keyword=Silvia Toffanin\">Silvia Toffanin<\/a>, ha accusato l'ex compagno, padre di sua figlia Lara, di averla definita <em>\"una pecora sarda\"<\/em>.<\/p>\n<p><em>\"I problemi sono cominciati quando io sono andata in Sardegna, per riposarmi<\/em> - ha raccontato Jessica - <em>Volevo che mi fosse vicina la mia famiglia, perch\u00e9 mia madre non poteva venire a Monza. Le prime due settimane lui mi rispondeva al telefono sempre con difficolt\u00e0, io pensavo per il lavoro. Dopo la seconda diretta di 'X Factor' si \u00e8 dileguato nel nulla, mi rispondevano i suoi assistenti, ed io non capivo perch\u00e9. Cos\u00ec ho affrontato la gravidanza totalmente da sola\"<\/em>. <em>\"Quando \u00e8 venuto in Sardegna<\/em> - ha proseguito l'ex concorrente di 'X Factor' - <em><b>mi ha detto che Lara sarebbe stata una bambina sarda, in senso dispregiativo. Anche di me, quando litigavamo, diceva che ero un'ignorante sarda che proveniva da una topaia<\/b>\"<\/em>.<\/p>\n<p>Accusata da molti di sfruttare la storia con Morgan per apparire, la Mazzoli sostiene il contrario: <em>\"Potrei pensare qualsiasi cosa<\/em> - ha dichiarato - <em>Gli potrei essere servita per dargli una seconda figlia, una seconda vita, per una questione di immagine. Io penso questo. <b>Mi ha usato<\/b>\"<\/em>. Con il cantante non hanno pi\u00f9 contatti: <em>\"<b>Oggi non lo sento pi\u00f9, lui la bambina pu\u00f2 vederla quando vuole<\/b><\/em> - ha spiegato Jessica - <em>Ma non mi chiama in questo momento, non lo sento da quando ha dato le dimissioni dall\u2019ospedale. Ci siamo sentiti due volte, una abbiamo litigato ed un'altra pi\u00f9 tranquilla. Ma lui non cerca di mediare, non vuole tornare. <b>Io ho deciso di allontanarmi da lui, perch\u00e9 una bambina deve vivere in un ambiente consono<\/b><\/em>\".<\/p>\n","protected":false},"excerpt":{"rendered":"<p>E' tornata a parlare di Morgan durante la scorsa puntata di \"Verissimo\". Jessica Mazzoli, ospite di Silvia Toffanin, ha accusato l'ex compagno, padre di sua figlia Lara, di averla definita \"una pecora sarda\". \"I problemi sono cominciati quando io sono andata in Sardegna, per riposarmi - ha raccontato Jessica - Volevo che mi fosse vicina [&hellip;]<\/p>\n","protected":false},"author":1,"featured_media":95256,"comment_status":"closed","ping_status":"closed","sticky":false,"template":"","format":"standard","meta":{"footnotes":""},"categories":[54],"tags":[1905,3297,2181,12276,12278,8028,2097,2208,5411],"vip":[1381,1688],"class_list":["post-39210","post","type-post","status-publish","format-standard","has-post-thumbnail","hentry","category-news","tag-figlia","tag-gossip-tv","tag-gravidanza","tag-jessica-mazzoli","tag-lara","tag-marco-castoldi","tag-tv","tag-verissimo","tag-x-factor","vip-morgan","vip-silvia_toffanin"],"yoast_head":"<title>Mazzoli: &quot;Morgan mi chiamava pecora sarda&quot; - Gossip.it | News sul Gossip e VIP<\/title>\n<meta name=\"description\" content=\"E&#039; tornata a parlare di Morgan durante la scorsa puntata di &quot;Verissimo&quot;. Jessica Mazzoli, ospite di Silvia Toffanin, ha accusato l&#039;ex compagno, padre di\" \/>\n<meta name=\"robots\" content=\"index, follow, max-snippet:-1, max-image-preview:large, max-video-preview:-1\" \/>\n<link rel=\"canonical\" href=\"https:\/\/www.gossip.it\/news\/mazzoli-morgan-mi-chiamava-pecora-sarda\/\" \/>\n<meta property=\"og:locale\" content=\"it_IT\" \/>\n<meta property=\"og:type\" content=\"article\" \/>\n<meta property=\"og:title\" content=\"Mazzoli: &quot;Morgan mi chiamava pecora sarda&quot; - Gossip.it | News sul Gossip e VIP\" \/>\n<meta property=\"og:description\" content=\"E&#039; tornata a parlare di Morgan durante la scorsa puntata di &quot;Verissimo&quot;. Jessica Mazzoli, ospite di Silvia Toffanin, ha accusato l&#039;ex compagno, padre di\" \/>\n<meta property=\"og:url\" content=\"https:\/\/www.gossip.it\/news\/mazzoli-morgan-mi-chiamava-pecora-sarda\/\" \/>\n<meta property=\"og:site_name\" content=\"Gossip.it | News sul Gossip e VIP\" \/>\n<meta property=\"article:publisher\" content=\"https:\/\/www.facebook.com\/GossipIT\" \/>\n<meta property=\"article:published_time\" content=\"2013-05-06T22:00:00+00:00\" \/>\n<meta property=\"og:image\" content=\"http:\/\/www.gossip.it\/images5\/1367927483_.jpg\" \/>\n<meta name=\"author\" content=\"La Redazione\" \/>\n<meta name=\"twitter:card\" content=\"summary_large_image\" \/>\n<meta name=\"twitter:image\" content=\"http:\/\/www.gossip.it\/images5\/1367927483_.jpg\" \/>\n<meta name=\"twitter:creator\" content=\"@gossinews_it\" \/>\n<meta name=\"twitter:site\" content=\"@gossinews_it\" \/>\n<meta name=\"twitter:label1\" content=\"Scritto da\" \/>\n\t<meta name=\"twitter:data1\" content=\"La Redazione\" \/>\n\t<meta name=\"twitter:label2\" content=\"Tempo di lettura stimato\" \/>\n\t<meta name=\"twitter:data2\" content=\"1 minuto\" \/>","yoast_head_json":{"title":"Mazzoli: &quot;Morgan mi chiamava pecora sarda&quot; - Gossip.it | News sul Gossip e VIP","description":"E' tornata a parlare di Morgan durante la scorsa puntata di \"Verissimo\". Jessica Mazzoli, ospite di Silvia Toffanin, ha accusato l'ex compagno, padre di","robots":{"index":"index","follow":"follow","max-snippet":"max-snippet:-1","max-image-preview":"max-image-preview:large","max-video-preview":"max-video-preview:-1"},"canonical":"https:\/\/www.gossip.it\/news\/mazzoli-morgan-mi-chiamava-pecora-sarda\/","og_locale":"it_IT","og_type":"article","og_title":"Mazzoli: &quot;Morgan mi chiamava pecora sarda&quot; - Gossip.it | News sul Gossip e VIP","og_description":"E' tornata a parlare di Morgan durante la scorsa puntata di \"Verissimo\". Jessica Mazzoli, ospite di Silvia Toffanin, ha accusato l'ex compagno, padre di","og_url":"https:\/\/www.gossip.it\/news\/mazzoli-morgan-mi-chiamava-pecora-sarda\/","og_site_name":"Gossip.it | News sul Gossip e VIP","article_publisher":"https:\/\/www.facebook.com\/GossipIT","article_published_time":"2013-05-06T22:00:00+00:00","og_image":[{"url":"http:\/\/www.gossip.it\/images5\/1367927483_.jpg"}],"author":"La Redazione","twitter_card":"summary_large_image","twitter_image":"http:\/\/www.gossip.it\/images5\/1367927483_.jpg","twitter_creator":"@gossinews_it","twitter_site":"@gossinews_it","twitter_misc":{"Scritto da":"La Redazione","Tempo di lettura stimato":"1 minuto"},"schema":{"@context":"https:\/\/schema.org","@graph":[{"@type":"Article","@id":"https:\/\/www.gossip.it\/news\/mazzoli-morgan-mi-chiamava-pecora-sarda\/#article","isPartOf":{"@id":"https:\/\/www.gossip.it\/news\/mazzoli-morgan-mi-chiamava-pecora-sarda\/"},"author":{"name":"La Redazione","@id":"https:\/\/www.gossip.it\/#\/schema\/person\/488896f75158bff1cc83c6c39d141110"},"headline":"Mazzoli: &quot;Morgan mi chiamava pecora sarda&quot;","datePublished":"2013-05-06T22:00:00+00:00","dateModified":"2013-05-06T22:00:00+00:00","mainEntityOfPage":{"@id":"https:\/\/www.gossip.it\/news\/mazzoli-morgan-mi-chiamava-pecora-sarda\/"},"wordCount":291,"publisher":{"@id":"https:\/\/www.gossip.it\/#organization"},"image":{"@id":"https:\/\/www.gossip.it\/news\/mazzoli-morgan-mi-chiamava-pecora-sarda\/#primaryimage"},"thumbnailUrl":"http:\/\/www.gossip.it\/images5\/1367927483_.jpg","keywords":["figlia","gossip.tv","gravidanza","jessica mazzoli","lara","marco castoldi","tv","verissimo","x factor"],"articleSection":["News"],"inLanguage":"it-IT"},{"@type":"WebPage","@id":"https:\/\/www.gossip.it\/news\/mazzoli-morgan-mi-chiamava-pecora-sarda\/","url":"https:\/\/www.gossip.it\/news\/mazzoli-morgan-mi-chiamava-pecora-sarda\/","name":"Mazzoli: &quot;Morgan mi chiamava pecora sarda&quot; - Gossip.it | News sul Gossip e VIP","isPartOf":{"@id":"https:\/\/www.gossip.it\/#website"},"primaryImageOfPage":{"@id":"https:\/\/www.gossip.it\/news\/mazzoli-morgan-mi-chiamava-pecora-sarda\/#primaryimage"},"image":{"@id":"https:\/\/www.gossip.it\/news\/mazzoli-morgan-mi-chiamava-pecora-sarda\/#primaryimage"},"thumbnailUrl":"http:\/\/www.gossip.it\/images5\/1367927483_.jpg","datePublished":"2013-05-06T22:00:00+00:00","dateModified":"2013-05-06T22:00:00+00:00","description":"E' tornata a parlare di Morgan durante la scorsa puntata di \"Verissimo\". Jessica Mazzoli, ospite di Silvia Toffanin, ha accusato l'ex compagno, padre di","breadcrumb":{"@id":"https:\/\/www.gossip.it\/news\/mazzoli-morgan-mi-chiamava-pecora-sarda\/#breadcrumb"},"inLanguage":"it-IT","potentialAction":[{"@type":"ReadAction","target":["https:\/\/www.gossip.it\/news\/mazzoli-morgan-mi-chiamava-pecora-sarda\/"]}]},{"@type":"ImageObject","inLanguage":"it-IT","@id":"https:\/\/www.gossip.it\/news\/mazzoli-morgan-mi-chiamava-pecora-sarda\/#primaryimage","url":"http:\/\/www.gossip.it\/images5\/1367927483_.jpg","contentUrl":"http:\/\/www.gossip.it\/images5\/1367927483_.jpg"},{"@type":"BreadcrumbList","@id":"https:\/\/www.gossip.it\/news\/mazzoli-morgan-mi-chiamava-pecora-sarda\/#breadcrumb","itemListElement":[{"@type":"ListItem","position":1,"name":"Home","item":"https:\/\/www.gossip.it\/"},{"@type":"ListItem","position":2,"name":"Mazzoli: &quot;Morgan mi chiamava pecora sarda&quot;"}]},{"@type":"WebSite","@id":"https:\/\/www.gossip.it\/#website","url":"https:\/\/www.gossip.it\/","name":"Gossip and VIP News","description":"Quotidiano di cronaca rosa, costume e societ\u00e0","publisher":{"@id":"https:\/\/www.gossip.it\/#organization"},"alternateName":"Gossip and VIP News","potentialAction":[{"@type":"SearchAction","target":{"@type":"EntryPoint","urlTemplate":"https:\/\/www.gossip.it\/?s={search_term_string}"},"query-input":{"@type":"PropertyValueSpecification","valueRequired":true,"valueName":"search_term_string"}}],"inLanguage":"it-IT"},{"@type":"Organization","@id":"https:\/\/www.gossip.it\/#organization","name":"Gossip and VIP News","alternateName":"Gossip News","url":"https:\/\/www.gossip.it\/","logo":{"@type":"ImageObject","inLanguage":"it-IT","@id":"https:\/\/www.gossip.it\/#\/schema\/logo\/image\/","url":"https:\/\/www.gossip.it\/wp-content\/uploads\/2022\/04\/cropped-corna-alta-tiny.png","contentUrl":"https:\/\/www.gossip.it\/wp-content\/uploads\/2022\/04\/cropped-corna-alta-tiny.png","width":512,"height":512,"caption":"Gossip and VIP News"},"image":{"@id":"https:\/\/www.gossip.it\/#\/schema\/logo\/image\/"},"sameAs":["https:\/\/www.facebook.com\/GossipIT","https:\/\/x.com\/gossinews_it","https:\/\/instagram.com\/gossip_it"]},{"@type":"Person","@id":"https:\/\/www.gossip.it\/#\/schema\/person\/488896f75158bff1cc83c6c39d141110","name":"La Redazione","image":{"@type":"ImageObject","inLanguage":"it-IT","@id":"https:\/\/www.gossip.it\/#\/schema\/person\/image\/","url":"https:\/\/secure.gravatar.com\/avatar\/5a5f5c6fa3e6700e4249abdad0263a1e94e927d9e0499b1cb09c1cd29c044d80?s=96&d=mm&r=g","contentUrl":"https:\/\/secure.gravatar.com\/avatar\/5a5f5c6fa3e6700e4249abdad0263a1e94e927d9e0499b1cb09c1cd29c044d80?s=96&d=mm&r=g","caption":"La Redazione"},"sameAs":["https:\/\/www.gossip.it"]}]}},"amp_enabled":true,"_links":{"self":[{"href":"https:\/\/www.gossip.it\/api\/wp\/v2\/posts\/39210","targetHints":{"allow":["GET"]}}],"collection":[{"href":"https:\/\/www.gossip.it\/api\/wp\/v2\/posts"}],"about":[{"href":"https:\/\/www.gossip.it\/api\/wp\/v2\/types\/post"}],"author":[{"embeddable":true,"href":"https:\/\/www.gossip.it\/api\/wp\/v2\/users\/1"}],"replies":[{"embeddable":true,"href":"https:\/\/www.gossip.it\/api\/wp\/v2\/comments?post=39210"}],"version-history":[{"count":0,"href":"https:\/\/www.gossip.it\/api\/wp\/v2\/posts\/39210\/revisions"}],"wp:featuredmedia":[{"embeddable":true,"href":"https:\/\/www.gossip.it\/api\/wp\/v2\/media\/95256"}],"wp:attachment":[{"href":"https:\/\/www.gossip.it\/api\/wp\/v2\/media?parent=39210"}],"wp:term":[{"taxonomy":"category","embeddable":true,"href":"https:\/\/www.gossip.it\/api\/wp\/v2\/categories?post=39210"},{"taxonomy":"post_tag","embeddable":true,"href":"https:\/\/www.gossip.it\/api\/wp\/v2\/tags?post=39210"},{"taxonomy":"vip","embeddable":true,"href":"https:\/\/www.gossip.it\/api\/wp\/v2\/vip?post=39210"}],"curies":[{"name":"wp","href":"https:\/\/api.w.org\/{rel}","templated":true}]}}