{"id":39394,"date":"2013-05-16T00:00:00","date_gmt":"2013-05-15T22:00:00","guid":{"rendered":"https:\/\/www.gossip.it\/senza-categoria\/paolo-villaggio-ricoverato-d-urgenza-ma-gia-dimesso\/"},"modified":"2013-05-16T00:00:00","modified_gmt":"2013-05-15T22:00:00","slug":"paolo-villaggio-ricoverato-d-urgenza-ma-gia-dimesso","status":"publish","type":"post","link":"https:\/\/www.gossip.it\/news\/paolo-villaggio-ricoverato-d-urgenza-ma-gia-dimesso\/","title":{"rendered":"Paolo Villaggio ricoverato d'urgenza, ma gi\u00e0 dimesso"},"content":{"rendered":"<p>La paura c'\u00e8 stata, ma \u00e8 gi\u00e0 passata. <a href=\"http:\/\/www.gossip.it\/news\/monografia.php?keyword=Paolo Villaggio\">Paolo Villaggio<\/a> stanotte ha accusato un malore. L'<a href=\"http:\/\/www.gossip.it\/news\/monografia.php?keyword=attore\">attore<\/a>, che ha compiuto 80 anni lo scorso 30 dicembre, si trovava nella sua abitazione a Roma.<br \/>\nVillaggio \u00e8 stato immediatamente trasportato al <b>Policlinico Umberto I<\/b> intorno alle 5 del mattino dal 118, prontamente allertato, e <b>ricoverato d'urgenza<\/b>, ma <b>poco dopo \u00e8 stato dimesso<\/b>.<\/p>\n<p><b><em>\"Ci ho parlato un'ora fa e sta perfettamente. Non \u00e8 successo assolutamente nulla. Tutte le persone di 80 anni che conosco, quelle ancora vive, stanno peggio di lui\"<\/em><\/b>, ha tenuto a precisare la figlia <b>Elisabetta<\/b> al telefono con <b>Sky Tg24<\/b>. E ha anche aggiunto: <em>\"Trovo brutto che qualcuno - non credo i medici, che hanno il segreto professionale - prende e chiama i media\"<\/em>. Riferendosi dalla fuga di notizie sul ricovero, evidentemente non apprezzata.<\/p>\n","protected":false},"excerpt":{"rendered":"<p>La paura c'\u00e8 stata, ma \u00e8 gi\u00e0 passata. Paolo Villaggio stanotte ha accusato un malore. L'attore, che ha compiuto 80 anni lo scorso 30 dicembre, si trovava nella sua abitazione a Roma. Villaggio \u00e8 stato immediatamente trasportato al Policlinico Umberto I intorno alle 5 del mattino dal 118, prontamente allertato, e ricoverato d'urgenza, ma poco [&hellip;]<\/p>\n","protected":false},"author":1,"featured_media":95440,"comment_status":"closed","ping_status":"closed","sticky":false,"template":"","format":"standard","meta":{"footnotes":""},"categories":[54],"tags":[2137,2956,6817,8138,42830,14211],"vip":[1479],"class_list":["post-39394","post","type-post","status-publish","format-standard","has-post-thumbnail","hentry","category-news","tag-attore","tag-comico","tag-ospedale","tag-ricovero","tag-umberto-i","tag-villaggio","vip-paolo_villaggio"],"yoast_head":"<title>Paolo Villaggio ricoverato d&#039;urgenza, ma gi\u00e0 dimesso - Gossip.it | News sul Gossip e VIP<\/title>\n<meta name=\"description\" content=\"La paura c&#039;\u00e8 stata, ma \u00e8 gi\u00e0 passata. Paolo Villaggio stanotte ha accusato un malore. L&#039;attore, che ha compiuto 80 anni lo scorso 30 dicembre, si trovava\" \/>\n<meta name=\"robots\" content=\"index, follow, max-snippet:-1, max-image-preview:large, max-video-preview:-1\" \/>\n<link rel=\"canonical\" href=\"https:\/\/www.gossip.it\/news\/paolo-villaggio-ricoverato-d-urgenza-ma-gia-dimesso\/\" \/>\n<meta property=\"og:locale\" content=\"it_IT\" \/>\n<meta property=\"og:type\" content=\"article\" \/>\n<meta property=\"og:title\" content=\"Paolo Villaggio ricoverato d&#039;urgenza, ma gi\u00e0 dimesso - Gossip.it | News sul Gossip e VIP\" \/>\n<meta property=\"og:description\" content=\"La paura c&#039;\u00e8 stata, ma \u00e8 gi\u00e0 passata. Paolo Villaggio stanotte ha accusato un malore. L&#039;attore, che ha compiuto 80 anni lo scorso 30 dicembre, si trovava\" \/>\n<meta property=\"og:url\" content=\"https:\/\/www.gossip.it\/news\/paolo-villaggio-ricoverato-d-urgenza-ma-gia-dimesso\/\" \/>\n<meta property=\"og:site_name\" content=\"Gossip.it | News sul Gossip e VIP\" \/>\n<meta property=\"article:publisher\" content=\"https:\/\/www.facebook.com\/GossipIT\" \/>\n<meta property=\"article:published_time\" content=\"2013-05-15T22:00:00+00:00\" \/>\n<meta property=\"og:image\" content=\"http:\/\/www.gossip.it\/images5\/1368690341_.jpg\" \/>\n<meta name=\"author\" content=\"La Redazione\" \/>\n<meta name=\"twitter:card\" content=\"summary_large_image\" \/>\n<meta name=\"twitter:image\" content=\"http:\/\/www.gossip.it\/images5\/1368690341_.jpg\" \/>\n<meta name=\"twitter:creator\" content=\"@gossinews_it\" \/>\n<meta name=\"twitter:site\" content=\"@gossinews_it\" \/>\n<meta name=\"twitter:label1\" content=\"Scritto da\" \/>\n\t<meta name=\"twitter:data1\" content=\"Annamaria Capozzi\" \/>\n\t<meta name=\"twitter:label2\" content=\"Tempo di lettura stimato\" \/>\n\t<meta name=\"twitter:data2\" content=\"1 minuto\" \/>","yoast_head_json":{"title":"Paolo Villaggio ricoverato d'urgenza, ma gi\u00e0 dimesso - Gossip.it | News sul Gossip e VIP","description":"La paura c'\u00e8 stata, ma \u00e8 gi\u00e0 passata. Paolo Villaggio stanotte ha accusato un malore. L'attore, che ha compiuto 80 anni lo scorso 30 dicembre, si trovava","robots":{"index":"index","follow":"follow","max-snippet":"max-snippet:-1","max-image-preview":"max-image-preview:large","max-video-preview":"max-video-preview:-1"},"canonical":"https:\/\/www.gossip.it\/news\/paolo-villaggio-ricoverato-d-urgenza-ma-gia-dimesso\/","og_locale":"it_IT","og_type":"article","og_title":"Paolo Villaggio ricoverato d'urgenza, ma gi\u00e0 dimesso - Gossip.it | News sul Gossip e VIP","og_description":"La paura c'\u00e8 stata, ma \u00e8 gi\u00e0 passata. Paolo Villaggio stanotte ha accusato un malore. L'attore, che ha compiuto 80 anni lo scorso 30 dicembre, si trovava","og_url":"https:\/\/www.gossip.it\/news\/paolo-villaggio-ricoverato-d-urgenza-ma-gia-dimesso\/","og_site_name":"Gossip.it | News sul Gossip e VIP","article_publisher":"https:\/\/www.facebook.com\/GossipIT","article_published_time":"2013-05-15T22:00:00+00:00","og_image":[{"url":"http:\/\/www.gossip.it\/images5\/1368690341_.jpg"}],"author":"La Redazione","twitter_card":"summary_large_image","twitter_image":"http:\/\/www.gossip.it\/images5\/1368690341_.jpg","twitter_creator":"@gossinews_it","twitter_site":"@gossinews_it","twitter_misc":{"Scritto da":"Annamaria Capozzi","Tempo di lettura stimato":"1 minuto"},"schema":{"@context":"https:\/\/schema.org","@graph":[{"@type":"Article","@id":"https:\/\/www.gossip.it\/news\/paolo-villaggio-ricoverato-d-urgenza-ma-gia-dimesso\/#article","isPartOf":{"@id":"https:\/\/www.gossip.it\/news\/paolo-villaggio-ricoverato-d-urgenza-ma-gia-dimesso\/"},"author":{"name":"La Redazione","@id":"https:\/\/www.gossip.it\/#\/schema\/person\/488896f75158bff1cc83c6c39d141110"},"headline":"Paolo Villaggio ricoverato d'urgenza, ma gi\u00e0 dimesso","datePublished":"2013-05-15T22:00:00+00:00","dateModified":"2013-05-15T22:00:00+00:00","mainEntityOfPage":{"@id":"https:\/\/www.gossip.it\/news\/paolo-villaggio-ricoverato-d-urgenza-ma-gia-dimesso\/"},"wordCount":135,"publisher":{"@id":"https:\/\/www.gossip.it\/#organization"},"image":{"@id":"https:\/\/www.gossip.it\/news\/paolo-villaggio-ricoverato-d-urgenza-ma-gia-dimesso\/#primaryimage"},"thumbnailUrl":"http:\/\/www.gossip.it\/images5\/1368690341_.jpg","keywords":["attore","comico","ospedale","ricovero","umberto I","villaggio"],"articleSection":["News"],"inLanguage":"it-IT"},{"@type":"WebPage","@id":"https:\/\/www.gossip.it\/news\/paolo-villaggio-ricoverato-d-urgenza-ma-gia-dimesso\/","url":"https:\/\/www.gossip.it\/news\/paolo-villaggio-ricoverato-d-urgenza-ma-gia-dimesso\/","name":"Paolo Villaggio ricoverato d'urgenza, ma gi\u00e0 dimesso - Gossip.it | News sul Gossip e VIP","isPartOf":{"@id":"https:\/\/www.gossip.it\/#website"},"primaryImageOfPage":{"@id":"https:\/\/www.gossip.it\/news\/paolo-villaggio-ricoverato-d-urgenza-ma-gia-dimesso\/#primaryimage"},"image":{"@id":"https:\/\/www.gossip.it\/news\/paolo-villaggio-ricoverato-d-urgenza-ma-gia-dimesso\/#primaryimage"},"thumbnailUrl":"http:\/\/www.gossip.it\/images5\/1368690341_.jpg","datePublished":"2013-05-15T22:00:00+00:00","dateModified":"2013-05-15T22:00:00+00:00","description":"La paura c'\u00e8 stata, ma \u00e8 gi\u00e0 passata. Paolo Villaggio stanotte ha accusato un malore. L'attore, che ha compiuto 80 anni lo scorso 30 dicembre, si trovava","breadcrumb":{"@id":"https:\/\/www.gossip.it\/news\/paolo-villaggio-ricoverato-d-urgenza-ma-gia-dimesso\/#breadcrumb"},"inLanguage":"it-IT","potentialAction":[{"@type":"ReadAction","target":["https:\/\/www.gossip.it\/news\/paolo-villaggio-ricoverato-d-urgenza-ma-gia-dimesso\/"]}]},{"@type":"ImageObject","inLanguage":"it-IT","@id":"https:\/\/www.gossip.it\/news\/paolo-villaggio-ricoverato-d-urgenza-ma-gia-dimesso\/#primaryimage","url":"http:\/\/www.gossip.it\/images5\/1368690341_.jpg","contentUrl":"http:\/\/www.gossip.it\/images5\/1368690341_.jpg"},{"@type":"BreadcrumbList","@id":"https:\/\/www.gossip.it\/news\/paolo-villaggio-ricoverato-d-urgenza-ma-gia-dimesso\/#breadcrumb","itemListElement":[{"@type":"ListItem","position":1,"name":"Home","item":"https:\/\/www.gossip.it\/"},{"@type":"ListItem","position":2,"name":"Paolo Villaggio ricoverato d'urgenza, ma gi\u00e0 dimesso"}]},{"@type":"WebSite","@id":"https:\/\/www.gossip.it\/#website","url":"https:\/\/www.gossip.it\/","name":"Gossip and VIP News","description":"Quotidiano di cronaca rosa, costume e societ\u00e0","publisher":{"@id":"https:\/\/www.gossip.it\/#organization"},"alternateName":"Gossip and VIP News","potentialAction":[{"@type":"SearchAction","target":{"@type":"EntryPoint","urlTemplate":"https:\/\/www.gossip.it\/?s={search_term_string}"},"query-input":{"@type":"PropertyValueSpecification","valueRequired":true,"valueName":"search_term_string"}}],"inLanguage":"it-IT"},{"@type":"Organization","@id":"https:\/\/www.gossip.it\/#organization","name":"Gossip and VIP News","alternateName":"Gossip News","url":"https:\/\/www.gossip.it\/","logo":{"@type":"ImageObject","inLanguage":"it-IT","@id":"https:\/\/www.gossip.it\/#\/schema\/logo\/image\/","url":"https:\/\/www.gossip.it\/wp-content\/uploads\/2022\/04\/cropped-corna-alta-tiny.png","contentUrl":"https:\/\/www.gossip.it\/wp-content\/uploads\/2022\/04\/cropped-corna-alta-tiny.png","width":512,"height":512,"caption":"Gossip and VIP News"},"image":{"@id":"https:\/\/www.gossip.it\/#\/schema\/logo\/image\/"},"sameAs":["https:\/\/www.facebook.com\/GossipIT","https:\/\/x.com\/gossinews_it","https:\/\/instagram.com\/gossip_it"]},{"@type":"Person","@id":"https:\/\/www.gossip.it\/#\/schema\/person\/488896f75158bff1cc83c6c39d141110","name":"La Redazione","image":{"@type":"ImageObject","inLanguage":"it-IT","@id":"https:\/\/www.gossip.it\/#\/schema\/person\/image\/","url":"https:\/\/secure.gravatar.com\/avatar\/5a5f5c6fa3e6700e4249abdad0263a1e94e927d9e0499b1cb09c1cd29c044d80?s=96&d=mm&r=g","contentUrl":"https:\/\/secure.gravatar.com\/avatar\/5a5f5c6fa3e6700e4249abdad0263a1e94e927d9e0499b1cb09c1cd29c044d80?s=96&d=mm&r=g","caption":"La Redazione"},"sameAs":["https:\/\/www.gossip.it"]}]}},"amp_enabled":true,"_links":{"self":[{"href":"https:\/\/www.gossip.it\/api\/wp\/v2\/posts\/39394","targetHints":{"allow":["GET"]}}],"collection":[{"href":"https:\/\/www.gossip.it\/api\/wp\/v2\/posts"}],"about":[{"href":"https:\/\/www.gossip.it\/api\/wp\/v2\/types\/post"}],"author":[{"embeddable":true,"href":"https:\/\/www.gossip.it\/api\/wp\/v2\/users\/1"}],"replies":[{"embeddable":true,"href":"https:\/\/www.gossip.it\/api\/wp\/v2\/comments?post=39394"}],"version-history":[{"count":0,"href":"https:\/\/www.gossip.it\/api\/wp\/v2\/posts\/39394\/revisions"}],"wp:featuredmedia":[{"embeddable":true,"href":"https:\/\/www.gossip.it\/api\/wp\/v2\/media\/95440"}],"wp:attachment":[{"href":"https:\/\/www.gossip.it\/api\/wp\/v2\/media?parent=39394"}],"wp:term":[{"taxonomy":"category","embeddable":true,"href":"https:\/\/www.gossip.it\/api\/wp\/v2\/categories?post=39394"},{"taxonomy":"post_tag","embeddable":true,"href":"https:\/\/www.gossip.it\/api\/wp\/v2\/tags?post=39394"},{"taxonomy":"vip","embeddable":true,"href":"https:\/\/www.gossip.it\/api\/wp\/v2\/vip?post=39394"}],"curies":[{"name":"wp","href":"https:\/\/api.w.org\/{rel}","templated":true}]}}