{"id":39479,"date":"2013-05-20T00:00:00","date_gmt":"2013-05-19T22:00:00","guid":{"rendered":"https:\/\/www.gossip.it\/senza-categoria\/ale-marcuzzi-agli-internazionali-di-tennis\/"},"modified":"2013-05-20T00:00:00","modified_gmt":"2013-05-19T22:00:00","slug":"ale-marcuzzi-agli-internazionali-di-tennis","status":"publish","type":"post","link":"https:\/\/www.gossip.it\/news\/ale-marcuzzi-agli-internazionali-di-tennis\/","title":{"rendered":"Ale Marcuzzi agli Internazionali di Tennis"},"content":{"rendered":"<p><a href=\"http:\/\/www.gossip.it\/news\/monografia.php?keyword=Alessia Marcuzzi\">Alessia Marcuzzi<\/a> non si \u00e8 voluta perdere gli <b>Internazionali di Tennis<\/b> a Roma. La bionda showgirl ha postato su <b>Twitter<\/b> una foto che la ritrae al suo arrivo al Foro Italico (<a href=\"http:\/\/www.gossip.it\/news\/asc_showfoto.php?ID=1369056866\"><b><u>clicca qui per ingrandire<\/u><\/b><\/a>).<\/p>\n<p>La conduttrice \u00e8 salita sugli spalti per godersi la finalissima, vinta da <a href=\"http:\/\/www.gossip.it\/news\/monografia.php?keyword=Nadal\">Nadal<\/a>. Il riusltato, per\u00f2, non le \u00e8 piaciuto: <em>\"<b>Facevo il tifo per Federer... delusione<\/b>\"<\/em>, ha scritto sul social. E un <b>follower<\/b> le ha fatto notare: <em>\"Nadal... Nadal... E' lui il pi\u00f9 forte, ha sempre vinto, ma da anni!!!\"<\/em>. Dello stesso avviso <a href=\"http:\/\/www.gossip.it\/news\/monografia.php?keyword=Cristina Chiabotto\">Cristina Chiabotto<\/a> che le ha cinguettato:<em> \"Aleeeee Nadaaalll Forver!!!! C'ero anch'io tesoro!!! Kisssss\"<\/em>.<\/p>\n","protected":false},"excerpt":{"rendered":"<p>Alessia Marcuzzi non si \u00e8 voluta perdere gli Internazionali di Tennis a Roma. La bionda showgirl ha postato su Twitter una foto che la ritrae al suo arrivo al Foro Italico (clicca qui per ingrandire). La conduttrice \u00e8 salita sugli spalti per godersi la finalissima, vinta da Nadal. Il riusltato, per\u00f2, non le \u00e8 piaciuto: [&hellip;]<\/p>\n","protected":false},"author":1,"featured_media":95525,"comment_status":"closed","ping_status":"closed","sticky":false,"template":"","format":"standard","meta":{"footnotes":""},"categories":[54],"tags":[35780,6564,32847,1923,7346],"vip":[275,540],"class_list":["post-39479","post","type-post","status-publish","format-standard","has-post-thumbnail","hentry","category-news","tag-federer","tag-internazionali-di-tennis","tag-nadal","tag-social","tag-twitter","vip-alessia_marcuzzi","vip-cristina_chiabotto"],"yoast_head":"<title>Ale Marcuzzi agli Internazionali di Tennis - Gossip.it | News sul Gossip e VIP<\/title>\n<meta name=\"description\" content=\"Alessia Marcuzzi non si \u00e8 voluta perdere gli Internazionali di Tennis a Roma. La bionda showgirl ha postato su Twitter una foto che la ritrae al suo\" \/>\n<meta name=\"robots\" content=\"index, follow, max-snippet:-1, max-image-preview:large, max-video-preview:-1\" \/>\n<link rel=\"canonical\" href=\"https:\/\/www.gossip.it\/news\/ale-marcuzzi-agli-internazionali-di-tennis\/\" \/>\n<meta property=\"og:locale\" content=\"it_IT\" \/>\n<meta property=\"og:type\" content=\"article\" \/>\n<meta property=\"og:title\" content=\"Ale Marcuzzi agli Internazionali di Tennis - Gossip.it | News sul Gossip e VIP\" \/>\n<meta property=\"og:description\" content=\"Alessia Marcuzzi non si \u00e8 voluta perdere gli Internazionali di Tennis a Roma. La bionda showgirl ha postato su Twitter una foto che la ritrae al suo\" \/>\n<meta property=\"og:url\" content=\"https:\/\/www.gossip.it\/news\/ale-marcuzzi-agli-internazionali-di-tennis\/\" \/>\n<meta property=\"og:site_name\" content=\"Gossip.it | News sul Gossip e VIP\" \/>\n<meta property=\"article:publisher\" content=\"https:\/\/www.facebook.com\/GossipIT\" \/>\n<meta property=\"article:published_time\" content=\"2013-05-19T22:00:00+00:00\" \/>\n<meta property=\"og:image\" content=\"http:\/\/www.gossip.it\/images5\/1369056866_.jpg\" \/>\n<meta name=\"author\" content=\"La Redazione\" \/>\n<meta name=\"twitter:card\" content=\"summary_large_image\" \/>\n<meta name=\"twitter:image\" content=\"http:\/\/www.gossip.it\/images5\/1369056866_.jpg\" \/>\n<meta name=\"twitter:creator\" content=\"@gossinews_it\" \/>\n<meta name=\"twitter:site\" content=\"@gossinews_it\" \/>\n<meta name=\"twitter:label1\" content=\"Scritto da\" \/>\n\t<meta name=\"twitter:data1\" content=\"Francesca Romana Domenici\" \/>","yoast_head_json":{"title":"Ale Marcuzzi agli Internazionali di Tennis - Gossip.it | News sul Gossip e VIP","description":"Alessia Marcuzzi non si \u00e8 voluta perdere gli Internazionali di Tennis a Roma. La bionda showgirl ha postato su Twitter una foto che la ritrae al suo","robots":{"index":"index","follow":"follow","max-snippet":"max-snippet:-1","max-image-preview":"max-image-preview:large","max-video-preview":"max-video-preview:-1"},"canonical":"https:\/\/www.gossip.it\/news\/ale-marcuzzi-agli-internazionali-di-tennis\/","og_locale":"it_IT","og_type":"article","og_title":"Ale Marcuzzi agli Internazionali di Tennis - Gossip.it | News sul Gossip e VIP","og_description":"Alessia Marcuzzi non si \u00e8 voluta perdere gli Internazionali di Tennis a Roma. La bionda showgirl ha postato su Twitter una foto che la ritrae al suo","og_url":"https:\/\/www.gossip.it\/news\/ale-marcuzzi-agli-internazionali-di-tennis\/","og_site_name":"Gossip.it | News sul Gossip e VIP","article_publisher":"https:\/\/www.facebook.com\/GossipIT","article_published_time":"2013-05-19T22:00:00+00:00","og_image":[{"url":"http:\/\/www.gossip.it\/images5\/1369056866_.jpg"}],"author":"La Redazione","twitter_card":"summary_large_image","twitter_image":"http:\/\/www.gossip.it\/images5\/1369056866_.jpg","twitter_creator":"@gossinews_it","twitter_site":"@gossinews_it","twitter_misc":{"Scritto da":"Francesca Romana Domenici"},"schema":{"@context":"https:\/\/schema.org","@graph":[{"@type":"Article","@id":"https:\/\/www.gossip.it\/news\/ale-marcuzzi-agli-internazionali-di-tennis\/#article","isPartOf":{"@id":"https:\/\/www.gossip.it\/news\/ale-marcuzzi-agli-internazionali-di-tennis\/"},"author":{"name":"La Redazione","@id":"https:\/\/www.gossip.it\/#\/schema\/person\/488896f75158bff1cc83c6c39d141110"},"headline":"Ale Marcuzzi agli Internazionali di Tennis","datePublished":"2013-05-19T22:00:00+00:00","dateModified":"2013-05-19T22:00:00+00:00","mainEntityOfPage":{"@id":"https:\/\/www.gossip.it\/news\/ale-marcuzzi-agli-internazionali-di-tennis\/"},"wordCount":106,"publisher":{"@id":"https:\/\/www.gossip.it\/#organization"},"image":{"@id":"https:\/\/www.gossip.it\/news\/ale-marcuzzi-agli-internazionali-di-tennis\/#primaryimage"},"thumbnailUrl":"http:\/\/www.gossip.it\/images5\/1369056866_.jpg","keywords":["federer","internazionali di tennis","nadal","social","twitter"],"articleSection":["News"],"inLanguage":"it-IT"},{"@type":"WebPage","@id":"https:\/\/www.gossip.it\/news\/ale-marcuzzi-agli-internazionali-di-tennis\/","url":"https:\/\/www.gossip.it\/news\/ale-marcuzzi-agli-internazionali-di-tennis\/","name":"Ale Marcuzzi agli Internazionali di Tennis - Gossip.it | News sul Gossip e VIP","isPartOf":{"@id":"https:\/\/www.gossip.it\/#website"},"primaryImageOfPage":{"@id":"https:\/\/www.gossip.it\/news\/ale-marcuzzi-agli-internazionali-di-tennis\/#primaryimage"},"image":{"@id":"https:\/\/www.gossip.it\/news\/ale-marcuzzi-agli-internazionali-di-tennis\/#primaryimage"},"thumbnailUrl":"http:\/\/www.gossip.it\/images5\/1369056866_.jpg","datePublished":"2013-05-19T22:00:00+00:00","dateModified":"2013-05-19T22:00:00+00:00","description":"Alessia Marcuzzi non si \u00e8 voluta perdere gli Internazionali di Tennis a Roma. La bionda showgirl ha postato su Twitter una foto che la ritrae al suo","breadcrumb":{"@id":"https:\/\/www.gossip.it\/news\/ale-marcuzzi-agli-internazionali-di-tennis\/#breadcrumb"},"inLanguage":"it-IT","potentialAction":[{"@type":"ReadAction","target":["https:\/\/www.gossip.it\/news\/ale-marcuzzi-agli-internazionali-di-tennis\/"]}]},{"@type":"ImageObject","inLanguage":"it-IT","@id":"https:\/\/www.gossip.it\/news\/ale-marcuzzi-agli-internazionali-di-tennis\/#primaryimage","url":"http:\/\/www.gossip.it\/images5\/1369056866_.jpg","contentUrl":"http:\/\/www.gossip.it\/images5\/1369056866_.jpg"},{"@type":"BreadcrumbList","@id":"https:\/\/www.gossip.it\/news\/ale-marcuzzi-agli-internazionali-di-tennis\/#breadcrumb","itemListElement":[{"@type":"ListItem","position":1,"name":"Home","item":"https:\/\/www.gossip.it\/"},{"@type":"ListItem","position":2,"name":"Ale Marcuzzi agli Internazionali di Tennis"}]},{"@type":"WebSite","@id":"https:\/\/www.gossip.it\/#website","url":"https:\/\/www.gossip.it\/","name":"Gossip and VIP News","description":"Quotidiano di cronaca rosa, costume e societ\u00e0","publisher":{"@id":"https:\/\/www.gossip.it\/#organization"},"alternateName":"Gossip and VIP News","potentialAction":[{"@type":"SearchAction","target":{"@type":"EntryPoint","urlTemplate":"https:\/\/www.gossip.it\/?s={search_term_string}"},"query-input":{"@type":"PropertyValueSpecification","valueRequired":true,"valueName":"search_term_string"}}],"inLanguage":"it-IT"},{"@type":"Organization","@id":"https:\/\/www.gossip.it\/#organization","name":"Gossip and VIP News","alternateName":"Gossip News","url":"https:\/\/www.gossip.it\/","logo":{"@type":"ImageObject","inLanguage":"it-IT","@id":"https:\/\/www.gossip.it\/#\/schema\/logo\/image\/","url":"https:\/\/www.gossip.it\/wp-content\/uploads\/2022\/04\/cropped-corna-alta-tiny.png","contentUrl":"https:\/\/www.gossip.it\/wp-content\/uploads\/2022\/04\/cropped-corna-alta-tiny.png","width":512,"height":512,"caption":"Gossip and VIP News"},"image":{"@id":"https:\/\/www.gossip.it\/#\/schema\/logo\/image\/"},"sameAs":["https:\/\/www.facebook.com\/GossipIT","https:\/\/x.com\/gossinews_it","https:\/\/instagram.com\/gossip_it"]},{"@type":"Person","@id":"https:\/\/www.gossip.it\/#\/schema\/person\/488896f75158bff1cc83c6c39d141110","name":"La Redazione","image":{"@type":"ImageObject","inLanguage":"it-IT","@id":"https:\/\/www.gossip.it\/#\/schema\/person\/image\/","url":"https:\/\/secure.gravatar.com\/avatar\/5a5f5c6fa3e6700e4249abdad0263a1e94e927d9e0499b1cb09c1cd29c044d80?s=96&d=mm&r=g","contentUrl":"https:\/\/secure.gravatar.com\/avatar\/5a5f5c6fa3e6700e4249abdad0263a1e94e927d9e0499b1cb09c1cd29c044d80?s=96&d=mm&r=g","caption":"La Redazione"},"sameAs":["https:\/\/www.gossip.it"]}]}},"amp_enabled":true,"_links":{"self":[{"href":"https:\/\/www.gossip.it\/api\/wp\/v2\/posts\/39479","targetHints":{"allow":["GET"]}}],"collection":[{"href":"https:\/\/www.gossip.it\/api\/wp\/v2\/posts"}],"about":[{"href":"https:\/\/www.gossip.it\/api\/wp\/v2\/types\/post"}],"author":[{"embeddable":true,"href":"https:\/\/www.gossip.it\/api\/wp\/v2\/users\/1"}],"replies":[{"embeddable":true,"href":"https:\/\/www.gossip.it\/api\/wp\/v2\/comments?post=39479"}],"version-history":[{"count":0,"href":"https:\/\/www.gossip.it\/api\/wp\/v2\/posts\/39479\/revisions"}],"wp:featuredmedia":[{"embeddable":true,"href":"https:\/\/www.gossip.it\/api\/wp\/v2\/media\/95525"}],"wp:attachment":[{"href":"https:\/\/www.gossip.it\/api\/wp\/v2\/media?parent=39479"}],"wp:term":[{"taxonomy":"category","embeddable":true,"href":"https:\/\/www.gossip.it\/api\/wp\/v2\/categories?post=39479"},{"taxonomy":"post_tag","embeddable":true,"href":"https:\/\/www.gossip.it\/api\/wp\/v2\/tags?post=39479"},{"taxonomy":"vip","embeddable":true,"href":"https:\/\/www.gossip.it\/api\/wp\/v2\/vip?post=39479"}],"curies":[{"name":"wp","href":"https:\/\/api.w.org\/{rel}","templated":true}]}}