{"id":39500,"date":"2013-05-21T00:00:00","date_gmt":"2013-05-20T22:00:00","guid":{"rendered":"https:\/\/www.gossip.it\/senza-categoria\/sara-ventura-la-manina-di-enea-sul-social\/"},"modified":"2013-05-21T00:00:00","modified_gmt":"2013-05-20T22:00:00","slug":"sara-ventura-la-manina-di-enea-sul-social","status":"publish","type":"post","link":"https:\/\/www.gossip.it\/news\/sara-ventura-la-manina-di-enea-sul-social\/","title":{"rendered":"Sara Ventura, la manina di Enea sul social"},"content":{"rendered":"<p>Venerd\u00ec 17 maggio \u00e8 nato il piccolo <b>Enea<\/b>. <a href=\"http:\/\/www.gossip.it\/news\/monografia.php?keyword=Sara Ventura\">Sara Ventura<\/a> \u00e8 diventata mamma, dopo una <b>gravidanza<\/b> lunghissima. Il pupetto proprio non ne voleva sapere di lasciare il confortevole grembo materno, ma alla fine \u00e8 arrivato e ora, insieme alla mammina, ha lasciato l'ospedale: <em>\"Finalmente a casa... La Vita comincia...\"<\/em>, cinguetta la sorella di <a href=\"http:\/\/www.gossip.it\/news\/monografia.php?keyword=Simona Ventura\">Simona Ventura<\/a> su Twitter e posta una foto della manina dell'erede (<a href=\"http:\/\/www.gossip.it\/news\/asc_showfoto.php?ID=1369136472\"><b><u>clicca qui per ingrandire<\/u><\/b><\/a>).<\/p>\n<p>Una mano piuttosto grandicella per essere un beb\u00e8 di pochi giorni. Ma visto che \u00e8 rimasto per un bel po' nel <b>pancione<\/b>, ha avuto tutto il tempo di crescere. Enea \u00e8 il frutto dell'amore tra Sara e il marito, <a href=\"http:\/\/www.gossip.it\/news\/monografia.php?keyword=Andrea Morri\">Andrea Morri<\/a>.<\/p>\n","protected":false},"excerpt":{"rendered":"<p>Venerd\u00ec 17 maggio \u00e8 nato il piccolo Enea. Sara Ventura \u00e8 diventata mamma, dopo una gravidanza lunghissima. Il pupetto proprio non ne voleva sapere di lasciare il confortevole grembo materno, ma alla fine \u00e8 arrivato e ora, insieme alla mammina, ha lasciato l'ospedale: \"Finalmente a casa... La Vita comincia...\", cinguetta la sorella di Simona Ventura [&hellip;]<\/p>\n","protected":false},"author":1,"featured_media":95546,"comment_status":"closed","ping_status":"closed","sticky":false,"template":"","format":"standard","meta":{"footnotes":""},"categories":[54],"tags":[42921,2154,9316,2181,2187,6308,1923,7346],"vip":[1698],"class_list":["post-39500","post","type-post","status-publish","format-standard","has-post-thumbnail","hentry","category-news","tag-andrea-murri","tag-bebe","tag-enea","tag-gravidanza","tag-parto","tag-sara-ventura","tag-social","tag-twitter","vip-simona_ventura"],"yoast_head":"<title>Sara Ventura, la manina di Enea sul social - Gossip.it | News sul Gossip e VIP<\/title>\n<meta name=\"description\" content=\"Venerd\u00ec 17 maggio \u00e8 nato il piccolo Enea. Sara Ventura \u00e8 diventata mamma, dopo una gravidanza lunghissima. Il pupetto proprio non ne voleva sapere di\" \/>\n<meta name=\"robots\" content=\"index, follow, max-snippet:-1, max-image-preview:large, max-video-preview:-1\" \/>\n<link rel=\"canonical\" href=\"https:\/\/www.gossip.it\/news\/sara-ventura-la-manina-di-enea-sul-social\/\" \/>\n<meta property=\"og:locale\" content=\"it_IT\" \/>\n<meta property=\"og:type\" content=\"article\" \/>\n<meta property=\"og:title\" content=\"Sara Ventura, la manina di Enea sul social - Gossip.it | News sul Gossip e VIP\" \/>\n<meta property=\"og:description\" content=\"Venerd\u00ec 17 maggio \u00e8 nato il piccolo Enea. Sara Ventura \u00e8 diventata mamma, dopo una gravidanza lunghissima. Il pupetto proprio non ne voleva sapere di\" \/>\n<meta property=\"og:url\" content=\"https:\/\/www.gossip.it\/news\/sara-ventura-la-manina-di-enea-sul-social\/\" \/>\n<meta property=\"og:site_name\" content=\"Gossip.it | News sul Gossip e VIP\" \/>\n<meta property=\"article:publisher\" content=\"https:\/\/www.facebook.com\/GossipIT\" \/>\n<meta property=\"article:published_time\" content=\"2013-05-20T22:00:00+00:00\" \/>\n<meta property=\"og:image\" content=\"http:\/\/www.gossip.it\/images5\/1369136472_.jpg\" \/>\n<meta name=\"author\" content=\"La Redazione\" \/>\n<meta name=\"twitter:card\" content=\"summary_large_image\" \/>\n<meta name=\"twitter:image\" content=\"http:\/\/www.gossip.it\/images5\/1369136472_.jpg\" \/>\n<meta name=\"twitter:creator\" content=\"@gossinews_it\" \/>\n<meta name=\"twitter:site\" content=\"@gossinews_it\" \/>\n<meta name=\"twitter:label1\" content=\"Scritto da\" \/>\n\t<meta name=\"twitter:data1\" content=\"Francesca Romana Domenici\" \/>\n\t<meta name=\"twitter:label2\" content=\"Tempo di lettura stimato\" \/>\n\t<meta name=\"twitter:data2\" content=\"1 minuto\" \/>","yoast_head_json":{"title":"Sara Ventura, la manina di Enea sul social - Gossip.it | News sul Gossip e VIP","description":"Venerd\u00ec 17 maggio \u00e8 nato il piccolo Enea. Sara Ventura \u00e8 diventata mamma, dopo una gravidanza lunghissima. Il pupetto proprio non ne voleva sapere di","robots":{"index":"index","follow":"follow","max-snippet":"max-snippet:-1","max-image-preview":"max-image-preview:large","max-video-preview":"max-video-preview:-1"},"canonical":"https:\/\/www.gossip.it\/news\/sara-ventura-la-manina-di-enea-sul-social\/","og_locale":"it_IT","og_type":"article","og_title":"Sara Ventura, la manina di Enea sul social - Gossip.it | News sul Gossip e VIP","og_description":"Venerd\u00ec 17 maggio \u00e8 nato il piccolo Enea. Sara Ventura \u00e8 diventata mamma, dopo una gravidanza lunghissima. Il pupetto proprio non ne voleva sapere di","og_url":"https:\/\/www.gossip.it\/news\/sara-ventura-la-manina-di-enea-sul-social\/","og_site_name":"Gossip.it | News sul Gossip e VIP","article_publisher":"https:\/\/www.facebook.com\/GossipIT","article_published_time":"2013-05-20T22:00:00+00:00","og_image":[{"url":"http:\/\/www.gossip.it\/images5\/1369136472_.jpg"}],"author":"La Redazione","twitter_card":"summary_large_image","twitter_image":"http:\/\/www.gossip.it\/images5\/1369136472_.jpg","twitter_creator":"@gossinews_it","twitter_site":"@gossinews_it","twitter_misc":{"Scritto da":"Francesca Romana Domenici","Tempo di lettura stimato":"1 minuto"},"schema":{"@context":"https:\/\/schema.org","@graph":[{"@type":"Article","@id":"https:\/\/www.gossip.it\/news\/sara-ventura-la-manina-di-enea-sul-social\/#article","isPartOf":{"@id":"https:\/\/www.gossip.it\/news\/sara-ventura-la-manina-di-enea-sul-social\/"},"author":{"name":"La Redazione","@id":"https:\/\/www.gossip.it\/#\/schema\/person\/488896f75158bff1cc83c6c39d141110"},"headline":"Sara Ventura, la manina di Enea sul social","datePublished":"2013-05-20T22:00:00+00:00","dateModified":"2013-05-20T22:00:00+00:00","mainEntityOfPage":{"@id":"https:\/\/www.gossip.it\/news\/sara-ventura-la-manina-di-enea-sul-social\/"},"wordCount":114,"publisher":{"@id":"https:\/\/www.gossip.it\/#organization"},"image":{"@id":"https:\/\/www.gossip.it\/news\/sara-ventura-la-manina-di-enea-sul-social\/#primaryimage"},"thumbnailUrl":"http:\/\/www.gossip.it\/images5\/1369136472_.jpg","keywords":["andrea murri","beb\u00e8","enea","gravidanza","parto","sara ventura","social","twitter"],"articleSection":["News"],"inLanguage":"it-IT"},{"@type":"WebPage","@id":"https:\/\/www.gossip.it\/news\/sara-ventura-la-manina-di-enea-sul-social\/","url":"https:\/\/www.gossip.it\/news\/sara-ventura-la-manina-di-enea-sul-social\/","name":"Sara Ventura, la manina di Enea sul social - Gossip.it | News sul Gossip e VIP","isPartOf":{"@id":"https:\/\/www.gossip.it\/#website"},"primaryImageOfPage":{"@id":"https:\/\/www.gossip.it\/news\/sara-ventura-la-manina-di-enea-sul-social\/#primaryimage"},"image":{"@id":"https:\/\/www.gossip.it\/news\/sara-ventura-la-manina-di-enea-sul-social\/#primaryimage"},"thumbnailUrl":"http:\/\/www.gossip.it\/images5\/1369136472_.jpg","datePublished":"2013-05-20T22:00:00+00:00","dateModified":"2013-05-20T22:00:00+00:00","description":"Venerd\u00ec 17 maggio \u00e8 nato il piccolo Enea. Sara Ventura \u00e8 diventata mamma, dopo una gravidanza lunghissima. Il pupetto proprio non ne voleva sapere di","breadcrumb":{"@id":"https:\/\/www.gossip.it\/news\/sara-ventura-la-manina-di-enea-sul-social\/#breadcrumb"},"inLanguage":"it-IT","potentialAction":[{"@type":"ReadAction","target":["https:\/\/www.gossip.it\/news\/sara-ventura-la-manina-di-enea-sul-social\/"]}]},{"@type":"ImageObject","inLanguage":"it-IT","@id":"https:\/\/www.gossip.it\/news\/sara-ventura-la-manina-di-enea-sul-social\/#primaryimage","url":"http:\/\/www.gossip.it\/images5\/1369136472_.jpg","contentUrl":"http:\/\/www.gossip.it\/images5\/1369136472_.jpg"},{"@type":"BreadcrumbList","@id":"https:\/\/www.gossip.it\/news\/sara-ventura-la-manina-di-enea-sul-social\/#breadcrumb","itemListElement":[{"@type":"ListItem","position":1,"name":"Home","item":"https:\/\/www.gossip.it\/"},{"@type":"ListItem","position":2,"name":"Sara Ventura, la manina di Enea sul social"}]},{"@type":"WebSite","@id":"https:\/\/www.gossip.it\/#website","url":"https:\/\/www.gossip.it\/","name":"Gossip and VIP News","description":"Quotidiano di cronaca rosa, costume e societ\u00e0","publisher":{"@id":"https:\/\/www.gossip.it\/#organization"},"alternateName":"Gossip and VIP News","potentialAction":[{"@type":"SearchAction","target":{"@type":"EntryPoint","urlTemplate":"https:\/\/www.gossip.it\/?s={search_term_string}"},"query-input":{"@type":"PropertyValueSpecification","valueRequired":true,"valueName":"search_term_string"}}],"inLanguage":"it-IT"},{"@type":"Organization","@id":"https:\/\/www.gossip.it\/#organization","name":"Gossip and VIP News","alternateName":"Gossip News","url":"https:\/\/www.gossip.it\/","logo":{"@type":"ImageObject","inLanguage":"it-IT","@id":"https:\/\/www.gossip.it\/#\/schema\/logo\/image\/","url":"https:\/\/www.gossip.it\/wp-content\/uploads\/2022\/04\/cropped-corna-alta-tiny.png","contentUrl":"https:\/\/www.gossip.it\/wp-content\/uploads\/2022\/04\/cropped-corna-alta-tiny.png","width":512,"height":512,"caption":"Gossip and VIP News"},"image":{"@id":"https:\/\/www.gossip.it\/#\/schema\/logo\/image\/"},"sameAs":["https:\/\/www.facebook.com\/GossipIT","https:\/\/x.com\/gossinews_it","https:\/\/instagram.com\/gossip_it"]},{"@type":"Person","@id":"https:\/\/www.gossip.it\/#\/schema\/person\/488896f75158bff1cc83c6c39d141110","name":"La Redazione","image":{"@type":"ImageObject","inLanguage":"it-IT","@id":"https:\/\/www.gossip.it\/#\/schema\/person\/image\/","url":"https:\/\/secure.gravatar.com\/avatar\/5a5f5c6fa3e6700e4249abdad0263a1e94e927d9e0499b1cb09c1cd29c044d80?s=96&d=mm&r=g","contentUrl":"https:\/\/secure.gravatar.com\/avatar\/5a5f5c6fa3e6700e4249abdad0263a1e94e927d9e0499b1cb09c1cd29c044d80?s=96&d=mm&r=g","caption":"La Redazione"},"sameAs":["https:\/\/www.gossip.it"]}]}},"amp_enabled":true,"_links":{"self":[{"href":"https:\/\/www.gossip.it\/api\/wp\/v2\/posts\/39500","targetHints":{"allow":["GET"]}}],"collection":[{"href":"https:\/\/www.gossip.it\/api\/wp\/v2\/posts"}],"about":[{"href":"https:\/\/www.gossip.it\/api\/wp\/v2\/types\/post"}],"author":[{"embeddable":true,"href":"https:\/\/www.gossip.it\/api\/wp\/v2\/users\/1"}],"replies":[{"embeddable":true,"href":"https:\/\/www.gossip.it\/api\/wp\/v2\/comments?post=39500"}],"version-history":[{"count":0,"href":"https:\/\/www.gossip.it\/api\/wp\/v2\/posts\/39500\/revisions"}],"wp:featuredmedia":[{"embeddable":true,"href":"https:\/\/www.gossip.it\/api\/wp\/v2\/media\/95546"}],"wp:attachment":[{"href":"https:\/\/www.gossip.it\/api\/wp\/v2\/media?parent=39500"}],"wp:term":[{"taxonomy":"category","embeddable":true,"href":"https:\/\/www.gossip.it\/api\/wp\/v2\/categories?post=39500"},{"taxonomy":"post_tag","embeddable":true,"href":"https:\/\/www.gossip.it\/api\/wp\/v2\/tags?post=39500"},{"taxonomy":"vip","embeddable":true,"href":"https:\/\/www.gossip.it\/api\/wp\/v2\/vip?post=39500"}],"curies":[{"name":"wp","href":"https:\/\/api.w.org\/{rel}","templated":true}]}}