{"id":39531,"date":"2013-05-22T00:00:00","date_gmt":"2013-05-21T22:00:00","guid":{"rendered":"https:\/\/www.gossip.it\/senza-categoria\/angela-melillo-addio-ezio\/"},"modified":"2013-05-22T00:00:00","modified_gmt":"2013-05-21T22:00:00","slug":"angela-melillo-addio-ezio","status":"publish","type":"post","link":"https:\/\/www.gossip.it\/news\/angela-melillo-addio-ezio\/","title":{"rendered":"Angela Melillo, addio Ezio"},"content":{"rendered":"<p>Si sono sposati il 3 luglio del 2006. A pochi mesi da loro settimo anniversario, <a href=\"http:\/\/www.gossip.it\/news\/monografia.php?keyword=Angela Melillo\">Angela Melillo<\/a> e il marito Ezio Bastianelli hanno deciso di mettere la parola fine al loro matrimonio. Dalla loro unione \u00e8 nata, il 30 maggio 2008, la piccola <b>Mia<\/b>.<\/p>\n<p>Angela Melillo ha raccontato a <em>Diva e Donna<\/em> come sono arrivati a dirsi addio con l'ormai ex dolce met\u00e0. La crisi, ha spiegato, \u00e8 iniziata un po' di tempo fa, <em>\"ma ha raggiunto l'apice l'estate scorsa, a giugno. Solo da pochi giorni abbiamo ufficializzato la nostra separazione\"<\/em>. <em>\"Da parecchio tempo<\/em> - prosegue la showgirl - <em>non riuscivamo pi\u00f9 a comprenderci: eravamo sempre scontenti e questo ci ha allontanato. Ci siamo resi conto che non eravamo pi\u00f9 felici e che qualcosa era cambiato. In pi\u00f9, purtroppo, io negli ultimi due anni ho vissuto un grande dramma familiare: <b>la perdita di mia madre<\/b> e questo sicuramente ha creato in me destabilizzazione e dolore. Ho affrontato questo momento molto drammatico con grande coraggio e Ezio, a suo modo, mi \u00e8 stato vicino. Eravamo consapevoli che in quel momento i nostri problemi andavano messi da parte, in attesa che il mio dolore per la perdita andavano messi da parte, in attesa che il mio dolore per la perdita di mia madre si affievolisse. <b>Man mano che mi abituavo all'idea della mia perdita e cominciavo a tornare al mio quotidiano, per\u00f2, mi sono ritrovata a fronteggiare i nostri problemi. L'uomo che volevo vicino per risolverli, era spesso distratto da altro. E sentivo che non ero felice<\/b>\"<\/em>.<\/p>\n<p>Con il suo Ezio Angela non si sentiva pi\u00f9 in sintonia, si \u00e8 sentita sola e <em>\"mi sono resa conto<\/em> - dice - <em>che nella scala dei valori non avevamo pi\u00f9 le stesse priorit\u00e0\"<\/em>. <b>L'ex marito l'ha delusa<\/b>  in alcuni suoi atteggiamenti e, quando hanno provato a riavvicinarsi, le cose non sono andate bene. Ezio ha comunque rappresentato per lei una delle parentesi pi\u00f9 belle della sua vita. E' stato un amore profondo, anche se le ferite del cuore si devono ancora rimarginare.<\/p>\n<p> <b>La Melillo e l'ex marito hanno pensato anche al bene della loro piccola<\/b>: <em>\"Abbiamo cercato il modo pi\u00f9 normale possibile, facendole capire che anche se mamma e pap\u00e0 non vivranno pi\u00f9 insieme per lei non cambier\u00e0 nulla. Siamo, e saremo sempre, il suo punto di riferimento\"<\/em>. <em>\"Mia<\/em> - aggiunge Angela - <em>vive con me o con il pap\u00e0 secondo gli accordi stabiliti. A oggi abbiamo raggiunto un equilibrio, anche se non \u00e8 stato semplice perch\u00e9 ci siamo dovuti abituare a ritmi totalmente diversi. Siamo per\u00f2 due persone intelligenti e amiamo follemente nostra figlia. Credo che come anche Enzo si impegner\u00e0 al massimo per far s\u00ec che lei non soffra troppo di questa nostra decisione, cercando di non far pesare le nostre scelte sulla sua vita. Considerando che la vita a volte ci porta dove lei decide e non dove noi saremmo voluti andare\"<\/em>.<\/p>\n","protected":false},"excerpt":{"rendered":"<p>Si sono sposati il 3 luglio del 2006. A pochi mesi da loro settimo anniversario, Angela Melillo e il marito Ezio Bastianelli hanno deciso di mettere la parola fine al loro matrimonio. Dalla loro unione \u00e8 nata, il 30 maggio 2008, la piccola Mia. Angela Melillo ha raccontato a Diva e Donna come sono arrivati [&hellip;]<\/p>\n","protected":false},"author":1,"featured_media":95577,"comment_status":"closed","ping_status":"closed","sticky":false,"template":"","format":"standard","meta":{"footnotes":""},"categories":[54],"tags":[2188,2102,5306,20972,1950,6985,4144],"vip":[322],"class_list":["post-39531","post","type-post","status-publish","format-standard","has-post-thumbnail","hentry","category-news","tag-crisi","tag-dichiarazioni","tag-divorzio","tag-ezio-bastianelli","tag-matrimonio","tag-mia","tag-separazione","vip-angela_melillo"],"yoast_head":"<title>Angela Melillo, addio Ezio - Gossip.it | News sul Gossip e VIP<\/title>\n<meta name=\"description\" content=\"Si sono sposati il 3 luglio del 2006. A pochi mesi da loro settimo anniversario, Angela Melillo e il marito Ezio Bastianelli hanno deciso di mettere la\" \/>\n<meta name=\"robots\" content=\"index, follow, max-snippet:-1, max-image-preview:large, max-video-preview:-1\" \/>\n<link rel=\"canonical\" href=\"https:\/\/www.gossip.it\/news\/angela-melillo-addio-ezio\/\" \/>\n<meta property=\"og:locale\" content=\"it_IT\" \/>\n<meta property=\"og:type\" content=\"article\" \/>\n<meta property=\"og:title\" content=\"Angela Melillo, addio Ezio - Gossip.it | News sul Gossip e VIP\" \/>\n<meta property=\"og:description\" content=\"Si sono sposati il 3 luglio del 2006. A pochi mesi da loro settimo anniversario, Angela Melillo e il marito Ezio Bastianelli hanno deciso di mettere la\" \/>\n<meta property=\"og:url\" content=\"https:\/\/www.gossip.it\/news\/angela-melillo-addio-ezio\/\" \/>\n<meta property=\"og:site_name\" content=\"Gossip.it | News sul Gossip e VIP\" \/>\n<meta property=\"article:publisher\" content=\"https:\/\/www.facebook.com\/GossipIT\" \/>\n<meta property=\"article:published_time\" content=\"2013-05-21T22:00:00+00:00\" \/>\n<meta property=\"og:image\" content=\"http:\/\/www.gossip.it\/images5\/1369226520_.jpg\" \/>\n<meta name=\"author\" content=\"La Redazione\" \/>\n<meta name=\"twitter:card\" content=\"summary_large_image\" \/>\n<meta name=\"twitter:image\" content=\"http:\/\/www.gossip.it\/images5\/1369226520_.jpg\" \/>\n<meta name=\"twitter:creator\" content=\"@gossinews_it\" \/>\n<meta name=\"twitter:site\" content=\"@gossinews_it\" \/>\n<meta name=\"twitter:label1\" content=\"Scritto da\" \/>\n\t<meta name=\"twitter:data1\" content=\"Francesca Romana Domenici\" \/>\n\t<meta name=\"twitter:label2\" content=\"Tempo di lettura stimato\" \/>\n\t<meta name=\"twitter:data2\" content=\"2 minuti\" \/>","yoast_head_json":{"title":"Angela Melillo, addio Ezio - Gossip.it | News sul Gossip e VIP","description":"Si sono sposati il 3 luglio del 2006. A pochi mesi da loro settimo anniversario, Angela Melillo e il marito Ezio Bastianelli hanno deciso di mettere la","robots":{"index":"index","follow":"follow","max-snippet":"max-snippet:-1","max-image-preview":"max-image-preview:large","max-video-preview":"max-video-preview:-1"},"canonical":"https:\/\/www.gossip.it\/news\/angela-melillo-addio-ezio\/","og_locale":"it_IT","og_type":"article","og_title":"Angela Melillo, addio Ezio - Gossip.it | News sul Gossip e VIP","og_description":"Si sono sposati il 3 luglio del 2006. A pochi mesi da loro settimo anniversario, Angela Melillo e il marito Ezio Bastianelli hanno deciso di mettere la","og_url":"https:\/\/www.gossip.it\/news\/angela-melillo-addio-ezio\/","og_site_name":"Gossip.it | News sul Gossip e VIP","article_publisher":"https:\/\/www.facebook.com\/GossipIT","article_published_time":"2013-05-21T22:00:00+00:00","og_image":[{"url":"http:\/\/www.gossip.it\/images5\/1369226520_.jpg"}],"author":"La Redazione","twitter_card":"summary_large_image","twitter_image":"http:\/\/www.gossip.it\/images5\/1369226520_.jpg","twitter_creator":"@gossinews_it","twitter_site":"@gossinews_it","twitter_misc":{"Scritto da":"Francesca Romana Domenici","Tempo di lettura stimato":"2 minuti"},"schema":{"@context":"https:\/\/schema.org","@graph":[{"@type":"Article","@id":"https:\/\/www.gossip.it\/news\/angela-melillo-addio-ezio\/#article","isPartOf":{"@id":"https:\/\/www.gossip.it\/news\/angela-melillo-addio-ezio\/"},"author":{"name":"La Redazione","@id":"https:\/\/www.gossip.it\/#\/schema\/person\/488896f75158bff1cc83c6c39d141110"},"headline":"Angela Melillo, addio Ezio","datePublished":"2013-05-21T22:00:00+00:00","dateModified":"2013-05-21T22:00:00+00:00","mainEntityOfPage":{"@id":"https:\/\/www.gossip.it\/news\/angela-melillo-addio-ezio\/"},"wordCount":484,"publisher":{"@id":"https:\/\/www.gossip.it\/#organization"},"image":{"@id":"https:\/\/www.gossip.it\/news\/angela-melillo-addio-ezio\/#primaryimage"},"thumbnailUrl":"http:\/\/www.gossip.it\/images5\/1369226520_.jpg","keywords":["crisi","dichiarazioni","divorzio","ezio bastianelli","matrimonio","mia","separazione"],"articleSection":["News"],"inLanguage":"it-IT"},{"@type":"WebPage","@id":"https:\/\/www.gossip.it\/news\/angela-melillo-addio-ezio\/","url":"https:\/\/www.gossip.it\/news\/angela-melillo-addio-ezio\/","name":"Angela Melillo, addio Ezio - Gossip.it | News sul Gossip e VIP","isPartOf":{"@id":"https:\/\/www.gossip.it\/#website"},"primaryImageOfPage":{"@id":"https:\/\/www.gossip.it\/news\/angela-melillo-addio-ezio\/#primaryimage"},"image":{"@id":"https:\/\/www.gossip.it\/news\/angela-melillo-addio-ezio\/#primaryimage"},"thumbnailUrl":"http:\/\/www.gossip.it\/images5\/1369226520_.jpg","datePublished":"2013-05-21T22:00:00+00:00","dateModified":"2013-05-21T22:00:00+00:00","description":"Si sono sposati il 3 luglio del 2006. A pochi mesi da loro settimo anniversario, Angela Melillo e il marito Ezio Bastianelli hanno deciso di mettere la","breadcrumb":{"@id":"https:\/\/www.gossip.it\/news\/angela-melillo-addio-ezio\/#breadcrumb"},"inLanguage":"it-IT","potentialAction":[{"@type":"ReadAction","target":["https:\/\/www.gossip.it\/news\/angela-melillo-addio-ezio\/"]}]},{"@type":"ImageObject","inLanguage":"it-IT","@id":"https:\/\/www.gossip.it\/news\/angela-melillo-addio-ezio\/#primaryimage","url":"http:\/\/www.gossip.it\/images5\/1369226520_.jpg","contentUrl":"http:\/\/www.gossip.it\/images5\/1369226520_.jpg"},{"@type":"BreadcrumbList","@id":"https:\/\/www.gossip.it\/news\/angela-melillo-addio-ezio\/#breadcrumb","itemListElement":[{"@type":"ListItem","position":1,"name":"Home","item":"https:\/\/www.gossip.it\/"},{"@type":"ListItem","position":2,"name":"Angela Melillo, addio Ezio"}]},{"@type":"WebSite","@id":"https:\/\/www.gossip.it\/#website","url":"https:\/\/www.gossip.it\/","name":"Gossip and VIP News","description":"Quotidiano di cronaca rosa, costume e societ\u00e0","publisher":{"@id":"https:\/\/www.gossip.it\/#organization"},"alternateName":"Gossip and VIP News","potentialAction":[{"@type":"SearchAction","target":{"@type":"EntryPoint","urlTemplate":"https:\/\/www.gossip.it\/?s={search_term_string}"},"query-input":{"@type":"PropertyValueSpecification","valueRequired":true,"valueName":"search_term_string"}}],"inLanguage":"it-IT"},{"@type":"Organization","@id":"https:\/\/www.gossip.it\/#organization","name":"Gossip and VIP News","alternateName":"Gossip News","url":"https:\/\/www.gossip.it\/","logo":{"@type":"ImageObject","inLanguage":"it-IT","@id":"https:\/\/www.gossip.it\/#\/schema\/logo\/image\/","url":"https:\/\/www.gossip.it\/wp-content\/uploads\/2022\/04\/cropped-corna-alta-tiny.png","contentUrl":"https:\/\/www.gossip.it\/wp-content\/uploads\/2022\/04\/cropped-corna-alta-tiny.png","width":512,"height":512,"caption":"Gossip and VIP News"},"image":{"@id":"https:\/\/www.gossip.it\/#\/schema\/logo\/image\/"},"sameAs":["https:\/\/www.facebook.com\/GossipIT","https:\/\/x.com\/gossinews_it","https:\/\/instagram.com\/gossip_it"]},{"@type":"Person","@id":"https:\/\/www.gossip.it\/#\/schema\/person\/488896f75158bff1cc83c6c39d141110","name":"La Redazione","image":{"@type":"ImageObject","inLanguage":"it-IT","@id":"https:\/\/www.gossip.it\/#\/schema\/person\/image\/","url":"https:\/\/secure.gravatar.com\/avatar\/5a5f5c6fa3e6700e4249abdad0263a1e94e927d9e0499b1cb09c1cd29c044d80?s=96&d=mm&r=g","contentUrl":"https:\/\/secure.gravatar.com\/avatar\/5a5f5c6fa3e6700e4249abdad0263a1e94e927d9e0499b1cb09c1cd29c044d80?s=96&d=mm&r=g","caption":"La Redazione"},"sameAs":["https:\/\/www.gossip.it"]}]}},"amp_enabled":true,"_links":{"self":[{"href":"https:\/\/www.gossip.it\/api\/wp\/v2\/posts\/39531","targetHints":{"allow":["GET"]}}],"collection":[{"href":"https:\/\/www.gossip.it\/api\/wp\/v2\/posts"}],"about":[{"href":"https:\/\/www.gossip.it\/api\/wp\/v2\/types\/post"}],"author":[{"embeddable":true,"href":"https:\/\/www.gossip.it\/api\/wp\/v2\/users\/1"}],"replies":[{"embeddable":true,"href":"https:\/\/www.gossip.it\/api\/wp\/v2\/comments?post=39531"}],"version-history":[{"count":0,"href":"https:\/\/www.gossip.it\/api\/wp\/v2\/posts\/39531\/revisions"}],"wp:featuredmedia":[{"embeddable":true,"href":"https:\/\/www.gossip.it\/api\/wp\/v2\/media\/95577"}],"wp:attachment":[{"href":"https:\/\/www.gossip.it\/api\/wp\/v2\/media?parent=39531"}],"wp:term":[{"taxonomy":"category","embeddable":true,"href":"https:\/\/www.gossip.it\/api\/wp\/v2\/categories?post=39531"},{"taxonomy":"post_tag","embeddable":true,"href":"https:\/\/www.gossip.it\/api\/wp\/v2\/tags?post=39531"},{"taxonomy":"vip","embeddable":true,"href":"https:\/\/www.gossip.it\/api\/wp\/v2\/vip?post=39531"}],"curies":[{"name":"wp","href":"https:\/\/api.w.org\/{rel}","templated":true}]}}