{"id":39799,"date":"2013-06-04T00:00:00","date_gmt":"2013-06-03T22:00:00","guid":{"rendered":"https:\/\/www.gossip.it\/senza-categoria\/el-shaarawy-relax-romantico-con-ester\/"},"modified":"2013-06-04T00:00:00","modified_gmt":"2013-06-03T22:00:00","slug":"el-shaarawy-relax-romantico-con-ester","status":"publish","type":"post","link":"https:\/\/www.gossip.it\/news\/el-shaarawy-relax-romantico-con-ester\/","title":{"rendered":"El Shaarawy, relax romantico con Ester"},"content":{"rendered":"<p>Una storia che va e prosegue nel migliore dei modi. Il rapporto che lega <a href=\"http:\/\/www.gossip.it\/news\/monografia.php?keyword=Stephan El Shaarawy\">Stephan El Shaarawy<\/a> ed <a href=\"http:\/\/www.gossip.it\/news\/monografia.php?keyword=Ester Giordano\">Ester Giordano<\/a> sembra proprio una cosa seria. Il <a href=\"http:\/\/www.gossip.it\/news\/monografia.php?keyword=calciatore\">calciatore<\/a> del <b>Milan<\/b> ha postato sul suo profilo <b>Instagram<\/b> un'immagine che lo ritrae con la 22enne hostess milanese di schiena. Lei \u00e8 teneramente appoggiata a lui. Romantici, in costume, si godono il sole (<a href=\"http:\/\/www.gossip.it\/news\/asc_showfoto.php?ID=1370347916\"><b><u>per ingrandire clicca qui<\/u><\/b><\/a>).<\/p>\n<p>Il <em>'Faraone'<\/em> ora \u00e8 in ritiro con la nazionale di mister <a href=\"http:\/\/www.gossip.it\/news\/monografia.php?keyword=Cesare Prandelli\">Cesare Prandelli<\/a>. Qualche giorno prima, per\u00f2, approfittando della fine del campionato, \u00e8 partito con Ester per assaporare la gioia di averla vicina e chiss\u00e0 se la ragazza lo seguir\u00e0 pure in Brasile per la <b>Confederation Cup<\/b>. Una nuova e bella <em>'wag'<\/em> si andrebbe cos\u00ec ad aggiungere al gi\u00e0 foltissimo gruppo delle <em>'girl'<\/em> degli eroi del pallone azzurri, vice campioni d'Europa.<\/p>\n","protected":false},"excerpt":{"rendered":"<p>Una storia che va e prosegue nel migliore dei modi. Il rapporto che lega Stephan El Shaarawy ed Ester Giordano sembra proprio una cosa seria. Il calciatore del Milan ha postato sul suo profilo Instagram un'immagine che lo ritrae con la 22enne hostess milanese di schiena. Lei \u00e8 teneramente appoggiata a lui. Romantici, in costume, [&hellip;]<\/p>\n","protected":false},"author":1,"featured_media":95845,"comment_status":"closed","ping_status":"closed","sticky":false,"template":"","format":"standard","meta":{"footnotes":""},"categories":[54],"tags":[2218,42033,2121,5639,1923,37513],"vip":[],"class_list":["post-39799","post","type-post","status-publish","format-standard","has-post-thumbnail","hentry","category-news","tag-calciatore","tag-ester-giordano","tag-instagram","tag-milan","tag-social","tag-stephan-el-shaarawy"],"yoast_head":"<title>El Shaarawy, relax romantico con Ester - Gossip.it | News sul Gossip e VIP<\/title>\n<meta name=\"description\" content=\"Una storia che va e prosegue nel migliore dei modi. Il rapporto che lega Stephan El Shaarawy ed Ester Giordano sembra proprio una cosa seria. Il\" \/>\n<meta name=\"robots\" content=\"index, follow, max-snippet:-1, max-image-preview:large, max-video-preview:-1\" \/>\n<link rel=\"canonical\" href=\"https:\/\/www.gossip.it\/news\/el-shaarawy-relax-romantico-con-ester\/\" \/>\n<meta property=\"og:locale\" content=\"it_IT\" \/>\n<meta property=\"og:type\" content=\"article\" \/>\n<meta property=\"og:title\" content=\"El Shaarawy, relax romantico con Ester - Gossip.it | News sul Gossip e VIP\" \/>\n<meta property=\"og:description\" content=\"Una storia che va e prosegue nel migliore dei modi. Il rapporto che lega Stephan El Shaarawy ed Ester Giordano sembra proprio una cosa seria. Il\" \/>\n<meta property=\"og:url\" content=\"https:\/\/www.gossip.it\/news\/el-shaarawy-relax-romantico-con-ester\/\" \/>\n<meta property=\"og:site_name\" content=\"Gossip.it | News sul Gossip e VIP\" \/>\n<meta property=\"article:publisher\" content=\"https:\/\/www.facebook.com\/GossipIT\" \/>\n<meta property=\"article:published_time\" content=\"2013-06-03T22:00:00+00:00\" \/>\n<meta property=\"og:image\" content=\"http:\/\/www.gossip.it\/images5\/1370347916_.jpg\" \/>\n<meta name=\"author\" content=\"La Redazione\" \/>\n<meta name=\"twitter:card\" content=\"summary_large_image\" \/>\n<meta name=\"twitter:image\" content=\"http:\/\/www.gossip.it\/images5\/1370347916_.jpg\" \/>\n<meta name=\"twitter:creator\" content=\"@gossinews_it\" \/>\n<meta name=\"twitter:site\" content=\"@gossinews_it\" \/>\n<meta name=\"twitter:label1\" content=\"Scritto da\" \/>\n\t<meta name=\"twitter:data1\" content=\"Annamaria Capozzi\" \/>\n\t<meta name=\"twitter:label2\" content=\"Tempo di lettura stimato\" \/>\n\t<meta name=\"twitter:data2\" content=\"1 minuto\" \/>","yoast_head_json":{"title":"El Shaarawy, relax romantico con Ester - Gossip.it | News sul Gossip e VIP","description":"Una storia che va e prosegue nel migliore dei modi. Il rapporto che lega Stephan El Shaarawy ed Ester Giordano sembra proprio una cosa seria. Il","robots":{"index":"index","follow":"follow","max-snippet":"max-snippet:-1","max-image-preview":"max-image-preview:large","max-video-preview":"max-video-preview:-1"},"canonical":"https:\/\/www.gossip.it\/news\/el-shaarawy-relax-romantico-con-ester\/","og_locale":"it_IT","og_type":"article","og_title":"El Shaarawy, relax romantico con Ester - Gossip.it | News sul Gossip e VIP","og_description":"Una storia che va e prosegue nel migliore dei modi. Il rapporto che lega Stephan El Shaarawy ed Ester Giordano sembra proprio una cosa seria. Il","og_url":"https:\/\/www.gossip.it\/news\/el-shaarawy-relax-romantico-con-ester\/","og_site_name":"Gossip.it | News sul Gossip e VIP","article_publisher":"https:\/\/www.facebook.com\/GossipIT","article_published_time":"2013-06-03T22:00:00+00:00","og_image":[{"url":"http:\/\/www.gossip.it\/images5\/1370347916_.jpg"}],"author":"La Redazione","twitter_card":"summary_large_image","twitter_image":"http:\/\/www.gossip.it\/images5\/1370347916_.jpg","twitter_creator":"@gossinews_it","twitter_site":"@gossinews_it","twitter_misc":{"Scritto da":"Annamaria Capozzi","Tempo di lettura stimato":"1 minuto"},"schema":{"@context":"https:\/\/schema.org","@graph":[{"@type":"Article","@id":"https:\/\/www.gossip.it\/news\/el-shaarawy-relax-romantico-con-ester\/#article","isPartOf":{"@id":"https:\/\/www.gossip.it\/news\/el-shaarawy-relax-romantico-con-ester\/"},"author":{"name":"La Redazione","@id":"https:\/\/www.gossip.it\/#\/schema\/person\/488896f75158bff1cc83c6c39d141110"},"headline":"El Shaarawy, relax romantico con Ester","datePublished":"2013-06-03T22:00:00+00:00","dateModified":"2013-06-03T22:00:00+00:00","mainEntityOfPage":{"@id":"https:\/\/www.gossip.it\/news\/el-shaarawy-relax-romantico-con-ester\/"},"wordCount":139,"publisher":{"@id":"https:\/\/www.gossip.it\/#organization"},"image":{"@id":"https:\/\/www.gossip.it\/news\/el-shaarawy-relax-romantico-con-ester\/#primaryimage"},"thumbnailUrl":"http:\/\/www.gossip.it\/images5\/1370347916_.jpg","keywords":["calciatore","ester giordano","instagram","milan","social","Stephan El Shaarawy"],"articleSection":["News"],"inLanguage":"it-IT"},{"@type":"WebPage","@id":"https:\/\/www.gossip.it\/news\/el-shaarawy-relax-romantico-con-ester\/","url":"https:\/\/www.gossip.it\/news\/el-shaarawy-relax-romantico-con-ester\/","name":"El Shaarawy, relax romantico con Ester - Gossip.it | News sul Gossip e VIP","isPartOf":{"@id":"https:\/\/www.gossip.it\/#website"},"primaryImageOfPage":{"@id":"https:\/\/www.gossip.it\/news\/el-shaarawy-relax-romantico-con-ester\/#primaryimage"},"image":{"@id":"https:\/\/www.gossip.it\/news\/el-shaarawy-relax-romantico-con-ester\/#primaryimage"},"thumbnailUrl":"http:\/\/www.gossip.it\/images5\/1370347916_.jpg","datePublished":"2013-06-03T22:00:00+00:00","dateModified":"2013-06-03T22:00:00+00:00","description":"Una storia che va e prosegue nel migliore dei modi. Il rapporto che lega Stephan El Shaarawy ed Ester Giordano sembra proprio una cosa seria. Il","breadcrumb":{"@id":"https:\/\/www.gossip.it\/news\/el-shaarawy-relax-romantico-con-ester\/#breadcrumb"},"inLanguage":"it-IT","potentialAction":[{"@type":"ReadAction","target":["https:\/\/www.gossip.it\/news\/el-shaarawy-relax-romantico-con-ester\/"]}]},{"@type":"ImageObject","inLanguage":"it-IT","@id":"https:\/\/www.gossip.it\/news\/el-shaarawy-relax-romantico-con-ester\/#primaryimage","url":"http:\/\/www.gossip.it\/images5\/1370347916_.jpg","contentUrl":"http:\/\/www.gossip.it\/images5\/1370347916_.jpg"},{"@type":"BreadcrumbList","@id":"https:\/\/www.gossip.it\/news\/el-shaarawy-relax-romantico-con-ester\/#breadcrumb","itemListElement":[{"@type":"ListItem","position":1,"name":"Home","item":"https:\/\/www.gossip.it\/"},{"@type":"ListItem","position":2,"name":"El Shaarawy, relax romantico con Ester"}]},{"@type":"WebSite","@id":"https:\/\/www.gossip.it\/#website","url":"https:\/\/www.gossip.it\/","name":"Gossip and VIP News","description":"Quotidiano di cronaca rosa, costume e societ\u00e0","publisher":{"@id":"https:\/\/www.gossip.it\/#organization"},"alternateName":"Gossip and VIP News","potentialAction":[{"@type":"SearchAction","target":{"@type":"EntryPoint","urlTemplate":"https:\/\/www.gossip.it\/?s={search_term_string}"},"query-input":{"@type":"PropertyValueSpecification","valueRequired":true,"valueName":"search_term_string"}}],"inLanguage":"it-IT"},{"@type":"Organization","@id":"https:\/\/www.gossip.it\/#organization","name":"Gossip and VIP News","alternateName":"Gossip News","url":"https:\/\/www.gossip.it\/","logo":{"@type":"ImageObject","inLanguage":"it-IT","@id":"https:\/\/www.gossip.it\/#\/schema\/logo\/image\/","url":"https:\/\/www.gossip.it\/wp-content\/uploads\/2022\/04\/cropped-corna-alta-tiny.png","contentUrl":"https:\/\/www.gossip.it\/wp-content\/uploads\/2022\/04\/cropped-corna-alta-tiny.png","width":512,"height":512,"caption":"Gossip and VIP News"},"image":{"@id":"https:\/\/www.gossip.it\/#\/schema\/logo\/image\/"},"sameAs":["https:\/\/www.facebook.com\/GossipIT","https:\/\/x.com\/gossinews_it","https:\/\/instagram.com\/gossip_it"]},{"@type":"Person","@id":"https:\/\/www.gossip.it\/#\/schema\/person\/488896f75158bff1cc83c6c39d141110","name":"La Redazione","image":{"@type":"ImageObject","inLanguage":"it-IT","@id":"https:\/\/www.gossip.it\/#\/schema\/person\/image\/","url":"https:\/\/secure.gravatar.com\/avatar\/5a5f5c6fa3e6700e4249abdad0263a1e94e927d9e0499b1cb09c1cd29c044d80?s=96&d=mm&r=g","contentUrl":"https:\/\/secure.gravatar.com\/avatar\/5a5f5c6fa3e6700e4249abdad0263a1e94e927d9e0499b1cb09c1cd29c044d80?s=96&d=mm&r=g","caption":"La Redazione"},"sameAs":["https:\/\/www.gossip.it"]}]}},"amp_enabled":true,"_links":{"self":[{"href":"https:\/\/www.gossip.it\/api\/wp\/v2\/posts\/39799","targetHints":{"allow":["GET"]}}],"collection":[{"href":"https:\/\/www.gossip.it\/api\/wp\/v2\/posts"}],"about":[{"href":"https:\/\/www.gossip.it\/api\/wp\/v2\/types\/post"}],"author":[{"embeddable":true,"href":"https:\/\/www.gossip.it\/api\/wp\/v2\/users\/1"}],"replies":[{"embeddable":true,"href":"https:\/\/www.gossip.it\/api\/wp\/v2\/comments?post=39799"}],"version-history":[{"count":0,"href":"https:\/\/www.gossip.it\/api\/wp\/v2\/posts\/39799\/revisions"}],"wp:featuredmedia":[{"embeddable":true,"href":"https:\/\/www.gossip.it\/api\/wp\/v2\/media\/95845"}],"wp:attachment":[{"href":"https:\/\/www.gossip.it\/api\/wp\/v2\/media?parent=39799"}],"wp:term":[{"taxonomy":"category","embeddable":true,"href":"https:\/\/www.gossip.it\/api\/wp\/v2\/categories?post=39799"},{"taxonomy":"post_tag","embeddable":true,"href":"https:\/\/www.gossip.it\/api\/wp\/v2\/tags?post=39799"},{"taxonomy":"vip","embeddable":true,"href":"https:\/\/www.gossip.it\/api\/wp\/v2\/vip?post=39799"}],"curies":[{"name":"wp","href":"https:\/\/api.w.org\/{rel}","templated":true}]}}