{"id":39812,"date":"2013-06-05T00:00:00","date_gmt":"2013-06-04T22:00:00","guid":{"rendered":"https:\/\/www.gossip.it\/senza-categoria\/john-galliano-ero-un-alcolizzato\/"},"modified":"2013-06-05T00:00:00","modified_gmt":"2013-06-04T22:00:00","slug":"john-galliano-ero-un-alcolizzato","status":"publish","type":"post","link":"https:\/\/www.gossip.it\/news\/john-galliano-ero-un-alcolizzato\/","title":{"rendered":"John Galliano: 'Ero un alcolizzato'"},"content":{"rendered":"<p>Due anni fa l'arresto a <b>Parigi<\/b> per aver aggredito verbalmente, sotto gli effetti dell'<b>alcol<\/b>, un gruppo di persone in un bar con epiteti razzisti. <b>John Galliano<\/b> in quell'occasione pronunci\u00f2 <b>frasi antisemite.<\/b> Fu condannato e perse il posto alla maison <b>Dior<\/b>. Ora \u00e8 tornato e si racconta con un'intervista rilasciata a <em>Vanity Fair<\/em>.<\/p>\n<p><em>\"<b>Sarei finito in un reparto psichiatrico o sottoterra<\/b><\/em> - dichiara il guru della moda - <em>Sembrer\u00e0 bizzarro, ma sono grato che sia successo quello che \u00e8 successo. Mi ha dato la possibilit\u00e0 di imparare molte cose su di me. Ho riscoperto quel ragazzino che aveva voglia di creare. Pensavo di averlo perduto. Invece sono vivo\"<\/em>.<br \/>\nGalliano ha 52 anni ed \u00e8 reduce da un lungo periodo di <b>disintossicazione<\/b>. Ha chiuso con l'alcol ed ha approfondito lo studio della storia ebraica e dell'<b>Olocausto<\/b>: <em>\"<b>Non ho mai bevuto per essere creativo<\/b><\/em> - spiega - <em>Per quello non avevo bisogno dell'alcol. All'inizio l'alcol era una stampella fuori da Dior. <b>Lo usavo per sfogarmi dopo aver finito le collezioni<\/b>. Mi ci volevano un paio di giorni per rimettermi in piedi, un po' come tutti. Ma il susseguirsi delle collezioni era sempre pi\u00f9 rapido e cos\u00ec mi capitava di sfogarmi pi\u00f9 spesso. E sono diventato schiavo dell'alcol\"<\/em>. <em>\"<b>Poi sono arrivate le pillole<\/b><\/em> - aggiunge lo stilista - <em>perch\u00e9 non riuscivo a dormire. Poi altre pillole perch\u00e9 non riuscivo a smettere di tremare. Cominciavo a bere queste enormi bottiglie di liquore che mi venivano regalate dalle persone. Verso la fine bevevo qualsiasi cosa mi capitasse sotto mano: vodka, vodka-tonic. Il vino, sperando che mi facesse dormire. Ma mi sbagliavo. Sono riuscito a fermare le voci. Sentivo molte voci in testa, mi facevano tante domande, ma nemmeno per un attimo riusc\u00ec ad ammettere di essere un alcolizzato. Pensavo di poterlo controllare\"<\/em>.<\/p>\n<p><b>Delle frasi razziste pronunciate due anni fa nel bar parigino Galliano dice<\/b>: <em>\"\u00c8 la cosa peggiore che abbia mai detto in vita mia, ma non la pensavo veramente. Ho cercato di capire per quale motivo la mia rabbia sia stata diretta contro quella razza. Oggi mi \u00e8 chiaro che all\u2019epoca ero cos\u00ec arrabbiato e insoddisfatto di me stesso che dissi la cosa pi\u00f9 maligna mi potesse venire in mente\"<\/em>.<\/p>\n","protected":false},"excerpt":{"rendered":"<p>Due anni fa l'arresto a Parigi per aver aggredito verbalmente, sotto gli effetti dell'alcol, un gruppo di persone in un bar con epiteti razzisti. John Galliano in quell'occasione pronunci\u00f2 frasi antisemite. Fu condannato e perse il posto alla maison Dior. Ora \u00e8 tornato e si racconta con un'intervista rilasciata a Vanity Fair. \"Sarei finito in [&hellip;]<\/p>\n","protected":false},"author":1,"featured_media":95858,"comment_status":"closed","ping_status":"closed","sticky":false,"template":"","format":"standard","meta":{"footnotes":""},"categories":[54],"tags":[2434,2102,6580,27243,43197,3102,22380,3099,43198,43196,2360],"vip":[],"class_list":["post-39812","post","type-post","status-publish","format-standard","has-post-thumbnail","hentry","category-news","tag-alcol","tag-dichiarazioni","tag-dior","tag-disintossicazione","tag-ebrei","tag-fashion","tag-john-galliano","tag-moda","tag-olocausto","tag-razzista","tag-stilista"],"yoast_head":"<title>John Galliano: &#039;Ero un alcolizzato&#039; - Gossip.it | News sul Gossip e VIP<\/title>\n<meta name=\"description\" content=\"Due anni fa l&#039;arresto a Parigi per aver aggredito verbalmente, sotto gli effetti dell&#039;alcol, un gruppo di persone in un bar con epiteti razzisti. John\" \/>\n<meta name=\"robots\" content=\"index, follow, max-snippet:-1, max-image-preview:large, max-video-preview:-1\" \/>\n<link rel=\"canonical\" href=\"https:\/\/www.gossip.it\/news\/john-galliano-ero-un-alcolizzato\/\" \/>\n<meta property=\"og:locale\" content=\"it_IT\" \/>\n<meta property=\"og:type\" content=\"article\" \/>\n<meta property=\"og:title\" content=\"John Galliano: &#039;Ero un alcolizzato&#039; - Gossip.it | News sul Gossip e VIP\" \/>\n<meta property=\"og:description\" content=\"Due anni fa l&#039;arresto a Parigi per aver aggredito verbalmente, sotto gli effetti dell&#039;alcol, un gruppo di persone in un bar con epiteti razzisti. John\" \/>\n<meta property=\"og:url\" content=\"https:\/\/www.gossip.it\/news\/john-galliano-ero-un-alcolizzato\/\" \/>\n<meta property=\"og:site_name\" content=\"Gossip.it | News sul Gossip e VIP\" \/>\n<meta property=\"article:publisher\" content=\"https:\/\/www.facebook.com\/GossipIT\" \/>\n<meta property=\"article:published_time\" content=\"2013-06-04T22:00:00+00:00\" \/>\n<meta property=\"og:image\" content=\"http:\/\/www.gossip.it\/images5\/1370423162_.jpg\" \/>\n<meta name=\"author\" content=\"La Redazione\" \/>\n<meta name=\"twitter:card\" content=\"summary_large_image\" \/>\n<meta name=\"twitter:image\" content=\"http:\/\/www.gossip.it\/images5\/1370423162_.jpg\" \/>\n<meta name=\"twitter:creator\" content=\"@gossinews_it\" \/>\n<meta name=\"twitter:site\" content=\"@gossinews_it\" \/>\n<meta name=\"twitter:label1\" content=\"Scritto da\" \/>\n\t<meta name=\"twitter:data1\" content=\"La Redazione\" \/>\n\t<meta name=\"twitter:label2\" content=\"Tempo di lettura stimato\" \/>\n\t<meta name=\"twitter:data2\" content=\"2 minuti\" \/>","yoast_head_json":{"title":"John Galliano: 'Ero un alcolizzato' - Gossip.it | News sul Gossip e VIP","description":"Due anni fa l'arresto a Parigi per aver aggredito verbalmente, sotto gli effetti dell'alcol, un gruppo di persone in un bar con epiteti razzisti. John","robots":{"index":"index","follow":"follow","max-snippet":"max-snippet:-1","max-image-preview":"max-image-preview:large","max-video-preview":"max-video-preview:-1"},"canonical":"https:\/\/www.gossip.it\/news\/john-galliano-ero-un-alcolizzato\/","og_locale":"it_IT","og_type":"article","og_title":"John Galliano: 'Ero un alcolizzato' - Gossip.it | News sul Gossip e VIP","og_description":"Due anni fa l'arresto a Parigi per aver aggredito verbalmente, sotto gli effetti dell'alcol, un gruppo di persone in un bar con epiteti razzisti. John","og_url":"https:\/\/www.gossip.it\/news\/john-galliano-ero-un-alcolizzato\/","og_site_name":"Gossip.it | News sul Gossip e VIP","article_publisher":"https:\/\/www.facebook.com\/GossipIT","article_published_time":"2013-06-04T22:00:00+00:00","og_image":[{"url":"http:\/\/www.gossip.it\/images5\/1370423162_.jpg"}],"author":"La Redazione","twitter_card":"summary_large_image","twitter_image":"http:\/\/www.gossip.it\/images5\/1370423162_.jpg","twitter_creator":"@gossinews_it","twitter_site":"@gossinews_it","twitter_misc":{"Scritto da":"La Redazione","Tempo di lettura stimato":"2 minuti"},"schema":{"@context":"https:\/\/schema.org","@graph":[{"@type":"Article","@id":"https:\/\/www.gossip.it\/news\/john-galliano-ero-un-alcolizzato\/#article","isPartOf":{"@id":"https:\/\/www.gossip.it\/news\/john-galliano-ero-un-alcolizzato\/"},"author":{"name":"La Redazione","@id":"https:\/\/www.gossip.it\/#\/schema\/person\/488896f75158bff1cc83c6c39d141110"},"headline":"John Galliano: 'Ero un alcolizzato'","datePublished":"2013-06-04T22:00:00+00:00","dateModified":"2013-06-04T22:00:00+00:00","mainEntityOfPage":{"@id":"https:\/\/www.gossip.it\/news\/john-galliano-ero-un-alcolizzato\/"},"wordCount":375,"publisher":{"@id":"https:\/\/www.gossip.it\/#organization"},"image":{"@id":"https:\/\/www.gossip.it\/news\/john-galliano-ero-un-alcolizzato\/#primaryimage"},"thumbnailUrl":"http:\/\/www.gossip.it\/images5\/1370423162_.jpg","keywords":["alcol","dichiarazioni","dior","disintossicazione","ebrei","fashion","john galliano","moda","olocausto","razzista","stilista"],"articleSection":["News"],"inLanguage":"it-IT"},{"@type":"WebPage","@id":"https:\/\/www.gossip.it\/news\/john-galliano-ero-un-alcolizzato\/","url":"https:\/\/www.gossip.it\/news\/john-galliano-ero-un-alcolizzato\/","name":"John Galliano: 'Ero un alcolizzato' - Gossip.it | News sul Gossip e VIP","isPartOf":{"@id":"https:\/\/www.gossip.it\/#website"},"primaryImageOfPage":{"@id":"https:\/\/www.gossip.it\/news\/john-galliano-ero-un-alcolizzato\/#primaryimage"},"image":{"@id":"https:\/\/www.gossip.it\/news\/john-galliano-ero-un-alcolizzato\/#primaryimage"},"thumbnailUrl":"http:\/\/www.gossip.it\/images5\/1370423162_.jpg","datePublished":"2013-06-04T22:00:00+00:00","dateModified":"2013-06-04T22:00:00+00:00","description":"Due anni fa l'arresto a Parigi per aver aggredito verbalmente, sotto gli effetti dell'alcol, un gruppo di persone in un bar con epiteti razzisti. John","breadcrumb":{"@id":"https:\/\/www.gossip.it\/news\/john-galliano-ero-un-alcolizzato\/#breadcrumb"},"inLanguage":"it-IT","potentialAction":[{"@type":"ReadAction","target":["https:\/\/www.gossip.it\/news\/john-galliano-ero-un-alcolizzato\/"]}]},{"@type":"ImageObject","inLanguage":"it-IT","@id":"https:\/\/www.gossip.it\/news\/john-galliano-ero-un-alcolizzato\/#primaryimage","url":"http:\/\/www.gossip.it\/images5\/1370423162_.jpg","contentUrl":"http:\/\/www.gossip.it\/images5\/1370423162_.jpg"},{"@type":"BreadcrumbList","@id":"https:\/\/www.gossip.it\/news\/john-galliano-ero-un-alcolizzato\/#breadcrumb","itemListElement":[{"@type":"ListItem","position":1,"name":"Home","item":"https:\/\/www.gossip.it\/"},{"@type":"ListItem","position":2,"name":"John Galliano: 'Ero un alcolizzato'"}]},{"@type":"WebSite","@id":"https:\/\/www.gossip.it\/#website","url":"https:\/\/www.gossip.it\/","name":"Gossip and VIP News","description":"Quotidiano di cronaca rosa, costume e societ\u00e0","publisher":{"@id":"https:\/\/www.gossip.it\/#organization"},"alternateName":"Gossip and VIP News","potentialAction":[{"@type":"SearchAction","target":{"@type":"EntryPoint","urlTemplate":"https:\/\/www.gossip.it\/?s={search_term_string}"},"query-input":{"@type":"PropertyValueSpecification","valueRequired":true,"valueName":"search_term_string"}}],"inLanguage":"it-IT"},{"@type":"Organization","@id":"https:\/\/www.gossip.it\/#organization","name":"Gossip and VIP News","alternateName":"Gossip News","url":"https:\/\/www.gossip.it\/","logo":{"@type":"ImageObject","inLanguage":"it-IT","@id":"https:\/\/www.gossip.it\/#\/schema\/logo\/image\/","url":"https:\/\/www.gossip.it\/wp-content\/uploads\/2022\/04\/cropped-corna-alta-tiny.png","contentUrl":"https:\/\/www.gossip.it\/wp-content\/uploads\/2022\/04\/cropped-corna-alta-tiny.png","width":512,"height":512,"caption":"Gossip and VIP News"},"image":{"@id":"https:\/\/www.gossip.it\/#\/schema\/logo\/image\/"},"sameAs":["https:\/\/www.facebook.com\/GossipIT","https:\/\/x.com\/gossinews_it","https:\/\/instagram.com\/gossip_it"]},{"@type":"Person","@id":"https:\/\/www.gossip.it\/#\/schema\/person\/488896f75158bff1cc83c6c39d141110","name":"La Redazione","image":{"@type":"ImageObject","inLanguage":"it-IT","@id":"https:\/\/www.gossip.it\/#\/schema\/person\/image\/","url":"https:\/\/secure.gravatar.com\/avatar\/5a5f5c6fa3e6700e4249abdad0263a1e94e927d9e0499b1cb09c1cd29c044d80?s=96&d=mm&r=g","contentUrl":"https:\/\/secure.gravatar.com\/avatar\/5a5f5c6fa3e6700e4249abdad0263a1e94e927d9e0499b1cb09c1cd29c044d80?s=96&d=mm&r=g","caption":"La Redazione"},"sameAs":["https:\/\/www.gossip.it"]}]}},"amp_enabled":true,"_links":{"self":[{"href":"https:\/\/www.gossip.it\/api\/wp\/v2\/posts\/39812","targetHints":{"allow":["GET"]}}],"collection":[{"href":"https:\/\/www.gossip.it\/api\/wp\/v2\/posts"}],"about":[{"href":"https:\/\/www.gossip.it\/api\/wp\/v2\/types\/post"}],"author":[{"embeddable":true,"href":"https:\/\/www.gossip.it\/api\/wp\/v2\/users\/1"}],"replies":[{"embeddable":true,"href":"https:\/\/www.gossip.it\/api\/wp\/v2\/comments?post=39812"}],"version-history":[{"count":0,"href":"https:\/\/www.gossip.it\/api\/wp\/v2\/posts\/39812\/revisions"}],"wp:featuredmedia":[{"embeddable":true,"href":"https:\/\/www.gossip.it\/api\/wp\/v2\/media\/95858"}],"wp:attachment":[{"href":"https:\/\/www.gossip.it\/api\/wp\/v2\/media?parent=39812"}],"wp:term":[{"taxonomy":"category","embeddable":true,"href":"https:\/\/www.gossip.it\/api\/wp\/v2\/categories?post=39812"},{"taxonomy":"post_tag","embeddable":true,"href":"https:\/\/www.gossip.it\/api\/wp\/v2\/tags?post=39812"},{"taxonomy":"vip","embeddable":true,"href":"https:\/\/www.gossip.it\/api\/wp\/v2\/vip?post=39812"}],"curies":[{"name":"wp","href":"https:\/\/api.w.org\/{rel}","templated":true}]}}