{"id":40331,"date":"2013-07-02T00:00:00","date_gmt":"2013-07-01T22:00:00","guid":{"rendered":"https:\/\/www.gossip.it\/senza-categoria\/jennifer-lawrence-alla-sfilata-di-dior\/"},"modified":"2013-07-02T00:00:00","modified_gmt":"2013-07-01T22:00:00","slug":"jennifer-lawrence-alla-sfilata-di-dior","status":"publish","type":"post","link":"https:\/\/www.gossip.it\/news\/jennifer-lawrence-alla-sfilata-di-dior\/","title":{"rendered":"Jennifer Lawrence alla sfilata di Dior"},"content":{"rendered":"<p><a href=\"http:\/\/www.gossip.it\/news\/monografia.php?keyword=Jennifer Lawrence\">Jennifer Lawrence<\/a> ha partecipato ieri alla sfilata di <b>Christian Dior<\/b>, uno dei suoi stilisti preferiti, in occasione della <b>Paris Fashion Week<\/b> nella capitale francese sfoggiando un look che non poteva passare inosservato.<\/p>\n<p>L\u2019attrice <b>premio Oscar<\/b> per \u201c<em>Il Lato Positivo<\/em>\u201d ha scelto un top rosa che le lasciava scoperto l\u2019ombelico e un paio di <b>pantaloni asimmetrici<\/b> firmati proprio Dior. Sar\u00e0 il suo essere molto sicura di s\u00e9 in questo outfit, sar\u00e0 il tocco che danno i fantastici <b>occhiali da sole<\/b> sempre Dior, ma, nonostante l\u2019eccentricit\u00e0 dei vestiti, nel complesso Jennifer si fa piacere. Vedremo presto la <b>22enne<\/b> sul grande schermo nel secondo capitolo della saga di \u201c<em>Hunger Games<\/em>\u201d.<\/p>\n<p>Le <a href=\"http:\/\/www.gossip.it\/protagonisti\/jennifer_lawrence_firmata_dior_alla_sfilata_dello_stilista_a_parigi_foto_sperw.html?id=699be351ae3b73ee0cec2c9719aef513\"><b><u>foto di Jennifer Lawrence alla sfilata di Dior a Parigi sono<\/u><\/b><\/a> su GossipNews.<\/p>\n","protected":false},"excerpt":{"rendered":"<p>Jennifer Lawrence ha partecipato ieri alla sfilata di Christian Dior, uno dei suoi stilisti preferiti, in occasione della Paris Fashion Week nella capitale francese sfoggiando un look che non poteva passare inosservato. L\u2019attrice premio Oscar per \u201cIl Lato Positivo\u201d ha scelto un top rosa che le lasciava scoperto l\u2019ombelico e un paio di pantaloni asimmetrici [&hellip;]<\/p>\n","protected":false},"author":1,"featured_media":96377,"comment_status":"closed","ping_status":"closed","sticky":false,"template":"","format":"standard","meta":{"footnotes":""},"categories":[54],"tags":[3516,43667,30356,6580,36865,2118,4285,1970,10966,12419,2577,10633,27312,4694,33946,2732,2835,10016],"vip":[994],"class_list":["post-40331","post","type-post","status-publish","format-standard","has-post-thumbnail","hentry","category-news","tag-abiti","tag-asimmetrici","tag-christian-dior","tag-dior","tag-eccentrico","tag-foto","tag-francia","tag-look","tag-mise","tag-occhiali","tag-oscar","tag-outfit","tag-pantaloni","tag-parigi","tag-paris-fashion-week","tag-premio","tag-sfilata","tag-vestiti","vip-jennifer_lawrence"],"yoast_head":"<title>Jennifer Lawrence alla sfilata di Dior - Gossip.it | News sul Gossip e VIP<\/title>\n<meta name=\"description\" content=\"Jennifer Lawrence ha partecipato ieri alla sfilata di Christian Dior, uno dei suoi stilisti preferiti, in occasione della Paris Fashion Week nella\" \/>\n<meta name=\"robots\" content=\"index, follow, max-snippet:-1, max-image-preview:large, max-video-preview:-1\" \/>\n<link rel=\"canonical\" href=\"https:\/\/www.gossip.it\/news\/jennifer-lawrence-alla-sfilata-di-dior\/\" \/>\n<meta property=\"og:locale\" content=\"it_IT\" \/>\n<meta property=\"og:type\" content=\"article\" \/>\n<meta property=\"og:title\" content=\"Jennifer Lawrence alla sfilata di Dior - Gossip.it | News sul Gossip e VIP\" \/>\n<meta property=\"og:description\" content=\"Jennifer Lawrence ha partecipato ieri alla sfilata di Christian Dior, uno dei suoi stilisti preferiti, in occasione della Paris Fashion Week nella\" \/>\n<meta property=\"og:url\" content=\"https:\/\/www.gossip.it\/news\/jennifer-lawrence-alla-sfilata-di-dior\/\" \/>\n<meta property=\"og:site_name\" content=\"Gossip.it | News sul Gossip e VIP\" \/>\n<meta property=\"article:publisher\" content=\"https:\/\/www.facebook.com\/GossipIT\" \/>\n<meta property=\"article:published_time\" content=\"2013-07-01T22:00:00+00:00\" \/>\n<meta property=\"og:image\" content=\"http:\/\/www.gossip.it\/images5\/1372758782_.jpg\" \/>\n<meta name=\"author\" content=\"La Redazione\" \/>\n<meta name=\"twitter:card\" content=\"summary_large_image\" \/>\n<meta name=\"twitter:image\" content=\"http:\/\/www.gossip.it\/images5\/1372758782_.jpg\" \/>\n<meta name=\"twitter:creator\" content=\"@gossinews_it\" \/>\n<meta name=\"twitter:site\" content=\"@gossinews_it\" \/>\n<meta name=\"twitter:label1\" content=\"Scritto da\" \/>\n\t<meta name=\"twitter:data1\" content=\"Graziana Mirabile\" \/>\n\t<meta name=\"twitter:label2\" content=\"Tempo di lettura stimato\" \/>\n\t<meta name=\"twitter:data2\" content=\"1 minuto\" \/>","yoast_head_json":{"title":"Jennifer Lawrence alla sfilata di Dior - Gossip.it | News sul Gossip e VIP","description":"Jennifer Lawrence ha partecipato ieri alla sfilata di Christian Dior, uno dei suoi stilisti preferiti, in occasione della Paris Fashion Week nella","robots":{"index":"index","follow":"follow","max-snippet":"max-snippet:-1","max-image-preview":"max-image-preview:large","max-video-preview":"max-video-preview:-1"},"canonical":"https:\/\/www.gossip.it\/news\/jennifer-lawrence-alla-sfilata-di-dior\/","og_locale":"it_IT","og_type":"article","og_title":"Jennifer Lawrence alla sfilata di Dior - Gossip.it | News sul Gossip e VIP","og_description":"Jennifer Lawrence ha partecipato ieri alla sfilata di Christian Dior, uno dei suoi stilisti preferiti, in occasione della Paris Fashion Week nella","og_url":"https:\/\/www.gossip.it\/news\/jennifer-lawrence-alla-sfilata-di-dior\/","og_site_name":"Gossip.it | News sul Gossip e VIP","article_publisher":"https:\/\/www.facebook.com\/GossipIT","article_published_time":"2013-07-01T22:00:00+00:00","og_image":[{"url":"http:\/\/www.gossip.it\/images5\/1372758782_.jpg"}],"author":"La Redazione","twitter_card":"summary_large_image","twitter_image":"http:\/\/www.gossip.it\/images5\/1372758782_.jpg","twitter_creator":"@gossinews_it","twitter_site":"@gossinews_it","twitter_misc":{"Scritto da":"Graziana Mirabile","Tempo di lettura stimato":"1 minuto"},"schema":{"@context":"https:\/\/schema.org","@graph":[{"@type":"Article","@id":"https:\/\/www.gossip.it\/news\/jennifer-lawrence-alla-sfilata-di-dior\/#article","isPartOf":{"@id":"https:\/\/www.gossip.it\/news\/jennifer-lawrence-alla-sfilata-di-dior\/"},"author":{"name":"La Redazione","@id":"https:\/\/www.gossip.it\/#\/schema\/person\/488896f75158bff1cc83c6c39d141110"},"headline":"Jennifer Lawrence alla sfilata di Dior","datePublished":"2013-07-01T22:00:00+00:00","dateModified":"2013-07-01T22:00:00+00:00","mainEntityOfPage":{"@id":"https:\/\/www.gossip.it\/news\/jennifer-lawrence-alla-sfilata-di-dior\/"},"wordCount":130,"publisher":{"@id":"https:\/\/www.gossip.it\/#organization"},"image":{"@id":"https:\/\/www.gossip.it\/news\/jennifer-lawrence-alla-sfilata-di-dior\/#primaryimage"},"thumbnailUrl":"http:\/\/www.gossip.it\/images5\/1372758782_.jpg","keywords":["abiti","asimmetrici","christian dior","dior","eccentrico","foto","francia","look","mise","occhiali","oscar","outfit","pantaloni","parigi","paris fashion week","premio","sfilata","vestiti"],"articleSection":["News"],"inLanguage":"it-IT"},{"@type":"WebPage","@id":"https:\/\/www.gossip.it\/news\/jennifer-lawrence-alla-sfilata-di-dior\/","url":"https:\/\/www.gossip.it\/news\/jennifer-lawrence-alla-sfilata-di-dior\/","name":"Jennifer Lawrence alla sfilata di Dior - Gossip.it | News sul Gossip e VIP","isPartOf":{"@id":"https:\/\/www.gossip.it\/#website"},"primaryImageOfPage":{"@id":"https:\/\/www.gossip.it\/news\/jennifer-lawrence-alla-sfilata-di-dior\/#primaryimage"},"image":{"@id":"https:\/\/www.gossip.it\/news\/jennifer-lawrence-alla-sfilata-di-dior\/#primaryimage"},"thumbnailUrl":"http:\/\/www.gossip.it\/images5\/1372758782_.jpg","datePublished":"2013-07-01T22:00:00+00:00","dateModified":"2013-07-01T22:00:00+00:00","description":"Jennifer Lawrence ha partecipato ieri alla sfilata di Christian Dior, uno dei suoi stilisti preferiti, in occasione della Paris Fashion Week nella","breadcrumb":{"@id":"https:\/\/www.gossip.it\/news\/jennifer-lawrence-alla-sfilata-di-dior\/#breadcrumb"},"inLanguage":"it-IT","potentialAction":[{"@type":"ReadAction","target":["https:\/\/www.gossip.it\/news\/jennifer-lawrence-alla-sfilata-di-dior\/"]}]},{"@type":"ImageObject","inLanguage":"it-IT","@id":"https:\/\/www.gossip.it\/news\/jennifer-lawrence-alla-sfilata-di-dior\/#primaryimage","url":"http:\/\/www.gossip.it\/images5\/1372758782_.jpg","contentUrl":"http:\/\/www.gossip.it\/images5\/1372758782_.jpg"},{"@type":"BreadcrumbList","@id":"https:\/\/www.gossip.it\/news\/jennifer-lawrence-alla-sfilata-di-dior\/#breadcrumb","itemListElement":[{"@type":"ListItem","position":1,"name":"Home","item":"https:\/\/www.gossip.it\/"},{"@type":"ListItem","position":2,"name":"Jennifer Lawrence alla sfilata di Dior"}]},{"@type":"WebSite","@id":"https:\/\/www.gossip.it\/#website","url":"https:\/\/www.gossip.it\/","name":"Gossip and VIP News","description":"Quotidiano di cronaca rosa, costume e societ\u00e0","publisher":{"@id":"https:\/\/www.gossip.it\/#organization"},"alternateName":"Gossip and VIP News","potentialAction":[{"@type":"SearchAction","target":{"@type":"EntryPoint","urlTemplate":"https:\/\/www.gossip.it\/?s={search_term_string}"},"query-input":{"@type":"PropertyValueSpecification","valueRequired":true,"valueName":"search_term_string"}}],"inLanguage":"it-IT"},{"@type":"Organization","@id":"https:\/\/www.gossip.it\/#organization","name":"Gossip and VIP News","alternateName":"Gossip News","url":"https:\/\/www.gossip.it\/","logo":{"@type":"ImageObject","inLanguage":"it-IT","@id":"https:\/\/www.gossip.it\/#\/schema\/logo\/image\/","url":"https:\/\/www.gossip.it\/wp-content\/uploads\/2022\/04\/cropped-corna-alta-tiny.png","contentUrl":"https:\/\/www.gossip.it\/wp-content\/uploads\/2022\/04\/cropped-corna-alta-tiny.png","width":512,"height":512,"caption":"Gossip and VIP News"},"image":{"@id":"https:\/\/www.gossip.it\/#\/schema\/logo\/image\/"},"sameAs":["https:\/\/www.facebook.com\/GossipIT","https:\/\/x.com\/gossinews_it","https:\/\/instagram.com\/gossip_it"]},{"@type":"Person","@id":"https:\/\/www.gossip.it\/#\/schema\/person\/488896f75158bff1cc83c6c39d141110","name":"La Redazione","image":{"@type":"ImageObject","inLanguage":"it-IT","@id":"https:\/\/www.gossip.it\/#\/schema\/person\/image\/","url":"https:\/\/secure.gravatar.com\/avatar\/5a5f5c6fa3e6700e4249abdad0263a1e94e927d9e0499b1cb09c1cd29c044d80?s=96&d=mm&r=g","contentUrl":"https:\/\/secure.gravatar.com\/avatar\/5a5f5c6fa3e6700e4249abdad0263a1e94e927d9e0499b1cb09c1cd29c044d80?s=96&d=mm&r=g","caption":"La Redazione"},"sameAs":["https:\/\/www.gossip.it"]}]}},"amp_enabled":true,"_links":{"self":[{"href":"https:\/\/www.gossip.it\/api\/wp\/v2\/posts\/40331","targetHints":{"allow":["GET"]}}],"collection":[{"href":"https:\/\/www.gossip.it\/api\/wp\/v2\/posts"}],"about":[{"href":"https:\/\/www.gossip.it\/api\/wp\/v2\/types\/post"}],"author":[{"embeddable":true,"href":"https:\/\/www.gossip.it\/api\/wp\/v2\/users\/1"}],"replies":[{"embeddable":true,"href":"https:\/\/www.gossip.it\/api\/wp\/v2\/comments?post=40331"}],"version-history":[{"count":0,"href":"https:\/\/www.gossip.it\/api\/wp\/v2\/posts\/40331\/revisions"}],"wp:featuredmedia":[{"embeddable":true,"href":"https:\/\/www.gossip.it\/api\/wp\/v2\/media\/96377"}],"wp:attachment":[{"href":"https:\/\/www.gossip.it\/api\/wp\/v2\/media?parent=40331"}],"wp:term":[{"taxonomy":"category","embeddable":true,"href":"https:\/\/www.gossip.it\/api\/wp\/v2\/categories?post=40331"},{"taxonomy":"post_tag","embeddable":true,"href":"https:\/\/www.gossip.it\/api\/wp\/v2\/tags?post=40331"},{"taxonomy":"vip","embeddable":true,"href":"https:\/\/www.gossip.it\/api\/wp\/v2\/vip?post=40331"}],"curies":[{"name":"wp","href":"https:\/\/api.w.org\/{rel}","templated":true}]}}