{"id":40332,"date":"2013-07-02T00:00:00","date_gmt":"2013-07-01T22:00:00","guid":{"rendered":"https:\/\/www.gossip.it\/senza-categoria\/belen-e-stefano-a-nozze-il-20-settembre\/"},"modified":"2013-07-02T00:00:00","modified_gmt":"2013-07-01T22:00:00","slug":"belen-e-stefano-a-nozze-il-20-settembre","status":"publish","type":"post","link":"https:\/\/www.gossip.it\/news\/belen-e-stefano-a-nozze-il-20-settembre\/","title":{"rendered":"Belen e Stefano a nozze il 20 settembre"},"content":{"rendered":"<p>Come aveva svelato <b>GossipNews in esclusiva il 27 giugno scorso<\/b>, <a href=\"http:\/\/www.gossip.it\/news\/monografia.php?keyword=Belen Rodriguez\">Belen Rodriguez<\/a> e <a href=\"http:\/\/www.gossip.it\/news\/monografia.php?keyword=Stefano De Martino\">Stefano De Martino<\/a> hanno risolto i loro problemi per dire finalmente di s\u00ec, <b>ricevendo in gran segreto vicino Padova i sacramenti di Comunione e Cresima<\/b>. Ora tutto \u00e8 pronto per le nozze.<br \/>\n<b>I due secondo <em>Chi<\/em> si sposeranno il prossimo 20 settembre, lo stesso giorno in cui la showgirl argentina compir\u00e0 29 anni<\/b>.<\/p>\n<p>Per i fiori d'arancio Belen e Stefano hanno scelto <b>la chiesa di San Giovanni Battista a Carbonara di Rovolon, in provincia di Padova<\/b>, probabilmente la stessa dove si sono diretti il luned\u00ec <em>'incriminato'<\/em>. <b>La coppia avrebbe gi\u00e0 firmato tutti i documenti e scelto le decorazione per la cerimonia<\/b>. Il settimanale, in edicola domani, pubblicher\u00e0 le foto esclusive della Rodriguez e De Martino durante il sopralluogo nel luogo sacro.<\/p>\n<p>La fede al dito unir\u00e0 ci\u00f2 che gi\u00e0 <a href=\"http:\/\/www.gossip.it\/news\/monografia.php?keyword=Santiago\">Santiago<\/a>, il piccolo nato il 9 aprile, ha reso indissolubile.<\/p>\n","protected":false},"excerpt":{"rendered":"<p>Come aveva svelato GossipNews in esclusiva il 27 giugno scorso, Belen Rodriguez e Stefano De Martino hanno risolto i loro problemi per dire finalmente di s\u00ec, ricevendo in gran segreto vicino Padova i sacramenti di Comunione e Cresima. Ora tutto \u00e8 pronto per le nozze. I due secondo Chi si sposeranno il prossimo 20 settembre, [&hellip;]<\/p>\n","protected":false},"author":1,"featured_media":96378,"comment_status":"closed","ping_status":"closed","sticky":false,"template":"","format":"standard","meta":{"footnotes":""},"categories":[54],"tags":[6435,2504,4790,2220,1950,2216,5784,1967,1923,2097],"vip":[396,1731],"class_list":["post-40332","post","type-post","status-publish","format-standard","has-post-thumbnail","hentry","category-news","tag-argentina","tag-ballerino","tag-facebook","tag-fiori-darancio","tag-matrimonio","tag-nozze","tag-padova","tag-showgirl","tag-social","tag-tv","vip-belen_rodriguez","vip-stefano_de_martino"],"yoast_head":"<title>Belen e Stefano a nozze il 20 settembre - Gossip.it | News sul Gossip e VIP<\/title>\n<meta name=\"description\" content=\"Come aveva svelato GossipNews in esclusiva il 27 giugno scorso, Belen Rodriguez e Stefano De Martino hanno risolto i loro problemi per dire finalmente di\" \/>\n<meta name=\"robots\" content=\"index, follow, max-snippet:-1, max-image-preview:large, max-video-preview:-1\" \/>\n<link rel=\"canonical\" href=\"https:\/\/www.gossip.it\/news\/belen-e-stefano-a-nozze-il-20-settembre\/\" \/>\n<meta property=\"og:locale\" content=\"it_IT\" \/>\n<meta property=\"og:type\" content=\"article\" \/>\n<meta property=\"og:title\" content=\"Belen e Stefano a nozze il 20 settembre - Gossip.it | News sul Gossip e VIP\" \/>\n<meta property=\"og:description\" content=\"Come aveva svelato GossipNews in esclusiva il 27 giugno scorso, Belen Rodriguez e Stefano De Martino hanno risolto i loro problemi per dire finalmente di\" \/>\n<meta property=\"og:url\" content=\"https:\/\/www.gossip.it\/news\/belen-e-stefano-a-nozze-il-20-settembre\/\" \/>\n<meta property=\"og:site_name\" content=\"Gossip.it | News sul Gossip e VIP\" \/>\n<meta property=\"article:publisher\" content=\"https:\/\/www.facebook.com\/GossipIT\" \/>\n<meta property=\"article:published_time\" content=\"2013-07-01T22:00:00+00:00\" \/>\n<meta property=\"og:image\" content=\"http:\/\/www.gossip.it\/images5\/1372759961_.jpg\" \/>\n<meta name=\"author\" content=\"La Redazione\" \/>\n<meta name=\"twitter:card\" content=\"summary_large_image\" \/>\n<meta name=\"twitter:image\" content=\"http:\/\/www.gossip.it\/images5\/1372759961_.jpg\" \/>\n<meta name=\"twitter:creator\" content=\"@gossinews_it\" \/>\n<meta name=\"twitter:site\" content=\"@gossinews_it\" \/>\n<meta name=\"twitter:label1\" content=\"Scritto da\" \/>\n\t<meta name=\"twitter:data1\" content=\"Annamaria Capozzi\" \/>\n\t<meta name=\"twitter:label2\" content=\"Tempo di lettura stimato\" \/>\n\t<meta name=\"twitter:data2\" content=\"1 minuto\" \/>","yoast_head_json":{"title":"Belen e Stefano a nozze il 20 settembre - Gossip.it | News sul Gossip e VIP","description":"Come aveva svelato GossipNews in esclusiva il 27 giugno scorso, Belen Rodriguez e Stefano De Martino hanno risolto i loro problemi per dire finalmente di","robots":{"index":"index","follow":"follow","max-snippet":"max-snippet:-1","max-image-preview":"max-image-preview:large","max-video-preview":"max-video-preview:-1"},"canonical":"https:\/\/www.gossip.it\/news\/belen-e-stefano-a-nozze-il-20-settembre\/","og_locale":"it_IT","og_type":"article","og_title":"Belen e Stefano a nozze il 20 settembre - Gossip.it | News sul Gossip e VIP","og_description":"Come aveva svelato GossipNews in esclusiva il 27 giugno scorso, Belen Rodriguez e Stefano De Martino hanno risolto i loro problemi per dire finalmente di","og_url":"https:\/\/www.gossip.it\/news\/belen-e-stefano-a-nozze-il-20-settembre\/","og_site_name":"Gossip.it | News sul Gossip e VIP","article_publisher":"https:\/\/www.facebook.com\/GossipIT","article_published_time":"2013-07-01T22:00:00+00:00","og_image":[{"url":"http:\/\/www.gossip.it\/images5\/1372759961_.jpg"}],"author":"La Redazione","twitter_card":"summary_large_image","twitter_image":"http:\/\/www.gossip.it\/images5\/1372759961_.jpg","twitter_creator":"@gossinews_it","twitter_site":"@gossinews_it","twitter_misc":{"Scritto da":"Annamaria Capozzi","Tempo di lettura stimato":"1 minuto"},"schema":{"@context":"https:\/\/schema.org","@graph":[{"@type":"Article","@id":"https:\/\/www.gossip.it\/news\/belen-e-stefano-a-nozze-il-20-settembre\/#article","isPartOf":{"@id":"https:\/\/www.gossip.it\/news\/belen-e-stefano-a-nozze-il-20-settembre\/"},"author":{"name":"La Redazione","@id":"https:\/\/www.gossip.it\/#\/schema\/person\/488896f75158bff1cc83c6c39d141110"},"headline":"Belen e Stefano a nozze il 20 settembre","datePublished":"2013-07-01T22:00:00+00:00","dateModified":"2013-07-01T22:00:00+00:00","mainEntityOfPage":{"@id":"https:\/\/www.gossip.it\/news\/belen-e-stefano-a-nozze-il-20-settembre\/"},"wordCount":155,"publisher":{"@id":"https:\/\/www.gossip.it\/#organization"},"image":{"@id":"https:\/\/www.gossip.it\/news\/belen-e-stefano-a-nozze-il-20-settembre\/#primaryimage"},"thumbnailUrl":"http:\/\/www.gossip.it\/images5\/1372759961_.jpg","keywords":["argentina","ballerino","facebook","fiori d&#039;arancio","matrimonio","nozze","padova","showgirl","social","tv"],"articleSection":["News"],"inLanguage":"it-IT"},{"@type":"WebPage","@id":"https:\/\/www.gossip.it\/news\/belen-e-stefano-a-nozze-il-20-settembre\/","url":"https:\/\/www.gossip.it\/news\/belen-e-stefano-a-nozze-il-20-settembre\/","name":"Belen e Stefano a nozze il 20 settembre - Gossip.it | News sul Gossip e VIP","isPartOf":{"@id":"https:\/\/www.gossip.it\/#website"},"primaryImageOfPage":{"@id":"https:\/\/www.gossip.it\/news\/belen-e-stefano-a-nozze-il-20-settembre\/#primaryimage"},"image":{"@id":"https:\/\/www.gossip.it\/news\/belen-e-stefano-a-nozze-il-20-settembre\/#primaryimage"},"thumbnailUrl":"http:\/\/www.gossip.it\/images5\/1372759961_.jpg","datePublished":"2013-07-01T22:00:00+00:00","dateModified":"2013-07-01T22:00:00+00:00","description":"Come aveva svelato GossipNews in esclusiva il 27 giugno scorso, Belen Rodriguez e Stefano De Martino hanno risolto i loro problemi per dire finalmente di","breadcrumb":{"@id":"https:\/\/www.gossip.it\/news\/belen-e-stefano-a-nozze-il-20-settembre\/#breadcrumb"},"inLanguage":"it-IT","potentialAction":[{"@type":"ReadAction","target":["https:\/\/www.gossip.it\/news\/belen-e-stefano-a-nozze-il-20-settembre\/"]}]},{"@type":"ImageObject","inLanguage":"it-IT","@id":"https:\/\/www.gossip.it\/news\/belen-e-stefano-a-nozze-il-20-settembre\/#primaryimage","url":"http:\/\/www.gossip.it\/images5\/1372759961_.jpg","contentUrl":"http:\/\/www.gossip.it\/images5\/1372759961_.jpg"},{"@type":"BreadcrumbList","@id":"https:\/\/www.gossip.it\/news\/belen-e-stefano-a-nozze-il-20-settembre\/#breadcrumb","itemListElement":[{"@type":"ListItem","position":1,"name":"Home","item":"https:\/\/www.gossip.it\/"},{"@type":"ListItem","position":2,"name":"Belen e Stefano a nozze il 20 settembre"}]},{"@type":"WebSite","@id":"https:\/\/www.gossip.it\/#website","url":"https:\/\/www.gossip.it\/","name":"Gossip and VIP News","description":"Quotidiano di cronaca rosa, costume e societ\u00e0","publisher":{"@id":"https:\/\/www.gossip.it\/#organization"},"alternateName":"Gossip and VIP News","potentialAction":[{"@type":"SearchAction","target":{"@type":"EntryPoint","urlTemplate":"https:\/\/www.gossip.it\/?s={search_term_string}"},"query-input":{"@type":"PropertyValueSpecification","valueRequired":true,"valueName":"search_term_string"}}],"inLanguage":"it-IT"},{"@type":"Organization","@id":"https:\/\/www.gossip.it\/#organization","name":"Gossip and VIP News","alternateName":"Gossip News","url":"https:\/\/www.gossip.it\/","logo":{"@type":"ImageObject","inLanguage":"it-IT","@id":"https:\/\/www.gossip.it\/#\/schema\/logo\/image\/","url":"https:\/\/www.gossip.it\/wp-content\/uploads\/2022\/04\/cropped-corna-alta-tiny.png","contentUrl":"https:\/\/www.gossip.it\/wp-content\/uploads\/2022\/04\/cropped-corna-alta-tiny.png","width":512,"height":512,"caption":"Gossip and VIP News"},"image":{"@id":"https:\/\/www.gossip.it\/#\/schema\/logo\/image\/"},"sameAs":["https:\/\/www.facebook.com\/GossipIT","https:\/\/x.com\/gossinews_it","https:\/\/instagram.com\/gossip_it"]},{"@type":"Person","@id":"https:\/\/www.gossip.it\/#\/schema\/person\/488896f75158bff1cc83c6c39d141110","name":"La Redazione","image":{"@type":"ImageObject","inLanguage":"it-IT","@id":"https:\/\/www.gossip.it\/#\/schema\/person\/image\/","url":"https:\/\/secure.gravatar.com\/avatar\/5a5f5c6fa3e6700e4249abdad0263a1e94e927d9e0499b1cb09c1cd29c044d80?s=96&d=mm&r=g","contentUrl":"https:\/\/secure.gravatar.com\/avatar\/5a5f5c6fa3e6700e4249abdad0263a1e94e927d9e0499b1cb09c1cd29c044d80?s=96&d=mm&r=g","caption":"La Redazione"},"sameAs":["https:\/\/www.gossip.it"]}]}},"amp_enabled":true,"_links":{"self":[{"href":"https:\/\/www.gossip.it\/api\/wp\/v2\/posts\/40332","targetHints":{"allow":["GET"]}}],"collection":[{"href":"https:\/\/www.gossip.it\/api\/wp\/v2\/posts"}],"about":[{"href":"https:\/\/www.gossip.it\/api\/wp\/v2\/types\/post"}],"author":[{"embeddable":true,"href":"https:\/\/www.gossip.it\/api\/wp\/v2\/users\/1"}],"replies":[{"embeddable":true,"href":"https:\/\/www.gossip.it\/api\/wp\/v2\/comments?post=40332"}],"version-history":[{"count":0,"href":"https:\/\/www.gossip.it\/api\/wp\/v2\/posts\/40332\/revisions"}],"wp:featuredmedia":[{"embeddable":true,"href":"https:\/\/www.gossip.it\/api\/wp\/v2\/media\/96378"}],"wp:attachment":[{"href":"https:\/\/www.gossip.it\/api\/wp\/v2\/media?parent=40332"}],"wp:term":[{"taxonomy":"category","embeddable":true,"href":"https:\/\/www.gossip.it\/api\/wp\/v2\/categories?post=40332"},{"taxonomy":"post_tag","embeddable":true,"href":"https:\/\/www.gossip.it\/api\/wp\/v2\/tags?post=40332"},{"taxonomy":"vip","embeddable":true,"href":"https:\/\/www.gossip.it\/api\/wp\/v2\/vip?post=40332"}],"curies":[{"name":"wp","href":"https:\/\/api.w.org\/{rel}","templated":true}]}}