{"id":40436,"date":"2013-07-08T00:00:00","date_gmt":"2013-07-07T22:00:00","guid":{"rendered":"https:\/\/www.gossip.it\/senza-categoria\/sara-carbonero-e-iker-casillas-presto-genitori\/"},"modified":"2013-07-08T00:00:00","modified_gmt":"2013-07-07T22:00:00","slug":"sara-carbonero-e-iker-casillas-presto-genitori","status":"publish","type":"post","link":"https:\/\/www.gossip.it\/news\/sara-carbonero-e-iker-casillas-presto-genitori\/","title":{"rendered":"Sara Carbonero e Iker Casillas presto genitori"},"content":{"rendered":"<p>La giornalista sportiva <a href=\"http:\/\/www.gossip.it\/news\/monografia.php?keyword=Sara Carbonero\">Sara Carbonero<\/a> e il fidanzato, il portiere del <b>Real Madrid<\/b> I<a href=\"http:\/\/www.gossip.it\/news\/monografia.php?keyword=ker Casillas\">ker Casillas<\/a>, aspettano il loro primo figlio. A dare la lieta novella, il quotidiano spagnolo \u201cEl Mundo\u201d.<\/p>\n<p>La coppia sta insieme dai <b>Mondiali in Sudafrica<\/b>, la loro relazione venne annunciata pubblicamente con un bacio in diretta tv. La Carobonero, incinta di 13 settimane, ha da poco superato il terzo mese di <b>gravidanza<\/b>. Ancora \u00e8 presto per sapere se il fiocco sar\u00e0 rosa o celeste. Una cosa \u00e8 certa, la relazione con Casillas va a gonfie vele e ora l\u2019arrivo di un beb\u00e8 render\u00e0 questa unione ancora pi\u00f9 solida. Non resta che attendere le<b> nozze<\/b>. I rumor sul matrimonio sono sempre stati smentiti. I <b>fiori d\u2019arancio<\/b> non sono sbocciati, almeno per il momento, ma la gioia pi\u00f9 grande \u00e8 arrivata: un erede da crescere e coccolare.<br \/>br><\/p>\n","protected":false},"excerpt":{"rendered":"<p>La giornalista sportiva Sara Carbonero e il fidanzato, il portiere del Real Madrid Iker Casillas, aspettano il loro primo figlio. A dare la lieta novella, il quotidiano spagnolo \u201cEl Mundo\u201d. La coppia sta insieme dai Mondiali in Sudafrica, la loro relazione venne annunciata pubblicamente con un bacio in diretta tv. La Carobonero, incinta di 13 [&hellip;]<\/p>\n","protected":false},"author":1,"featured_media":96482,"comment_status":"closed","ping_status":"closed","sticky":false,"template":"","format":"standard","meta":{"footnotes":""},"categories":[54],"tags":[2218,1942,43775,2181,25194,11153,9098,34440,2487],"vip":[],"class_list":["post-40436","post","type-post","status-publish","format-standard","has-post-thumbnail","hentry","category-news","tag-calciatore","tag-figlio","tag-giornalista-sportiva","tag-gravidanza","tag-iker-casillas","tag-portiere","tag-real-madrid","tag-sara-carbonero","tag-spagna"],"yoast_head":"<title>Sara Carbonero e Iker Casillas presto genitori - Gossip.it | News sul Gossip e VIP<\/title>\n<meta name=\"description\" content=\"La giornalista sportiva Sara Carbonero e il fidanzato, il portiere del Real Madrid Iker Casillas, aspettano il loro primo figlio. A dare la lieta novella,\" \/>\n<meta name=\"robots\" content=\"index, follow, max-snippet:-1, max-image-preview:large, max-video-preview:-1\" \/>\n<link rel=\"canonical\" href=\"https:\/\/www.gossip.it\/news\/sara-carbonero-e-iker-casillas-presto-genitori\/\" \/>\n<meta property=\"og:locale\" content=\"it_IT\" \/>\n<meta property=\"og:type\" content=\"article\" \/>\n<meta property=\"og:title\" content=\"Sara Carbonero e Iker Casillas presto genitori - Gossip.it | News sul Gossip e VIP\" \/>\n<meta property=\"og:description\" content=\"La giornalista sportiva Sara Carbonero e il fidanzato, il portiere del Real Madrid Iker Casillas, aspettano il loro primo figlio. A dare la lieta novella,\" \/>\n<meta property=\"og:url\" content=\"https:\/\/www.gossip.it\/news\/sara-carbonero-e-iker-casillas-presto-genitori\/\" \/>\n<meta property=\"og:site_name\" content=\"Gossip.it | News sul Gossip e VIP\" \/>\n<meta property=\"article:publisher\" content=\"https:\/\/www.facebook.com\/GossipIT\" \/>\n<meta property=\"article:published_time\" content=\"2013-07-07T22:00:00+00:00\" \/>\n<meta property=\"og:image\" content=\"http:\/\/www.gossip.it\/images5\/1373274953_.jpg\" \/>\n<meta name=\"author\" content=\"La Redazione\" \/>\n<meta name=\"twitter:card\" content=\"summary_large_image\" \/>\n<meta name=\"twitter:image\" content=\"http:\/\/www.gossip.it\/images5\/1373274953_.jpg\" \/>\n<meta name=\"twitter:creator\" content=\"@gossinews_it\" \/>\n<meta name=\"twitter:site\" content=\"@gossinews_it\" \/>\n<meta name=\"twitter:label1\" content=\"Scritto da\" \/>\n\t<meta name=\"twitter:data1\" content=\"Francesca Romana Domenici\" \/>\n\t<meta name=\"twitter:label2\" content=\"Tempo di lettura stimato\" \/>\n\t<meta name=\"twitter:data2\" content=\"1 minuto\" \/>","yoast_head_json":{"title":"Sara Carbonero e Iker Casillas presto genitori - Gossip.it | News sul Gossip e VIP","description":"La giornalista sportiva Sara Carbonero e il fidanzato, il portiere del Real Madrid Iker Casillas, aspettano il loro primo figlio. A dare la lieta novella,","robots":{"index":"index","follow":"follow","max-snippet":"max-snippet:-1","max-image-preview":"max-image-preview:large","max-video-preview":"max-video-preview:-1"},"canonical":"https:\/\/www.gossip.it\/news\/sara-carbonero-e-iker-casillas-presto-genitori\/","og_locale":"it_IT","og_type":"article","og_title":"Sara Carbonero e Iker Casillas presto genitori - Gossip.it | News sul Gossip e VIP","og_description":"La giornalista sportiva Sara Carbonero e il fidanzato, il portiere del Real Madrid Iker Casillas, aspettano il loro primo figlio. A dare la lieta novella,","og_url":"https:\/\/www.gossip.it\/news\/sara-carbonero-e-iker-casillas-presto-genitori\/","og_site_name":"Gossip.it | News sul Gossip e VIP","article_publisher":"https:\/\/www.facebook.com\/GossipIT","article_published_time":"2013-07-07T22:00:00+00:00","og_image":[{"url":"http:\/\/www.gossip.it\/images5\/1373274953_.jpg"}],"author":"La Redazione","twitter_card":"summary_large_image","twitter_image":"http:\/\/www.gossip.it\/images5\/1373274953_.jpg","twitter_creator":"@gossinews_it","twitter_site":"@gossinews_it","twitter_misc":{"Scritto da":"Francesca Romana Domenici","Tempo di lettura stimato":"1 minuto"},"schema":{"@context":"https:\/\/schema.org","@graph":[{"@type":"Article","@id":"https:\/\/www.gossip.it\/news\/sara-carbonero-e-iker-casillas-presto-genitori\/#article","isPartOf":{"@id":"https:\/\/www.gossip.it\/news\/sara-carbonero-e-iker-casillas-presto-genitori\/"},"author":{"name":"La Redazione","@id":"https:\/\/www.gossip.it\/#\/schema\/person\/488896f75158bff1cc83c6c39d141110"},"headline":"Sara Carbonero e Iker Casillas presto genitori","datePublished":"2013-07-07T22:00:00+00:00","dateModified":"2013-07-07T22:00:00+00:00","mainEntityOfPage":{"@id":"https:\/\/www.gossip.it\/news\/sara-carbonero-e-iker-casillas-presto-genitori\/"},"wordCount":144,"publisher":{"@id":"https:\/\/www.gossip.it\/#organization"},"image":{"@id":"https:\/\/www.gossip.it\/news\/sara-carbonero-e-iker-casillas-presto-genitori\/#primaryimage"},"thumbnailUrl":"http:\/\/www.gossip.it\/images5\/1373274953_.jpg","keywords":["calciatore","figlio","giornalista sportiva","gravidanza","Iker Casillas","portiere","real madrid","sara carbonero","spagna"],"articleSection":["News"],"inLanguage":"it-IT"},{"@type":"WebPage","@id":"https:\/\/www.gossip.it\/news\/sara-carbonero-e-iker-casillas-presto-genitori\/","url":"https:\/\/www.gossip.it\/news\/sara-carbonero-e-iker-casillas-presto-genitori\/","name":"Sara Carbonero e Iker Casillas presto genitori - Gossip.it | News sul Gossip e VIP","isPartOf":{"@id":"https:\/\/www.gossip.it\/#website"},"primaryImageOfPage":{"@id":"https:\/\/www.gossip.it\/news\/sara-carbonero-e-iker-casillas-presto-genitori\/#primaryimage"},"image":{"@id":"https:\/\/www.gossip.it\/news\/sara-carbonero-e-iker-casillas-presto-genitori\/#primaryimage"},"thumbnailUrl":"http:\/\/www.gossip.it\/images5\/1373274953_.jpg","datePublished":"2013-07-07T22:00:00+00:00","dateModified":"2013-07-07T22:00:00+00:00","description":"La giornalista sportiva Sara Carbonero e il fidanzato, il portiere del Real Madrid Iker Casillas, aspettano il loro primo figlio. A dare la lieta novella,","breadcrumb":{"@id":"https:\/\/www.gossip.it\/news\/sara-carbonero-e-iker-casillas-presto-genitori\/#breadcrumb"},"inLanguage":"it-IT","potentialAction":[{"@type":"ReadAction","target":["https:\/\/www.gossip.it\/news\/sara-carbonero-e-iker-casillas-presto-genitori\/"]}]},{"@type":"ImageObject","inLanguage":"it-IT","@id":"https:\/\/www.gossip.it\/news\/sara-carbonero-e-iker-casillas-presto-genitori\/#primaryimage","url":"http:\/\/www.gossip.it\/images5\/1373274953_.jpg","contentUrl":"http:\/\/www.gossip.it\/images5\/1373274953_.jpg"},{"@type":"BreadcrumbList","@id":"https:\/\/www.gossip.it\/news\/sara-carbonero-e-iker-casillas-presto-genitori\/#breadcrumb","itemListElement":[{"@type":"ListItem","position":1,"name":"Home","item":"https:\/\/www.gossip.it\/"},{"@type":"ListItem","position":2,"name":"Sara Carbonero e Iker Casillas presto genitori"}]},{"@type":"WebSite","@id":"https:\/\/www.gossip.it\/#website","url":"https:\/\/www.gossip.it\/","name":"Gossip and VIP News","description":"Quotidiano di cronaca rosa, costume e societ\u00e0","publisher":{"@id":"https:\/\/www.gossip.it\/#organization"},"alternateName":"Gossip and VIP News","potentialAction":[{"@type":"SearchAction","target":{"@type":"EntryPoint","urlTemplate":"https:\/\/www.gossip.it\/?s={search_term_string}"},"query-input":{"@type":"PropertyValueSpecification","valueRequired":true,"valueName":"search_term_string"}}],"inLanguage":"it-IT"},{"@type":"Organization","@id":"https:\/\/www.gossip.it\/#organization","name":"Gossip and VIP News","alternateName":"Gossip News","url":"https:\/\/www.gossip.it\/","logo":{"@type":"ImageObject","inLanguage":"it-IT","@id":"https:\/\/www.gossip.it\/#\/schema\/logo\/image\/","url":"https:\/\/www.gossip.it\/wp-content\/uploads\/2022\/04\/cropped-corna-alta-tiny.png","contentUrl":"https:\/\/www.gossip.it\/wp-content\/uploads\/2022\/04\/cropped-corna-alta-tiny.png","width":512,"height":512,"caption":"Gossip and VIP News"},"image":{"@id":"https:\/\/www.gossip.it\/#\/schema\/logo\/image\/"},"sameAs":["https:\/\/www.facebook.com\/GossipIT","https:\/\/x.com\/gossinews_it","https:\/\/instagram.com\/gossip_it"]},{"@type":"Person","@id":"https:\/\/www.gossip.it\/#\/schema\/person\/488896f75158bff1cc83c6c39d141110","name":"La Redazione","image":{"@type":"ImageObject","inLanguage":"it-IT","@id":"https:\/\/www.gossip.it\/#\/schema\/person\/image\/","url":"https:\/\/secure.gravatar.com\/avatar\/5a5f5c6fa3e6700e4249abdad0263a1e94e927d9e0499b1cb09c1cd29c044d80?s=96&d=mm&r=g","contentUrl":"https:\/\/secure.gravatar.com\/avatar\/5a5f5c6fa3e6700e4249abdad0263a1e94e927d9e0499b1cb09c1cd29c044d80?s=96&d=mm&r=g","caption":"La Redazione"},"sameAs":["https:\/\/www.gossip.it"]}]}},"amp_enabled":true,"_links":{"self":[{"href":"https:\/\/www.gossip.it\/api\/wp\/v2\/posts\/40436","targetHints":{"allow":["GET"]}}],"collection":[{"href":"https:\/\/www.gossip.it\/api\/wp\/v2\/posts"}],"about":[{"href":"https:\/\/www.gossip.it\/api\/wp\/v2\/types\/post"}],"author":[{"embeddable":true,"href":"https:\/\/www.gossip.it\/api\/wp\/v2\/users\/1"}],"replies":[{"embeddable":true,"href":"https:\/\/www.gossip.it\/api\/wp\/v2\/comments?post=40436"}],"version-history":[{"count":0,"href":"https:\/\/www.gossip.it\/api\/wp\/v2\/posts\/40436\/revisions"}],"wp:featuredmedia":[{"embeddable":true,"href":"https:\/\/www.gossip.it\/api\/wp\/v2\/media\/96482"}],"wp:attachment":[{"href":"https:\/\/www.gossip.it\/api\/wp\/v2\/media?parent=40436"}],"wp:term":[{"taxonomy":"category","embeddable":true,"href":"https:\/\/www.gossip.it\/api\/wp\/v2\/categories?post=40436"},{"taxonomy":"post_tag","embeddable":true,"href":"https:\/\/www.gossip.it\/api\/wp\/v2\/tags?post=40436"},{"taxonomy":"vip","embeddable":true,"href":"https:\/\/www.gossip.it\/api\/wp\/v2\/vip?post=40436"}],"curies":[{"name":"wp","href":"https:\/\/api.w.org\/{rel}","templated":true}]}}