{"id":40994,"date":"2013-08-07T00:00:00","date_gmt":"2013-08-06T22:00:00","guid":{"rendered":"https:\/\/www.gossip.it\/senza-categoria\/belen-e-stefano-le-vacanze-continuano\/"},"modified":"2013-08-07T00:00:00","modified_gmt":"2013-08-06T22:00:00","slug":"belen-e-stefano-le-vacanze-continuano","status":"publish","type":"post","link":"https:\/\/www.gossip.it\/news\/belen-e-stefano-le-vacanze-continuano\/","title":{"rendered":"Belen e Stefano, le vacanze continuano"},"content":{"rendered":"<p>La prima estate da genitori di <a href=\"http:\/\/www.gossip.it\/news\/monografia.php?keyword=Belen Rodriguez\">Belen Rodriguez<\/a> e <a href=\"http:\/\/www.gossip.it\/news\/monografia.php?keyword=Stefano De Martino\">Stefano De Martino<\/a> continua a <b>Formentera<\/b>. I due ormai sono diventati esperti frequentatori dei social e condividono ogni giorno con i fan l'album delle vacanze.<\/p>\n<p>Al centro della loro vita ora c\u2019\u00e8 piccolo <b>Santiago<\/b>. Cos\u00ec ecco foto del beb\u00e8 con mamma e pap\u00e0, ma anche con i capelli della <b>showgirl<\/b> a incorniciargli il viso, per un\u2019immagine scherzosa. La Rodriguez mostra pure un nuvo <b>tatuaggio<\/b>, una frase in spagnolo, non si legge tanto bene dalla foto ma, assicura, \u00e8 un <b> tattoo<\/b> per lei molto importante. Non solo figlio e compagno, con Belen anche la sorella <b>Cecilia<\/b>: stanno insieme in macchina, una fa la linguaccia, la pi\u00f9 piccola delle due, invece, ha un\u2019aria pi\u00f9 seriosa. Forse gi\u00e0 le mancano i genitori, partiti per tornare  a casa, hanno lasciato le <b>Baleari<\/b> e sono volati in <b>Argentina<\/b>.<\/p>\n","protected":false},"excerpt":{"rendered":"<p>La prima estate da genitori di Belen Rodriguez e Stefano De Martino continua a Formentera. I due ormai sono diventati esperti frequentatori dei social e condividono ogni giorno con i fan l'album delle vacanze. Al centro della loro vita ora c\u2019\u00e8 piccolo Santiago. Cos\u00ec ecco foto del beb\u00e8 con mamma e pap\u00e0, ma anche con [&hellip;]<\/p>\n","protected":false},"author":1,"featured_media":97040,"comment_status":"closed","ping_status":"closed","sticky":false,"template":"","format":"standard","meta":{"footnotes":""},"categories":[54],"tags":[7981,7659,1923,2389,2225,2978],"vip":[396,474,1731],"class_list":["post-40994","post","type-post","status-publish","format-standard","has-post-thumbnail","hentry","category-news","tag-formentera","tag-santiago","tag-social","tag-tattoo","tag-tatuaggio","tag-vacanze","vip-belen_rodriguez","vip-cecilia_rodriguez","vip-stefano_de_martino"],"yoast_head":"<title>Belen e Stefano, le vacanze continuano - Gossip.it | News sul Gossip e VIP<\/title>\n<meta name=\"description\" content=\"La prima estate da genitori di Belen Rodriguez e Stefano De Martino continua a Formentera. I due ormai sono diventati esperti frequentatori dei social e\" \/>\n<meta name=\"robots\" content=\"index, follow, max-snippet:-1, max-image-preview:large, max-video-preview:-1\" \/>\n<link rel=\"canonical\" href=\"https:\/\/www.gossip.it\/news\/belen-e-stefano-le-vacanze-continuano\/\" \/>\n<meta property=\"og:locale\" content=\"it_IT\" \/>\n<meta property=\"og:type\" content=\"article\" \/>\n<meta property=\"og:title\" content=\"Belen e Stefano, le vacanze continuano - Gossip.it | News sul Gossip e VIP\" \/>\n<meta property=\"og:description\" content=\"La prima estate da genitori di Belen Rodriguez e Stefano De Martino continua a Formentera. I due ormai sono diventati esperti frequentatori dei social e\" \/>\n<meta property=\"og:url\" content=\"https:\/\/www.gossip.it\/news\/belen-e-stefano-le-vacanze-continuano\/\" \/>\n<meta property=\"og:site_name\" content=\"Gossip.it | News sul Gossip e VIP\" \/>\n<meta property=\"article:publisher\" content=\"https:\/\/www.facebook.com\/GossipIT\" \/>\n<meta property=\"article:published_time\" content=\"2013-08-06T22:00:00+00:00\" \/>\n<meta property=\"og:image\" content=\"http:\/\/www.gossip.it\/images5\/1375880737_.jpg\" \/>\n<meta name=\"author\" content=\"La Redazione\" \/>\n<meta name=\"twitter:card\" content=\"summary_large_image\" \/>\n<meta name=\"twitter:image\" content=\"http:\/\/www.gossip.it\/images5\/1375880737_.jpg\" \/>\n<meta name=\"twitter:creator\" content=\"@gossinews_it\" \/>\n<meta name=\"twitter:site\" content=\"@gossinews_it\" \/>\n<meta name=\"twitter:label1\" content=\"Scritto da\" \/>\n\t<meta name=\"twitter:data1\" content=\"Francesca Romana Domenici\" \/>\n\t<meta name=\"twitter:label2\" content=\"Tempo di lettura stimato\" \/>\n\t<meta name=\"twitter:data2\" content=\"1 minuto\" \/>","yoast_head_json":{"title":"Belen e Stefano, le vacanze continuano - Gossip.it | News sul Gossip e VIP","description":"La prima estate da genitori di Belen Rodriguez e Stefano De Martino continua a Formentera. I due ormai sono diventati esperti frequentatori dei social e","robots":{"index":"index","follow":"follow","max-snippet":"max-snippet:-1","max-image-preview":"max-image-preview:large","max-video-preview":"max-video-preview:-1"},"canonical":"https:\/\/www.gossip.it\/news\/belen-e-stefano-le-vacanze-continuano\/","og_locale":"it_IT","og_type":"article","og_title":"Belen e Stefano, le vacanze continuano - Gossip.it | News sul Gossip e VIP","og_description":"La prima estate da genitori di Belen Rodriguez e Stefano De Martino continua a Formentera. I due ormai sono diventati esperti frequentatori dei social e","og_url":"https:\/\/www.gossip.it\/news\/belen-e-stefano-le-vacanze-continuano\/","og_site_name":"Gossip.it | News sul Gossip e VIP","article_publisher":"https:\/\/www.facebook.com\/GossipIT","article_published_time":"2013-08-06T22:00:00+00:00","og_image":[{"url":"http:\/\/www.gossip.it\/images5\/1375880737_.jpg"}],"author":"La Redazione","twitter_card":"summary_large_image","twitter_image":"http:\/\/www.gossip.it\/images5\/1375880737_.jpg","twitter_creator":"@gossinews_it","twitter_site":"@gossinews_it","twitter_misc":{"Scritto da":"Francesca Romana Domenici","Tempo di lettura stimato":"1 minuto"},"schema":{"@context":"https:\/\/schema.org","@graph":[{"@type":"Article","@id":"https:\/\/www.gossip.it\/news\/belen-e-stefano-le-vacanze-continuano\/#article","isPartOf":{"@id":"https:\/\/www.gossip.it\/news\/belen-e-stefano-le-vacanze-continuano\/"},"author":{"name":"La Redazione","@id":"https:\/\/www.gossip.it\/#\/schema\/person\/488896f75158bff1cc83c6c39d141110"},"headline":"Belen e Stefano, le vacanze continuano","datePublished":"2013-08-06T22:00:00+00:00","dateModified":"2013-08-06T22:00:00+00:00","mainEntityOfPage":{"@id":"https:\/\/www.gossip.it\/news\/belen-e-stefano-le-vacanze-continuano\/"},"wordCount":150,"publisher":{"@id":"https:\/\/www.gossip.it\/#organization"},"image":{"@id":"https:\/\/www.gossip.it\/news\/belen-e-stefano-le-vacanze-continuano\/#primaryimage"},"thumbnailUrl":"http:\/\/www.gossip.it\/images5\/1375880737_.jpg","keywords":["formentera","santiago","social","tattoo","tatuaggio","vacanze"],"articleSection":["News"],"inLanguage":"it-IT"},{"@type":"WebPage","@id":"https:\/\/www.gossip.it\/news\/belen-e-stefano-le-vacanze-continuano\/","url":"https:\/\/www.gossip.it\/news\/belen-e-stefano-le-vacanze-continuano\/","name":"Belen e Stefano, le vacanze continuano - Gossip.it | News sul Gossip e VIP","isPartOf":{"@id":"https:\/\/www.gossip.it\/#website"},"primaryImageOfPage":{"@id":"https:\/\/www.gossip.it\/news\/belen-e-stefano-le-vacanze-continuano\/#primaryimage"},"image":{"@id":"https:\/\/www.gossip.it\/news\/belen-e-stefano-le-vacanze-continuano\/#primaryimage"},"thumbnailUrl":"http:\/\/www.gossip.it\/images5\/1375880737_.jpg","datePublished":"2013-08-06T22:00:00+00:00","dateModified":"2013-08-06T22:00:00+00:00","description":"La prima estate da genitori di Belen Rodriguez e Stefano De Martino continua a Formentera. I due ormai sono diventati esperti frequentatori dei social e","breadcrumb":{"@id":"https:\/\/www.gossip.it\/news\/belen-e-stefano-le-vacanze-continuano\/#breadcrumb"},"inLanguage":"it-IT","potentialAction":[{"@type":"ReadAction","target":["https:\/\/www.gossip.it\/news\/belen-e-stefano-le-vacanze-continuano\/"]}]},{"@type":"ImageObject","inLanguage":"it-IT","@id":"https:\/\/www.gossip.it\/news\/belen-e-stefano-le-vacanze-continuano\/#primaryimage","url":"http:\/\/www.gossip.it\/images5\/1375880737_.jpg","contentUrl":"http:\/\/www.gossip.it\/images5\/1375880737_.jpg"},{"@type":"BreadcrumbList","@id":"https:\/\/www.gossip.it\/news\/belen-e-stefano-le-vacanze-continuano\/#breadcrumb","itemListElement":[{"@type":"ListItem","position":1,"name":"Home","item":"https:\/\/www.gossip.it\/"},{"@type":"ListItem","position":2,"name":"Belen e Stefano, le vacanze continuano"}]},{"@type":"WebSite","@id":"https:\/\/www.gossip.it\/#website","url":"https:\/\/www.gossip.it\/","name":"Gossip and VIP News","description":"Quotidiano di cronaca rosa, costume e societ\u00e0","publisher":{"@id":"https:\/\/www.gossip.it\/#organization"},"alternateName":"Gossip and VIP News","potentialAction":[{"@type":"SearchAction","target":{"@type":"EntryPoint","urlTemplate":"https:\/\/www.gossip.it\/?s={search_term_string}"},"query-input":{"@type":"PropertyValueSpecification","valueRequired":true,"valueName":"search_term_string"}}],"inLanguage":"it-IT"},{"@type":"Organization","@id":"https:\/\/www.gossip.it\/#organization","name":"Gossip and VIP News","alternateName":"Gossip News","url":"https:\/\/www.gossip.it\/","logo":{"@type":"ImageObject","inLanguage":"it-IT","@id":"https:\/\/www.gossip.it\/#\/schema\/logo\/image\/","url":"https:\/\/www.gossip.it\/wp-content\/uploads\/2022\/04\/cropped-corna-alta-tiny.png","contentUrl":"https:\/\/www.gossip.it\/wp-content\/uploads\/2022\/04\/cropped-corna-alta-tiny.png","width":512,"height":512,"caption":"Gossip and VIP News"},"image":{"@id":"https:\/\/www.gossip.it\/#\/schema\/logo\/image\/"},"sameAs":["https:\/\/www.facebook.com\/GossipIT","https:\/\/x.com\/gossinews_it","https:\/\/instagram.com\/gossip_it"]},{"@type":"Person","@id":"https:\/\/www.gossip.it\/#\/schema\/person\/488896f75158bff1cc83c6c39d141110","name":"La Redazione","image":{"@type":"ImageObject","inLanguage":"it-IT","@id":"https:\/\/www.gossip.it\/#\/schema\/person\/image\/","url":"https:\/\/secure.gravatar.com\/avatar\/5a5f5c6fa3e6700e4249abdad0263a1e94e927d9e0499b1cb09c1cd29c044d80?s=96&d=mm&r=g","contentUrl":"https:\/\/secure.gravatar.com\/avatar\/5a5f5c6fa3e6700e4249abdad0263a1e94e927d9e0499b1cb09c1cd29c044d80?s=96&d=mm&r=g","caption":"La Redazione"},"sameAs":["https:\/\/www.gossip.it"]}]}},"amp_enabled":true,"_links":{"self":[{"href":"https:\/\/www.gossip.it\/api\/wp\/v2\/posts\/40994","targetHints":{"allow":["GET"]}}],"collection":[{"href":"https:\/\/www.gossip.it\/api\/wp\/v2\/posts"}],"about":[{"href":"https:\/\/www.gossip.it\/api\/wp\/v2\/types\/post"}],"author":[{"embeddable":true,"href":"https:\/\/www.gossip.it\/api\/wp\/v2\/users\/1"}],"replies":[{"embeddable":true,"href":"https:\/\/www.gossip.it\/api\/wp\/v2\/comments?post=40994"}],"version-history":[{"count":0,"href":"https:\/\/www.gossip.it\/api\/wp\/v2\/posts\/40994\/revisions"}],"wp:featuredmedia":[{"embeddable":true,"href":"https:\/\/www.gossip.it\/api\/wp\/v2\/media\/97040"}],"wp:attachment":[{"href":"https:\/\/www.gossip.it\/api\/wp\/v2\/media?parent=40994"}],"wp:term":[{"taxonomy":"category","embeddable":true,"href":"https:\/\/www.gossip.it\/api\/wp\/v2\/categories?post=40994"},{"taxonomy":"post_tag","embeddable":true,"href":"https:\/\/www.gossip.it\/api\/wp\/v2\/tags?post=40994"},{"taxonomy":"vip","embeddable":true,"href":"https:\/\/www.gossip.it\/api\/wp\/v2\/vip?post=40994"}],"curies":[{"name":"wp","href":"https:\/\/api.w.org\/{rel}","templated":true}]}}