{"id":41203,"date":"2013-08-30T00:00:00","date_gmt":"2013-08-29T22:00:00","guid":{"rendered":"https:\/\/www.gossip.it\/senza-categoria\/massimo-ranieri-ricoverato-e-operato-d-urgenza\/"},"modified":"2013-08-30T00:00:00","modified_gmt":"2013-08-29T22:00:00","slug":"massimo-ranieri-ricoverato-e-operato-d-urgenza","status":"publish","type":"post","link":"https:\/\/www.gossip.it\/news\/massimo-ranieri-ricoverato-e-operato-d-urgenza\/","title":{"rendered":"Massimo Ranieri, ricoverato e operato d'urgenza"},"content":{"rendered":"<p>Problemi intestinali gravi. <a href=\"http:\/\/www.gossip.it\/news\/monografia.php?keyword=Massimo Ranieri\">Massimo Ranieri<\/a> <b>\u00e8 stato ricoverato e operato d'urgenza<\/b>. Il <a href=\"http:\/\/www.gossip.it\/news\/monografia.php?keyword=cantante\">cantante<\/a> e <a href=\"http:\/\/www.gossip.it\/news\/monografia.php?keyword=attore\">attore<\/a> <b>\u00e8 stato costretto ad annullare tutti gli impegni professionali almeno fino a met\u00e0 settembre<\/b>.<\/p>\n<p>Ranieri era impegnato nella sua  tourn\u00e9e teatrale, in cui stava interpretando <b>\"Riccardo III\"<\/b>. <em>\"Uno spettacolo imponente con 18 attori, la traduzione e l'adattamento di <b>Masolino D'Amico<\/b>, uno dei massimi anglisti al mondo, e le musiche composte appositamente da <a href=\"http:\/\/www.gossip.it\/news\/monografia.php?keyword=Ennio Morricone\">Ennio Morricone<\/a>\"<\/em>, aveva detto Massimo raccontando lo spettacolo di cui era protagonista e regista. Ora \u00e8 arrivato lo stop imprevisto. L'artista \u00e8 molto dispiaciuto, ma spera di tornare presto sul palcoscenico e in <a href=\"http:\/\/www.gossip.it\/news\/monografia.php?keyword=tv\">tv<\/a>.<\/p>\n","protected":false},"excerpt":{"rendered":"<p>Problemi intestinali gravi. Massimo Ranieri \u00e8 stato ricoverato e operato d'urgenza. Il cantante e attore \u00e8 stato costretto ad annullare tutti gli impegni professionali almeno fino a met\u00e0 settembre. Ranieri era impegnato nella sua tourn\u00e9e teatrale, in cui stava interpretando \"Riccardo III\". \"Uno spettacolo imponente con 18 attori, la traduzione e l'adattamento di Masolino D'Amico, [&hellip;]<\/p>\n","protected":false},"author":1,"featured_media":97249,"comment_status":"closed","ping_status":"closed","sticky":false,"template":"","format":"standard","meta":{"footnotes":""},"categories":[54],"tags":[2137,2156,9256,2832,8138,2438,2097],"vip":[1299],"class_list":["post-41203","post","type-post","status-publish","format-standard","has-post-thumbnail","hentry","category-news","tag-attore","tag-cantautore","tag-operato","tag-regista","tag-ricovero","tag-teatro","tag-tv","vip-massimo_ranieri"],"yoast_head":"<title>Massimo Ranieri, ricoverato e operato d&#039;urgenza - Gossip.it | News sul Gossip e VIP<\/title>\n<meta name=\"description\" content=\"Problemi intestinali gravi. Massimo Ranieri \u00e8 stato ricoverato e operato d&#039;urgenza. Il cantante e attore \u00e8 stato costretto ad annullare tutti gli impegni\" \/>\n<meta name=\"robots\" content=\"index, follow, max-snippet:-1, max-image-preview:large, max-video-preview:-1\" \/>\n<link rel=\"canonical\" href=\"https:\/\/www.gossip.it\/news\/massimo-ranieri-ricoverato-e-operato-d-urgenza\/\" \/>\n<meta property=\"og:locale\" content=\"it_IT\" \/>\n<meta property=\"og:type\" content=\"article\" \/>\n<meta property=\"og:title\" content=\"Massimo Ranieri, ricoverato e operato d&#039;urgenza - Gossip.it | News sul Gossip e VIP\" \/>\n<meta property=\"og:description\" content=\"Problemi intestinali gravi. Massimo Ranieri \u00e8 stato ricoverato e operato d&#039;urgenza. Il cantante e attore \u00e8 stato costretto ad annullare tutti gli impegni\" \/>\n<meta property=\"og:url\" content=\"https:\/\/www.gossip.it\/news\/massimo-ranieri-ricoverato-e-operato-d-urgenza\/\" \/>\n<meta property=\"og:site_name\" content=\"Gossip.it | News sul Gossip e VIP\" \/>\n<meta property=\"article:publisher\" content=\"https:\/\/www.facebook.com\/GossipIT\" \/>\n<meta property=\"article:published_time\" content=\"2013-08-29T22:00:00+00:00\" \/>\n<meta property=\"og:image\" content=\"http:\/\/www.gossip.it\/images5\/1377867305_.jpg\" \/>\n<meta name=\"author\" content=\"La Redazione\" \/>\n<meta name=\"twitter:card\" content=\"summary_large_image\" \/>\n<meta name=\"twitter:image\" content=\"http:\/\/www.gossip.it\/images5\/1377867305_.jpg\" \/>\n<meta name=\"twitter:creator\" content=\"@gossinews_it\" \/>\n<meta name=\"twitter:site\" content=\"@gossinews_it\" \/>\n<meta name=\"twitter:label1\" content=\"Scritto da\" \/>\n\t<meta name=\"twitter:data1\" content=\"Annamaria Capozzi\" \/>","yoast_head_json":{"title":"Massimo Ranieri, ricoverato e operato d'urgenza - Gossip.it | News sul Gossip e VIP","description":"Problemi intestinali gravi. Massimo Ranieri \u00e8 stato ricoverato e operato d'urgenza. Il cantante e attore \u00e8 stato costretto ad annullare tutti gli impegni","robots":{"index":"index","follow":"follow","max-snippet":"max-snippet:-1","max-image-preview":"max-image-preview:large","max-video-preview":"max-video-preview:-1"},"canonical":"https:\/\/www.gossip.it\/news\/massimo-ranieri-ricoverato-e-operato-d-urgenza\/","og_locale":"it_IT","og_type":"article","og_title":"Massimo Ranieri, ricoverato e operato d'urgenza - Gossip.it | News sul Gossip e VIP","og_description":"Problemi intestinali gravi. Massimo Ranieri \u00e8 stato ricoverato e operato d'urgenza. Il cantante e attore \u00e8 stato costretto ad annullare tutti gli impegni","og_url":"https:\/\/www.gossip.it\/news\/massimo-ranieri-ricoverato-e-operato-d-urgenza\/","og_site_name":"Gossip.it | News sul Gossip e VIP","article_publisher":"https:\/\/www.facebook.com\/GossipIT","article_published_time":"2013-08-29T22:00:00+00:00","og_image":[{"url":"http:\/\/www.gossip.it\/images5\/1377867305_.jpg"}],"author":"La Redazione","twitter_card":"summary_large_image","twitter_image":"http:\/\/www.gossip.it\/images5\/1377867305_.jpg","twitter_creator":"@gossinews_it","twitter_site":"@gossinews_it","twitter_misc":{"Scritto da":"Annamaria Capozzi"},"schema":{"@context":"https:\/\/schema.org","@graph":[{"@type":"Article","@id":"https:\/\/www.gossip.it\/news\/massimo-ranieri-ricoverato-e-operato-d-urgenza\/#article","isPartOf":{"@id":"https:\/\/www.gossip.it\/news\/massimo-ranieri-ricoverato-e-operato-d-urgenza\/"},"author":{"name":"La Redazione","@id":"https:\/\/www.gossip.it\/#\/schema\/person\/488896f75158bff1cc83c6c39d141110"},"headline":"Massimo Ranieri, ricoverato e operato d'urgenza","datePublished":"2013-08-29T22:00:00+00:00","dateModified":"2013-08-29T22:00:00+00:00","mainEntityOfPage":{"@id":"https:\/\/www.gossip.it\/news\/massimo-ranieri-ricoverato-e-operato-d-urgenza\/"},"wordCount":108,"publisher":{"@id":"https:\/\/www.gossip.it\/#organization"},"image":{"@id":"https:\/\/www.gossip.it\/news\/massimo-ranieri-ricoverato-e-operato-d-urgenza\/#primaryimage"},"thumbnailUrl":"http:\/\/www.gossip.it\/images5\/1377867305_.jpg","keywords":["attore","cantautore","operato","regista","ricovero","teatro","tv"],"articleSection":["News"],"inLanguage":"it-IT"},{"@type":"WebPage","@id":"https:\/\/www.gossip.it\/news\/massimo-ranieri-ricoverato-e-operato-d-urgenza\/","url":"https:\/\/www.gossip.it\/news\/massimo-ranieri-ricoverato-e-operato-d-urgenza\/","name":"Massimo Ranieri, ricoverato e operato d'urgenza - Gossip.it | News sul Gossip e VIP","isPartOf":{"@id":"https:\/\/www.gossip.it\/#website"},"primaryImageOfPage":{"@id":"https:\/\/www.gossip.it\/news\/massimo-ranieri-ricoverato-e-operato-d-urgenza\/#primaryimage"},"image":{"@id":"https:\/\/www.gossip.it\/news\/massimo-ranieri-ricoverato-e-operato-d-urgenza\/#primaryimage"},"thumbnailUrl":"http:\/\/www.gossip.it\/images5\/1377867305_.jpg","datePublished":"2013-08-29T22:00:00+00:00","dateModified":"2013-08-29T22:00:00+00:00","description":"Problemi intestinali gravi. Massimo Ranieri \u00e8 stato ricoverato e operato d'urgenza. Il cantante e attore \u00e8 stato costretto ad annullare tutti gli impegni","breadcrumb":{"@id":"https:\/\/www.gossip.it\/news\/massimo-ranieri-ricoverato-e-operato-d-urgenza\/#breadcrumb"},"inLanguage":"it-IT","potentialAction":[{"@type":"ReadAction","target":["https:\/\/www.gossip.it\/news\/massimo-ranieri-ricoverato-e-operato-d-urgenza\/"]}]},{"@type":"ImageObject","inLanguage":"it-IT","@id":"https:\/\/www.gossip.it\/news\/massimo-ranieri-ricoverato-e-operato-d-urgenza\/#primaryimage","url":"http:\/\/www.gossip.it\/images5\/1377867305_.jpg","contentUrl":"http:\/\/www.gossip.it\/images5\/1377867305_.jpg"},{"@type":"BreadcrumbList","@id":"https:\/\/www.gossip.it\/news\/massimo-ranieri-ricoverato-e-operato-d-urgenza\/#breadcrumb","itemListElement":[{"@type":"ListItem","position":1,"name":"Home","item":"https:\/\/www.gossip.it\/"},{"@type":"ListItem","position":2,"name":"Massimo Ranieri, ricoverato e operato d'urgenza"}]},{"@type":"WebSite","@id":"https:\/\/www.gossip.it\/#website","url":"https:\/\/www.gossip.it\/","name":"Gossip and VIP News","description":"Quotidiano di cronaca rosa, costume e societ\u00e0","publisher":{"@id":"https:\/\/www.gossip.it\/#organization"},"alternateName":"Gossip and VIP News","potentialAction":[{"@type":"SearchAction","target":{"@type":"EntryPoint","urlTemplate":"https:\/\/www.gossip.it\/?s={search_term_string}"},"query-input":{"@type":"PropertyValueSpecification","valueRequired":true,"valueName":"search_term_string"}}],"inLanguage":"it-IT"},{"@type":"Organization","@id":"https:\/\/www.gossip.it\/#organization","name":"Gossip and VIP News","alternateName":"Gossip News","url":"https:\/\/www.gossip.it\/","logo":{"@type":"ImageObject","inLanguage":"it-IT","@id":"https:\/\/www.gossip.it\/#\/schema\/logo\/image\/","url":"https:\/\/www.gossip.it\/wp-content\/uploads\/2022\/04\/cropped-corna-alta-tiny.png","contentUrl":"https:\/\/www.gossip.it\/wp-content\/uploads\/2022\/04\/cropped-corna-alta-tiny.png","width":512,"height":512,"caption":"Gossip and VIP News"},"image":{"@id":"https:\/\/www.gossip.it\/#\/schema\/logo\/image\/"},"sameAs":["https:\/\/www.facebook.com\/GossipIT","https:\/\/x.com\/gossinews_it","https:\/\/instagram.com\/gossip_it"]},{"@type":"Person","@id":"https:\/\/www.gossip.it\/#\/schema\/person\/488896f75158bff1cc83c6c39d141110","name":"La Redazione","image":{"@type":"ImageObject","inLanguage":"it-IT","@id":"https:\/\/www.gossip.it\/#\/schema\/person\/image\/","url":"https:\/\/secure.gravatar.com\/avatar\/5a5f5c6fa3e6700e4249abdad0263a1e94e927d9e0499b1cb09c1cd29c044d80?s=96&d=mm&r=g","contentUrl":"https:\/\/secure.gravatar.com\/avatar\/5a5f5c6fa3e6700e4249abdad0263a1e94e927d9e0499b1cb09c1cd29c044d80?s=96&d=mm&r=g","caption":"La Redazione"},"sameAs":["https:\/\/www.gossip.it"]}]}},"amp_enabled":true,"_links":{"self":[{"href":"https:\/\/www.gossip.it\/api\/wp\/v2\/posts\/41203","targetHints":{"allow":["GET"]}}],"collection":[{"href":"https:\/\/www.gossip.it\/api\/wp\/v2\/posts"}],"about":[{"href":"https:\/\/www.gossip.it\/api\/wp\/v2\/types\/post"}],"author":[{"embeddable":true,"href":"https:\/\/www.gossip.it\/api\/wp\/v2\/users\/1"}],"replies":[{"embeddable":true,"href":"https:\/\/www.gossip.it\/api\/wp\/v2\/comments?post=41203"}],"version-history":[{"count":0,"href":"https:\/\/www.gossip.it\/api\/wp\/v2\/posts\/41203\/revisions"}],"wp:featuredmedia":[{"embeddable":true,"href":"https:\/\/www.gossip.it\/api\/wp\/v2\/media\/97249"}],"wp:attachment":[{"href":"https:\/\/www.gossip.it\/api\/wp\/v2\/media?parent=41203"}],"wp:term":[{"taxonomy":"category","embeddable":true,"href":"https:\/\/www.gossip.it\/api\/wp\/v2\/categories?post=41203"},{"taxonomy":"post_tag","embeddable":true,"href":"https:\/\/www.gossip.it\/api\/wp\/v2\/tags?post=41203"},{"taxonomy":"vip","embeddable":true,"href":"https:\/\/www.gossip.it\/api\/wp\/v2\/vip?post=41203"}],"curies":[{"name":"wp","href":"https:\/\/api.w.org\/{rel}","templated":true}]}}