{"id":41422,"date":"2013-09-11T00:00:00","date_gmt":"2013-09-10T22:00:00","guid":{"rendered":"https:\/\/www.gossip.it\/senza-categoria\/belen-prima-le-fedi-poi-pranzo-con-eli-canalis\/"},"modified":"2013-09-11T00:00:00","modified_gmt":"2013-09-10T22:00:00","slug":"belen-prima-le-fedi-poi-pranzo-con-eli-canalis","status":"publish","type":"post","link":"https:\/\/www.gossip.it\/news\/belen-prima-le-fedi-poi-pranzo-con-eli-canalis\/","title":{"rendered":"Belen, prima le fedi poi pranzo con Eli Canalis"},"content":{"rendered":"<p><em><b>\"L'attesa \u00e8 devastante\"<\/b><\/em> per <a href=\"http:\/\/www.gossip.it\/news\/monografia.php?keyword=Stefano De Martino\">Stefano De Martino<\/a>. <em>\"Organizzare un matrimonio \u00e8 complicato<\/em> - ha spiegato il ballerino a <b>Chi<\/b> - <em>Ci sono meccanismi e incastri inimmaginabili, e il nostro obiettivo \u00e8 far stare bene gli invitati e goderci il momento pi\u00f9 importante della nostra vita, legato a quest'annata indimenticabile\"<\/em>. Lui alla fine ha lasciato che a occuparsi di tutto fosse <a href=\"http:\/\/www.gossip.it\/news\/monografia.php?keyword=Belen Rodriguez\">Belen Rodriguez<\/a>: <b><em>\"Non so nemmeno come saranno le bomboniere definitive. Ho detto: \"Ditemi orario e luogo e io mi presenter\u00f2\". Ovviamente arriver\u00f2 in anticipo rispetto alla sposa, come la tradizione vuole\"<\/em><\/b>.<br \/>\nLa <a href=\"http:\/\/www.gossip.it\/news\/monografia.php?keyword=showgirl\">showgirl<\/a> argentina vive giornate intense, ma trova comunque il tempo per un pranzo con l'amica <a href=\"http:\/\/www.gossip.it\/news\/monografia.php?keyword=Elisabetta Canalis\">Elisabetta Canalis<\/a>, in questi giorni a Milano, al Petit Bistro dall'amica <b>Simona Miele<\/b>. La Rodriguez con Eli posa sorniona. Le due si divertono a postare le immagini sui loro profili <b>Instagram<\/b>, condivisione sempre e comunque. I paparazzi all'uscita in agguato le vedono salutarsi. Belen non torna a casa. Tira dritto per lo shopping. Pirma, in tarda mattinata, era gi\u00e0 stata nella prestigiosa gioielleria Damiani in via Montenapoleone per scegliere <b>le fedi, gli orecchini e il collier da indossare il giorno delle nozze, il prossimo 20 settembre<\/b>, quando compir\u00e0 29 anni.<\/p>\n<p>Il giorno del s\u00ec la sexy mamma di <a href=\"http:\/\/www.gossip.it\/news\/monografia.php?keyword=Santiago\">Santiago<\/a> lo desidera perfetto. I testimoni saranno il suo stylist e migliore amico, <a href=\"http:\/\/www.gossip.it\/news\/monografia.php?keyword=Giuseppe Dicecca\">Giuseppe Dicecca<\/a>, e <a href=\"http:\/\/www.gossip.it\/news\/monografia.php?keyword=Patrizia Griffini\">Patrizia Griffini<\/a>, ex concorrente del <a href=\"http:\/\/www.gossip.it\/news\/monografia.php?keyword=Grande Fratello\">Grande Fratello<\/a>. <a href=\"http:\/\/www.gossip.it\/news\/monografia.php?keyword=Fabrizio Fiorani\">Fabrizio Fiorani<\/a>, anche lui stylist e compagno nella vita di Dicecca, e <b>Macia Del Prete<\/b>, maestra di danza e migliore amica del ballerino, per De Martino.<br \/>\nTanti invitati vip. <a href=\"http:\/\/www.gossip.it\/news\/monografia.php?keyword=Christian De Sica\">Christian De Sica<\/a>, <a href=\"http:\/\/www.gossip.it\/news\/monografia.php?keyword=Gerry Scotti\">Gerry Scotti<\/a>, <a href=\"http:\/\/www.gossip.it\/news\/monografia.php?keyword=Maria De Filippi\">Maria De Filippi<\/a> e <a href=\"http:\/\/www.gossip.it\/news\/monografia.php?keyword=Silvia Toffanin\">Silvia Toffanin<\/a> hanno dovuto declinare per colpa degli impegni professionali. Presenti, invece, <a href=\"http:\/\/www.gossip.it\/news\/monografia.php?keyword=Elena Santarelli\">Elena Santarelli<\/a>, che vestir\u00e0 Luisa Beccaria, <a href=\"http:\/\/www.gossip.it\/news\/monografia.php?keyword=Elisabetta Canalis\">Elisabetta Canalis<\/a>, in Cavalli, <a href=\"http:\/\/www.gossip.it\/news\/monografia.php?keyword=Claudia Galanti\">Claudia Galanti<\/a> con un abito di Zuhair Murad, il conduttore e attore <a href=\"http:\/\/www.gossip.it\/news\/monografia.php?keyword=Paolo Ruffini\">Paolo Ruffini<\/a> con la moglie Claudia, <a href=\"http:\/\/www.gossip.it\/news\/monografia.php?keyword=Simone Annicchiarico\">Simone Annicchiarico<\/a>, <a href=\"http:\/\/www.gossip.it\/news\/monografia.php?keyword=Teo Mammucari\">Teo Mammucari<\/a>, <a href=\"http:\/\/www.gossip.it\/news\/monografia.php?keyword=Simona Ventura\">Simona Ventura<\/a> con <a href=\"http:\/\/www.gossip.it\/news\/monografia.php?keyword=Ger\u00f2 Carraro\">Ger\u00f2 Carraro<\/a>, il medico estetico della coppia, <a href=\"http:\/\/www.gossip.it\/news\/monografia.php?keyword=Giacomo Urtis\">Giacomo Urtis<\/a>, e l\u2019imprenditore <b>Saverio Moschillo<\/b> con la figlia <b>Alessandra<\/b>, proprietari del marchio Richmond, come ha svelato il settimanale diretto da <a href=\"http:\/\/www.gossip.it\/news\/monografia.php?keyword=Alfonso Signorini\">Alfonso Signorini<\/a>.<br \/>\nAlle invitate, dopo la cerimonia, saranno donate delle <em>'ballerine'<\/em> per stare comode e poter ballare. Fuochi d'artificio a mezzanotte dell\u2019azienda Martarello. Decorazioni floreali, allestimenti ai tavoli, fiori e candelabri sono stati curati da Arabesque. Le bomboniere saranno firmate dalla Confetteria Conti. Il catering sar\u00e0 curato da Cavour ricevimenti. Men\u00f9 a base di pesce. Le specialit\u00e0 argentine e napoletane saranno presenti nei dolci e negli aperitivi. <b>Previsti pure men\u00f9 a parte per i vegetariani, per i celiaci e per i vegani<\/b>. I dolci saranno preparati dalla pasticceria Racca di Padova. Poco prima dell\u2019alba brioches e cr\u00eapes con Nutella. La torta \u00e8 firmata dal famoso cake designer Roberto Ramperti di Como.<\/p>\n<p>Tutto \u00e8 gi\u00e0 stato e sar\u00e0 ripreso diligentemente da una troupe per un docufilm che dovrebbe servire agli sposi solo per gli amici, ma le proposte per accaparrarselo dalle tv non mancheranno, chiss\u00e0...<\/p>\n","protected":false},"excerpt":{"rendered":"<p>\"L'attesa \u00e8 devastante\" per Stefano De Martino. \"Organizzare un matrimonio \u00e8 complicato - ha spiegato il ballerino a Chi - Ci sono meccanismi e incastri inimmaginabili, e il nostro obiettivo \u00e8 far stare bene gli invitati e goderci il momento pi\u00f9 importante della nostra vita, legato a quest'annata indimenticabile\". Lui alla fine ha lasciato che [&hellip;]<\/p>\n","protected":false},"author":1,"featured_media":97468,"comment_status":"closed","ping_status":"closed","sticky":false,"template":"","format":"standard","meta":{"footnotes":""},"categories":[54],"tags":[8090,6435,2504,4790,2220,1950,2216,5281,2568,7659,1967,1923,2097],"vip":[396,649,1731],"class_list":["post-41422","post","type-post","status-publish","format-standard","has-post-thumbnail","hentry","category-news","tag-20-settembre","tag-argentina","tag-ballerino","tag-facebook","tag-fiori-darancio","tag-matrimonio","tag-nozze","tag-paparazzate","tag-protagonisti","tag-santiago","tag-showgirl","tag-social","tag-tv","vip-belen_rodriguez","vip-elisabetta_canalis","vip-stefano_de_martino"],"yoast_head":"<title>Belen, prima le fedi poi pranzo con Eli Canalis - Gossip.it | News sul Gossip e VIP<\/title>\n<meta name=\"description\" content=\"&quot;L&#039;attesa \u00e8 devastante&quot; per Stefano De Martino. &quot;Organizzare un matrimonio \u00e8 complicato - ha spiegato il ballerino a Chi - Ci sono meccanismi e incastri\" \/>\n<meta name=\"robots\" content=\"index, follow, max-snippet:-1, max-image-preview:large, max-video-preview:-1\" \/>\n<link rel=\"canonical\" href=\"https:\/\/www.gossip.it\/news\/belen-prima-le-fedi-poi-pranzo-con-eli-canalis\/\" \/>\n<meta property=\"og:locale\" content=\"it_IT\" \/>\n<meta property=\"og:type\" content=\"article\" \/>\n<meta property=\"og:title\" content=\"Belen, prima le fedi poi pranzo con Eli Canalis - Gossip.it | News sul Gossip e VIP\" \/>\n<meta property=\"og:description\" content=\"&quot;L&#039;attesa \u00e8 devastante&quot; per Stefano De Martino. &quot;Organizzare un matrimonio \u00e8 complicato - ha spiegato il ballerino a Chi - Ci sono meccanismi e incastri\" \/>\n<meta property=\"og:url\" content=\"https:\/\/www.gossip.it\/news\/belen-prima-le-fedi-poi-pranzo-con-eli-canalis\/\" \/>\n<meta property=\"og:site_name\" content=\"Gossip.it | News sul Gossip e VIP\" \/>\n<meta property=\"article:publisher\" content=\"https:\/\/www.facebook.com\/GossipIT\" \/>\n<meta property=\"article:published_time\" content=\"2013-09-10T22:00:00+00:00\" \/>\n<meta property=\"og:image\" content=\"http:\/\/www.gossip.it\/images5\/1378894302_.jpg\" \/>\n<meta name=\"author\" content=\"La Redazione\" \/>\n<meta name=\"twitter:card\" content=\"summary_large_image\" \/>\n<meta name=\"twitter:image\" content=\"http:\/\/www.gossip.it\/images5\/1378894302_.jpg\" \/>\n<meta name=\"twitter:creator\" content=\"@gossinews_it\" \/>\n<meta name=\"twitter:site\" content=\"@gossinews_it\" \/>\n<meta name=\"twitter:label1\" content=\"Scritto da\" \/>\n\t<meta name=\"twitter:data1\" content=\"Annamaria Capozzi\" \/>\n\t<meta name=\"twitter:label2\" content=\"Tempo di lettura stimato\" \/>\n\t<meta name=\"twitter:data2\" content=\"2 minuti\" \/>","yoast_head_json":{"title":"Belen, prima le fedi poi pranzo con Eli Canalis - Gossip.it | News sul Gossip e VIP","description":"\"L'attesa \u00e8 devastante\" per Stefano De Martino. \"Organizzare un matrimonio \u00e8 complicato - ha spiegato il ballerino a Chi - Ci sono meccanismi e incastri","robots":{"index":"index","follow":"follow","max-snippet":"max-snippet:-1","max-image-preview":"max-image-preview:large","max-video-preview":"max-video-preview:-1"},"canonical":"https:\/\/www.gossip.it\/news\/belen-prima-le-fedi-poi-pranzo-con-eli-canalis\/","og_locale":"it_IT","og_type":"article","og_title":"Belen, prima le fedi poi pranzo con Eli Canalis - Gossip.it | News sul Gossip e VIP","og_description":"\"L'attesa \u00e8 devastante\" per Stefano De Martino. \"Organizzare un matrimonio \u00e8 complicato - ha spiegato il ballerino a Chi - Ci sono meccanismi e incastri","og_url":"https:\/\/www.gossip.it\/news\/belen-prima-le-fedi-poi-pranzo-con-eli-canalis\/","og_site_name":"Gossip.it | News sul Gossip e VIP","article_publisher":"https:\/\/www.facebook.com\/GossipIT","article_published_time":"2013-09-10T22:00:00+00:00","og_image":[{"url":"http:\/\/www.gossip.it\/images5\/1378894302_.jpg"}],"author":"La Redazione","twitter_card":"summary_large_image","twitter_image":"http:\/\/www.gossip.it\/images5\/1378894302_.jpg","twitter_creator":"@gossinews_it","twitter_site":"@gossinews_it","twitter_misc":{"Scritto da":"Annamaria Capozzi","Tempo di lettura stimato":"2 minuti"},"schema":{"@context":"https:\/\/schema.org","@graph":[{"@type":"Article","@id":"https:\/\/www.gossip.it\/news\/belen-prima-le-fedi-poi-pranzo-con-eli-canalis\/#article","isPartOf":{"@id":"https:\/\/www.gossip.it\/news\/belen-prima-le-fedi-poi-pranzo-con-eli-canalis\/"},"author":{"name":"La Redazione","@id":"https:\/\/www.gossip.it\/#\/schema\/person\/488896f75158bff1cc83c6c39d141110"},"headline":"Belen, prima le fedi poi pranzo con Eli Canalis","datePublished":"2013-09-10T22:00:00+00:00","dateModified":"2013-09-10T22:00:00+00:00","mainEntityOfPage":{"@id":"https:\/\/www.gossip.it\/news\/belen-prima-le-fedi-poi-pranzo-con-eli-canalis\/"},"wordCount":497,"publisher":{"@id":"https:\/\/www.gossip.it\/#organization"},"image":{"@id":"https:\/\/www.gossip.it\/news\/belen-prima-le-fedi-poi-pranzo-con-eli-canalis\/#primaryimage"},"thumbnailUrl":"http:\/\/www.gossip.it\/images5\/1378894302_.jpg","keywords":["20 settembre","argentina","ballerino","facebook","fiori d&#039;arancio","matrimonio","nozze","paparazzate","protagonisti","santiago","showgirl","social","tv"],"articleSection":["News"],"inLanguage":"it-IT"},{"@type":"WebPage","@id":"https:\/\/www.gossip.it\/news\/belen-prima-le-fedi-poi-pranzo-con-eli-canalis\/","url":"https:\/\/www.gossip.it\/news\/belen-prima-le-fedi-poi-pranzo-con-eli-canalis\/","name":"Belen, prima le fedi poi pranzo con Eli Canalis - Gossip.it | News sul Gossip e VIP","isPartOf":{"@id":"https:\/\/www.gossip.it\/#website"},"primaryImageOfPage":{"@id":"https:\/\/www.gossip.it\/news\/belen-prima-le-fedi-poi-pranzo-con-eli-canalis\/#primaryimage"},"image":{"@id":"https:\/\/www.gossip.it\/news\/belen-prima-le-fedi-poi-pranzo-con-eli-canalis\/#primaryimage"},"thumbnailUrl":"http:\/\/www.gossip.it\/images5\/1378894302_.jpg","datePublished":"2013-09-10T22:00:00+00:00","dateModified":"2013-09-10T22:00:00+00:00","description":"\"L'attesa \u00e8 devastante\" per Stefano De Martino. \"Organizzare un matrimonio \u00e8 complicato - ha spiegato il ballerino a Chi - Ci sono meccanismi e incastri","breadcrumb":{"@id":"https:\/\/www.gossip.it\/news\/belen-prima-le-fedi-poi-pranzo-con-eli-canalis\/#breadcrumb"},"inLanguage":"it-IT","potentialAction":[{"@type":"ReadAction","target":["https:\/\/www.gossip.it\/news\/belen-prima-le-fedi-poi-pranzo-con-eli-canalis\/"]}]},{"@type":"ImageObject","inLanguage":"it-IT","@id":"https:\/\/www.gossip.it\/news\/belen-prima-le-fedi-poi-pranzo-con-eli-canalis\/#primaryimage","url":"http:\/\/www.gossip.it\/images5\/1378894302_.jpg","contentUrl":"http:\/\/www.gossip.it\/images5\/1378894302_.jpg"},{"@type":"BreadcrumbList","@id":"https:\/\/www.gossip.it\/news\/belen-prima-le-fedi-poi-pranzo-con-eli-canalis\/#breadcrumb","itemListElement":[{"@type":"ListItem","position":1,"name":"Home","item":"https:\/\/www.gossip.it\/"},{"@type":"ListItem","position":2,"name":"Belen, prima le fedi poi pranzo con Eli Canalis"}]},{"@type":"WebSite","@id":"https:\/\/www.gossip.it\/#website","url":"https:\/\/www.gossip.it\/","name":"Gossip and VIP News","description":"Quotidiano di cronaca rosa, costume e societ\u00e0","publisher":{"@id":"https:\/\/www.gossip.it\/#organization"},"alternateName":"Gossip and VIP News","potentialAction":[{"@type":"SearchAction","target":{"@type":"EntryPoint","urlTemplate":"https:\/\/www.gossip.it\/?s={search_term_string}"},"query-input":{"@type":"PropertyValueSpecification","valueRequired":true,"valueName":"search_term_string"}}],"inLanguage":"it-IT"},{"@type":"Organization","@id":"https:\/\/www.gossip.it\/#organization","name":"Gossip and VIP News","alternateName":"Gossip News","url":"https:\/\/www.gossip.it\/","logo":{"@type":"ImageObject","inLanguage":"it-IT","@id":"https:\/\/www.gossip.it\/#\/schema\/logo\/image\/","url":"https:\/\/www.gossip.it\/wp-content\/uploads\/2022\/04\/cropped-corna-alta-tiny.png","contentUrl":"https:\/\/www.gossip.it\/wp-content\/uploads\/2022\/04\/cropped-corna-alta-tiny.png","width":512,"height":512,"caption":"Gossip and VIP News"},"image":{"@id":"https:\/\/www.gossip.it\/#\/schema\/logo\/image\/"},"sameAs":["https:\/\/www.facebook.com\/GossipIT","https:\/\/x.com\/gossinews_it","https:\/\/instagram.com\/gossip_it"]},{"@type":"Person","@id":"https:\/\/www.gossip.it\/#\/schema\/person\/488896f75158bff1cc83c6c39d141110","name":"La Redazione","image":{"@type":"ImageObject","inLanguage":"it-IT","@id":"https:\/\/www.gossip.it\/#\/schema\/person\/image\/","url":"https:\/\/secure.gravatar.com\/avatar\/5a5f5c6fa3e6700e4249abdad0263a1e94e927d9e0499b1cb09c1cd29c044d80?s=96&d=mm&r=g","contentUrl":"https:\/\/secure.gravatar.com\/avatar\/5a5f5c6fa3e6700e4249abdad0263a1e94e927d9e0499b1cb09c1cd29c044d80?s=96&d=mm&r=g","caption":"La Redazione"},"sameAs":["https:\/\/www.gossip.it"]}]}},"amp_enabled":true,"_links":{"self":[{"href":"https:\/\/www.gossip.it\/api\/wp\/v2\/posts\/41422","targetHints":{"allow":["GET"]}}],"collection":[{"href":"https:\/\/www.gossip.it\/api\/wp\/v2\/posts"}],"about":[{"href":"https:\/\/www.gossip.it\/api\/wp\/v2\/types\/post"}],"author":[{"embeddable":true,"href":"https:\/\/www.gossip.it\/api\/wp\/v2\/users\/1"}],"replies":[{"embeddable":true,"href":"https:\/\/www.gossip.it\/api\/wp\/v2\/comments?post=41422"}],"version-history":[{"count":0,"href":"https:\/\/www.gossip.it\/api\/wp\/v2\/posts\/41422\/revisions"}],"wp:featuredmedia":[{"embeddable":true,"href":"https:\/\/www.gossip.it\/api\/wp\/v2\/media\/97468"}],"wp:attachment":[{"href":"https:\/\/www.gossip.it\/api\/wp\/v2\/media?parent=41422"}],"wp:term":[{"taxonomy":"category","embeddable":true,"href":"https:\/\/www.gossip.it\/api\/wp\/v2\/categories?post=41422"},{"taxonomy":"post_tag","embeddable":true,"href":"https:\/\/www.gossip.it\/api\/wp\/v2\/tags?post=41422"},{"taxonomy":"vip","embeddable":true,"href":"https:\/\/www.gossip.it\/api\/wp\/v2\/vip?post=41422"}],"curies":[{"name":"wp","href":"https:\/\/api.w.org\/{rel}","templated":true}]}}