{"id":41461,"date":"2013-09-12T00:00:00","date_gmt":"2013-09-11T22:00:00","guid":{"rendered":"https:\/\/www.gossip.it\/senza-categoria\/ventura-cielo-mi-hanno-fatto-fuori\/"},"modified":"2013-09-12T00:00:00","modified_gmt":"2013-09-11T22:00:00","slug":"ventura-cielo-mi-hanno-fatto-fuori","status":"publish","type":"post","link":"https:\/\/www.gossip.it\/news\/ventura-cielo-mi-hanno-fatto-fuori\/","title":{"rendered":"Ventura: Cielo! Mi hanno fatto fuori..."},"content":{"rendered":"<p>La domenica alle 17 niente pi\u00f9 <b>\"Cielo che gol!\"<\/b>. Il programma firmato da <a href=\"http:\/\/www.gossip.it\/news\/monografia.php?keyword=Simona Ventura\">Simona Ventura<\/a> \u00e8 stato cancellato. Al suo posto, nel canale in chiaro di Sky, c'\u00e8 <b>\"Stop & Gol\"<\/b> con <a href=\"http:\/\/www.gossip.it\/news\/monografia.php?keyword=Federica Fontana\">Federica Fontana<\/a> al comando.<br \/>\nLa bionda, entusiasta del progetto che prender\u00e0 il via domenica 15 settembre, con la ripresa del campionato di serie A, ha postato su <b>Instagram<\/b> la foto che la immortala con gli altri compagni d'avventura, il giornalista <b>Sandro Sabatini<\/b>, gi\u00e0 volto di Sky Sport, <a href=\"http:\/\/www.gossip.it\/news\/monografia.php?keyword=Ciro Ferrara\">Ciro Ferrara<\/a>, ex calciatore e ora allenatore, e <b>Alessandro Bonan<\/b>, che guider\u00e0 per\u00f2 la versione serale della trasmissione commentando i posticipi (<a href=\"http:\/\/www.gossip.it\/news\/asc_showfoto.php?ID=1378987418\"><b><u>per ingrandire clicca qui<\/u><\/b><\/a>). <b><em>\"Stop&gol ... Tutte le domeniche alle 1700 su @cielotv canale 26!!! #ready #pronti\"<\/em><\/b>, ha cinguettato.<\/p>\n<p>La trasmissione mostra in anteprima assoluta tutti i gol e gli highlight delle partite giocate nel pomeriggio. Per la Fontana si tratta di un ritorno al calcio, dopo le esperienze passate a <b>\"Pressing Champions League\"<\/b> con <b>Massimo De Luca<\/b>, a <b>\"Il processo del luned\u00ec\"<\/b> col mitico <a href=\"http:\/\/www.gossip.it\/news\/monografia.php?keyword=Aldo Biscardi\">Aldo Biscardi<\/a> e a <b>\"Guida al campionato\"<\/b> con <b>Alberto Brandi<\/b>.<\/p>\n<p>Per <a href=\"http:\/\/www.gossip.it\/news\/monografia.php?keyword=SuperSimo\">SuperSimo<\/a> al momento solo <b>\"X Factor 7\"<\/b>. Del resto lo aveva detto recentemente, intervistata: <em><b>\"E\u2019 stata una bellissima esperienza e una sfida difficile, ma non credo di replicare. Non voglio pi\u00f9 fare il calcio. L\u2019ho gi\u00e0 fatto, lo so fare, lo faccio sulla mia web tv e va bene cos\u00ec\u201d<\/b><\/em>.<\/p>\n","protected":false},"excerpt":{"rendered":"<p>La domenica alle 17 niente pi\u00f9 \"Cielo che gol!\". Il programma firmato da Simona Ventura \u00e8 stato cancellato. Al suo posto, nel canale in chiaro di Sky, c'\u00e8 \"Stop &#038; Gol\" con Federica Fontana al comando. La bionda, entusiasta del progetto che prender\u00e0 il via domenica 15 settembre, con la ripresa del campionato di serie [&hellip;]<\/p>\n","protected":false},"author":1,"featured_media":97507,"comment_status":"closed","ping_status":"closed","sticky":false,"template":"","format":"standard","meta":{"footnotes":""},"categories":[54],"tags":[18019,39126,18216,44788,2121,44786,1923,44787,2097],"vip":[728,1698],"class_list":["post-41461","post","type-post","status-publish","format-standard","has-post-thumbnail","hentry","category-news","tag-alessandro-bonan","tag-cielo-che-gol","tag-ciro-ferrara","tag-coelo","tag-instagram","tag-sandro-sabatini","tag-social","tag-stop-gol","tag-tv","vip-federica_fontana","vip-simona_ventura"],"yoast_head":"<title>Ventura: Cielo! Mi hanno fatto fuori... - Gossip.it | News sul Gossip e VIP<\/title>\n<meta name=\"description\" content=\"La domenica alle 17 niente pi\u00f9 &quot;Cielo che gol!&quot;. Il programma firmato da Simona Ventura \u00e8 stato cancellato. Al suo posto, nel canale in chiaro di Sky, c&#039;\u00e8\" \/>\n<meta name=\"robots\" content=\"index, follow, max-snippet:-1, max-image-preview:large, max-video-preview:-1\" \/>\n<link rel=\"canonical\" href=\"https:\/\/www.gossip.it\/news\/ventura-cielo-mi-hanno-fatto-fuori\/\" \/>\n<meta property=\"og:locale\" content=\"it_IT\" \/>\n<meta property=\"og:type\" content=\"article\" \/>\n<meta property=\"og:title\" content=\"Ventura: Cielo! Mi hanno fatto fuori... - Gossip.it | News sul Gossip e VIP\" \/>\n<meta property=\"og:description\" content=\"La domenica alle 17 niente pi\u00f9 &quot;Cielo che gol!&quot;. Il programma firmato da Simona Ventura \u00e8 stato cancellato. Al suo posto, nel canale in chiaro di Sky, c&#039;\u00e8\" \/>\n<meta property=\"og:url\" content=\"https:\/\/www.gossip.it\/news\/ventura-cielo-mi-hanno-fatto-fuori\/\" \/>\n<meta property=\"og:site_name\" content=\"Gossip.it | News sul Gossip e VIP\" \/>\n<meta property=\"article:publisher\" content=\"https:\/\/www.facebook.com\/GossipIT\" \/>\n<meta property=\"article:published_time\" content=\"2013-09-11T22:00:00+00:00\" \/>\n<meta property=\"og:image\" content=\"http:\/\/www.gossip.it\/images5\/1378987418_.jpg\" \/>\n<meta name=\"author\" content=\"La Redazione\" \/>\n<meta name=\"twitter:card\" content=\"summary_large_image\" \/>\n<meta name=\"twitter:image\" content=\"http:\/\/www.gossip.it\/images5\/1378987418_.jpg\" \/>\n<meta name=\"twitter:creator\" content=\"@gossinews_it\" \/>\n<meta name=\"twitter:site\" content=\"@gossinews_it\" \/>\n<meta name=\"twitter:label1\" content=\"Scritto da\" \/>\n\t<meta name=\"twitter:data1\" content=\"Annamaria Capozzi\" \/>\n\t<meta name=\"twitter:label2\" content=\"Tempo di lettura stimato\" \/>\n\t<meta name=\"twitter:data2\" content=\"1 minuto\" \/>","yoast_head_json":{"title":"Ventura: Cielo! Mi hanno fatto fuori... - Gossip.it | News sul Gossip e VIP","description":"La domenica alle 17 niente pi\u00f9 \"Cielo che gol!\". Il programma firmato da Simona Ventura \u00e8 stato cancellato. Al suo posto, nel canale in chiaro di Sky, c'\u00e8","robots":{"index":"index","follow":"follow","max-snippet":"max-snippet:-1","max-image-preview":"max-image-preview:large","max-video-preview":"max-video-preview:-1"},"canonical":"https:\/\/www.gossip.it\/news\/ventura-cielo-mi-hanno-fatto-fuori\/","og_locale":"it_IT","og_type":"article","og_title":"Ventura: Cielo! Mi hanno fatto fuori... - Gossip.it | News sul Gossip e VIP","og_description":"La domenica alle 17 niente pi\u00f9 \"Cielo che gol!\". Il programma firmato da Simona Ventura \u00e8 stato cancellato. Al suo posto, nel canale in chiaro di Sky, c'\u00e8","og_url":"https:\/\/www.gossip.it\/news\/ventura-cielo-mi-hanno-fatto-fuori\/","og_site_name":"Gossip.it | News sul Gossip e VIP","article_publisher":"https:\/\/www.facebook.com\/GossipIT","article_published_time":"2013-09-11T22:00:00+00:00","og_image":[{"url":"http:\/\/www.gossip.it\/images5\/1378987418_.jpg"}],"author":"La Redazione","twitter_card":"summary_large_image","twitter_image":"http:\/\/www.gossip.it\/images5\/1378987418_.jpg","twitter_creator":"@gossinews_it","twitter_site":"@gossinews_it","twitter_misc":{"Scritto da":"Annamaria Capozzi","Tempo di lettura stimato":"1 minuto"},"schema":{"@context":"https:\/\/schema.org","@graph":[{"@type":"Article","@id":"https:\/\/www.gossip.it\/news\/ventura-cielo-mi-hanno-fatto-fuori\/#article","isPartOf":{"@id":"https:\/\/www.gossip.it\/news\/ventura-cielo-mi-hanno-fatto-fuori\/"},"author":{"name":"La Redazione","@id":"https:\/\/www.gossip.it\/#\/schema\/person\/488896f75158bff1cc83c6c39d141110"},"headline":"Ventura: Cielo! Mi hanno fatto fuori...","datePublished":"2013-09-11T22:00:00+00:00","dateModified":"2013-09-11T22:00:00+00:00","mainEntityOfPage":{"@id":"https:\/\/www.gossip.it\/news\/ventura-cielo-mi-hanno-fatto-fuori\/"},"wordCount":227,"publisher":{"@id":"https:\/\/www.gossip.it\/#organization"},"image":{"@id":"https:\/\/www.gossip.it\/news\/ventura-cielo-mi-hanno-fatto-fuori\/#primaryimage"},"thumbnailUrl":"http:\/\/www.gossip.it\/images5\/1378987418_.jpg","keywords":["alessandro bonan","cielo che gol","ciro ferrara","coelo","instagram","sandro sabatini","social","stop &amp; gol","tv"],"articleSection":["News"],"inLanguage":"it-IT"},{"@type":"WebPage","@id":"https:\/\/www.gossip.it\/news\/ventura-cielo-mi-hanno-fatto-fuori\/","url":"https:\/\/www.gossip.it\/news\/ventura-cielo-mi-hanno-fatto-fuori\/","name":"Ventura: Cielo! Mi hanno fatto fuori... - Gossip.it | News sul Gossip e VIP","isPartOf":{"@id":"https:\/\/www.gossip.it\/#website"},"primaryImageOfPage":{"@id":"https:\/\/www.gossip.it\/news\/ventura-cielo-mi-hanno-fatto-fuori\/#primaryimage"},"image":{"@id":"https:\/\/www.gossip.it\/news\/ventura-cielo-mi-hanno-fatto-fuori\/#primaryimage"},"thumbnailUrl":"http:\/\/www.gossip.it\/images5\/1378987418_.jpg","datePublished":"2013-09-11T22:00:00+00:00","dateModified":"2013-09-11T22:00:00+00:00","description":"La domenica alle 17 niente pi\u00f9 \"Cielo che gol!\". Il programma firmato da Simona Ventura \u00e8 stato cancellato. Al suo posto, nel canale in chiaro di Sky, c'\u00e8","breadcrumb":{"@id":"https:\/\/www.gossip.it\/news\/ventura-cielo-mi-hanno-fatto-fuori\/#breadcrumb"},"inLanguage":"it-IT","potentialAction":[{"@type":"ReadAction","target":["https:\/\/www.gossip.it\/news\/ventura-cielo-mi-hanno-fatto-fuori\/"]}]},{"@type":"ImageObject","inLanguage":"it-IT","@id":"https:\/\/www.gossip.it\/news\/ventura-cielo-mi-hanno-fatto-fuori\/#primaryimage","url":"http:\/\/www.gossip.it\/images5\/1378987418_.jpg","contentUrl":"http:\/\/www.gossip.it\/images5\/1378987418_.jpg"},{"@type":"BreadcrumbList","@id":"https:\/\/www.gossip.it\/news\/ventura-cielo-mi-hanno-fatto-fuori\/#breadcrumb","itemListElement":[{"@type":"ListItem","position":1,"name":"Home","item":"https:\/\/www.gossip.it\/"},{"@type":"ListItem","position":2,"name":"Ventura: Cielo! Mi hanno fatto fuori..."}]},{"@type":"WebSite","@id":"https:\/\/www.gossip.it\/#website","url":"https:\/\/www.gossip.it\/","name":"Gossip and VIP News","description":"Quotidiano di cronaca rosa, costume e societ\u00e0","publisher":{"@id":"https:\/\/www.gossip.it\/#organization"},"alternateName":"Gossip and VIP News","potentialAction":[{"@type":"SearchAction","target":{"@type":"EntryPoint","urlTemplate":"https:\/\/www.gossip.it\/?s={search_term_string}"},"query-input":{"@type":"PropertyValueSpecification","valueRequired":true,"valueName":"search_term_string"}}],"inLanguage":"it-IT"},{"@type":"Organization","@id":"https:\/\/www.gossip.it\/#organization","name":"Gossip and VIP News","alternateName":"Gossip News","url":"https:\/\/www.gossip.it\/","logo":{"@type":"ImageObject","inLanguage":"it-IT","@id":"https:\/\/www.gossip.it\/#\/schema\/logo\/image\/","url":"https:\/\/www.gossip.it\/wp-content\/uploads\/2022\/04\/cropped-corna-alta-tiny.png","contentUrl":"https:\/\/www.gossip.it\/wp-content\/uploads\/2022\/04\/cropped-corna-alta-tiny.png","width":512,"height":512,"caption":"Gossip and VIP News"},"image":{"@id":"https:\/\/www.gossip.it\/#\/schema\/logo\/image\/"},"sameAs":["https:\/\/www.facebook.com\/GossipIT","https:\/\/x.com\/gossinews_it","https:\/\/instagram.com\/gossip_it"]},{"@type":"Person","@id":"https:\/\/www.gossip.it\/#\/schema\/person\/488896f75158bff1cc83c6c39d141110","name":"La Redazione","image":{"@type":"ImageObject","inLanguage":"it-IT","@id":"https:\/\/www.gossip.it\/#\/schema\/person\/image\/","url":"https:\/\/secure.gravatar.com\/avatar\/5a5f5c6fa3e6700e4249abdad0263a1e94e927d9e0499b1cb09c1cd29c044d80?s=96&d=mm&r=g","contentUrl":"https:\/\/secure.gravatar.com\/avatar\/5a5f5c6fa3e6700e4249abdad0263a1e94e927d9e0499b1cb09c1cd29c044d80?s=96&d=mm&r=g","caption":"La Redazione"},"sameAs":["https:\/\/www.gossip.it"]}]}},"amp_enabled":true,"_links":{"self":[{"href":"https:\/\/www.gossip.it\/api\/wp\/v2\/posts\/41461","targetHints":{"allow":["GET"]}}],"collection":[{"href":"https:\/\/www.gossip.it\/api\/wp\/v2\/posts"}],"about":[{"href":"https:\/\/www.gossip.it\/api\/wp\/v2\/types\/post"}],"author":[{"embeddable":true,"href":"https:\/\/www.gossip.it\/api\/wp\/v2\/users\/1"}],"replies":[{"embeddable":true,"href":"https:\/\/www.gossip.it\/api\/wp\/v2\/comments?post=41461"}],"version-history":[{"count":0,"href":"https:\/\/www.gossip.it\/api\/wp\/v2\/posts\/41461\/revisions"}],"wp:featuredmedia":[{"embeddable":true,"href":"https:\/\/www.gossip.it\/api\/wp\/v2\/media\/97507"}],"wp:attachment":[{"href":"https:\/\/www.gossip.it\/api\/wp\/v2\/media?parent=41461"}],"wp:term":[{"taxonomy":"category","embeddable":true,"href":"https:\/\/www.gossip.it\/api\/wp\/v2\/categories?post=41461"},{"taxonomy":"post_tag","embeddable":true,"href":"https:\/\/www.gossip.it\/api\/wp\/v2\/tags?post=41461"},{"taxonomy":"vip","embeddable":true,"href":"https:\/\/www.gossip.it\/api\/wp\/v2\/vip?post=41461"}],"curies":[{"name":"wp","href":"https:\/\/api.w.org\/{rel}","templated":true}]}}