{"id":41464,"date":"2013-09-12T00:00:00","date_gmt":"2013-09-11T22:00:00","guid":{"rendered":"https:\/\/www.gossip.it\/senza-categoria\/silvia-abbate-first-day-school-per-federico\/"},"modified":"2013-09-12T00:00:00","modified_gmt":"2013-09-11T22:00:00","slug":"silvia-abbate-first-day-school-per-federico","status":"publish","type":"post","link":"https:\/\/www.gossip.it\/news\/silvia-abbate-first-day-school-per-federico\/","title":{"rendered":"Silvia Abbate, 'first day school' per Federico"},"content":{"rendered":"<p>E' bellissimo e sorridente. Biondo con gli occhioni azzurro-verde, <b>Federico<\/b> nello scatto postato su <b>Twitter<\/b> dalla mamma, l'ex Pupa <a href=\"http:\/\/www.gossip.it\/news\/monografia.php?keyword=Silvia Abbate\">Silvia Abbate<\/a>, \u00e8 sereno, non sembra temere il suo primo giorno di scuola (<a href=\"http:\/\/www.gossip.it\/news\/asc_showfoto.php?ID=1378989707\"><b><u>per ingrandire clicca qui<\/u><\/b><\/a>).<\/p>\n<p>Il bimbo che inizia la prima elementare \u00e8 nato dalla relazione della fashion blogger con l'ex marito <b>Alessandro Papini<\/b>, l'imprenditore con cui era andara a nozze nel 2007. Silvia lo adora e nel vederlo entrare in classe non ha potuto far altro che sospirare. <b><em>\"E iniziamo anche questa avventura... Come passa il tempo! Oggi lacrime versate e sensazioni strane! Mi sento vecchia!\"<\/em><\/b>, ha cinguettato sul social poco dopo. L'emozione \u00e8 stata forte. La Abbate \u00e8 una mamma presente, a un follower che le fa scrive: <em>\"Seguilo dal primo giorno e non fargli pesar nulla... A scuola ci deve andare contento. Per il suo futuro\"<\/em>, risponde: <em><b>\"Lo seguo io da quando \u00e8 nato, giorno dopo giorno... Perch\u00e9 fare la mamma \u00e8 il lavoro pi\u00f9 bello del mondo!\"<\/b><\/em>.<\/p>\n","protected":false},"excerpt":{"rendered":"<p>E' bellissimo e sorridente. Biondo con gli occhioni azzurro-verde, Federico nello scatto postato su Twitter dalla mamma, l'ex Pupa Silvia Abbate, \u00e8 sereno, non sembra temere il suo primo giorno di scuola (per ingrandire clicca qui). Il bimbo che inizia la prima elementare \u00e8 nato dalla relazione della fashion blogger con l'ex marito Alessandro Papini, [&hellip;]<\/p>\n","protected":false},"author":1,"featured_media":97510,"comment_status":"closed","ping_status":"closed","sticky":false,"template":"","format":"standard","meta":{"footnotes":""},"categories":[54],"tags":[44790,5763,1942,6397,6010,1923,7346],"vip":[1683],"class_list":["post-41464","post","type-post","status-publish","format-standard","has-post-thumbnail","hentry","category-news","tag-alessandro-papini","tag-federico","tag-figlio","tag-la-pupa-e-il-secchione","tag-pupa","tag-social","tag-twitter","vip-silvia_abbate"],"yoast_head":"<title>Silvia Abbate, &#039;first day school&#039; per Federico - Gossip.it | News sul Gossip e VIP<\/title>\n<meta name=\"description\" content=\"E&#039; bellissimo e sorridente. Biondo con gli occhioni azzurro-verde, Federico nello scatto postato su Twitter dalla mamma, l&#039;ex Pupa Silvia Abbate, \u00e8\" \/>\n<meta name=\"robots\" content=\"index, follow, max-snippet:-1, max-image-preview:large, max-video-preview:-1\" \/>\n<link rel=\"canonical\" href=\"https:\/\/www.gossip.it\/news\/silvia-abbate-first-day-school-per-federico\/\" \/>\n<meta property=\"og:locale\" content=\"it_IT\" \/>\n<meta property=\"og:type\" content=\"article\" \/>\n<meta property=\"og:title\" content=\"Silvia Abbate, &#039;first day school&#039; per Federico - Gossip.it | News sul Gossip e VIP\" \/>\n<meta property=\"og:description\" content=\"E&#039; bellissimo e sorridente. Biondo con gli occhioni azzurro-verde, Federico nello scatto postato su Twitter dalla mamma, l&#039;ex Pupa Silvia Abbate, \u00e8\" \/>\n<meta property=\"og:url\" content=\"https:\/\/www.gossip.it\/news\/silvia-abbate-first-day-school-per-federico\/\" \/>\n<meta property=\"og:site_name\" content=\"Gossip.it | News sul Gossip e VIP\" \/>\n<meta property=\"article:publisher\" content=\"https:\/\/www.facebook.com\/GossipIT\" \/>\n<meta property=\"article:published_time\" content=\"2013-09-11T22:00:00+00:00\" \/>\n<meta property=\"og:image\" content=\"http:\/\/www.gossip.it\/images5\/1378989707_.jpg\" \/>\n<meta name=\"author\" content=\"La Redazione\" \/>\n<meta name=\"twitter:card\" content=\"summary_large_image\" \/>\n<meta name=\"twitter:image\" content=\"http:\/\/www.gossip.it\/images5\/1378989707_.jpg\" \/>\n<meta name=\"twitter:creator\" content=\"@gossinews_it\" \/>\n<meta name=\"twitter:site\" content=\"@gossinews_it\" \/>\n<meta name=\"twitter:label1\" content=\"Scritto da\" \/>\n\t<meta name=\"twitter:data1\" content=\"Annamaria Capozzi\" \/>\n\t<meta name=\"twitter:label2\" content=\"Tempo di lettura stimato\" \/>\n\t<meta name=\"twitter:data2\" content=\"1 minuto\" \/>","yoast_head_json":{"title":"Silvia Abbate, 'first day school' per Federico - Gossip.it | News sul Gossip e VIP","description":"E' bellissimo e sorridente. Biondo con gli occhioni azzurro-verde, Federico nello scatto postato su Twitter dalla mamma, l'ex Pupa Silvia Abbate, \u00e8","robots":{"index":"index","follow":"follow","max-snippet":"max-snippet:-1","max-image-preview":"max-image-preview:large","max-video-preview":"max-video-preview:-1"},"canonical":"https:\/\/www.gossip.it\/news\/silvia-abbate-first-day-school-per-federico\/","og_locale":"it_IT","og_type":"article","og_title":"Silvia Abbate, 'first day school' per Federico - Gossip.it | News sul Gossip e VIP","og_description":"E' bellissimo e sorridente. Biondo con gli occhioni azzurro-verde, Federico nello scatto postato su Twitter dalla mamma, l'ex Pupa Silvia Abbate, \u00e8","og_url":"https:\/\/www.gossip.it\/news\/silvia-abbate-first-day-school-per-federico\/","og_site_name":"Gossip.it | News sul Gossip e VIP","article_publisher":"https:\/\/www.facebook.com\/GossipIT","article_published_time":"2013-09-11T22:00:00+00:00","og_image":[{"url":"http:\/\/www.gossip.it\/images5\/1378989707_.jpg"}],"author":"La Redazione","twitter_card":"summary_large_image","twitter_image":"http:\/\/www.gossip.it\/images5\/1378989707_.jpg","twitter_creator":"@gossinews_it","twitter_site":"@gossinews_it","twitter_misc":{"Scritto da":"Annamaria Capozzi","Tempo di lettura stimato":"1 minuto"},"schema":{"@context":"https:\/\/schema.org","@graph":[{"@type":"Article","@id":"https:\/\/www.gossip.it\/news\/silvia-abbate-first-day-school-per-federico\/#article","isPartOf":{"@id":"https:\/\/www.gossip.it\/news\/silvia-abbate-first-day-school-per-federico\/"},"author":{"name":"La Redazione","@id":"https:\/\/www.gossip.it\/#\/schema\/person\/488896f75158bff1cc83c6c39d141110"},"headline":"Silvia Abbate, 'first day school' per Federico","datePublished":"2013-09-11T22:00:00+00:00","dateModified":"2013-09-11T22:00:00+00:00","mainEntityOfPage":{"@id":"https:\/\/www.gossip.it\/news\/silvia-abbate-first-day-school-per-federico\/"},"wordCount":166,"publisher":{"@id":"https:\/\/www.gossip.it\/#organization"},"image":{"@id":"https:\/\/www.gossip.it\/news\/silvia-abbate-first-day-school-per-federico\/#primaryimage"},"thumbnailUrl":"http:\/\/www.gossip.it\/images5\/1378989707_.jpg","keywords":["alessandro papini","federico","figlio","la pupa e il secchione","pupa","social","twitter"],"articleSection":["News"],"inLanguage":"it-IT"},{"@type":"WebPage","@id":"https:\/\/www.gossip.it\/news\/silvia-abbate-first-day-school-per-federico\/","url":"https:\/\/www.gossip.it\/news\/silvia-abbate-first-day-school-per-federico\/","name":"Silvia Abbate, 'first day school' per Federico - Gossip.it | News sul Gossip e VIP","isPartOf":{"@id":"https:\/\/www.gossip.it\/#website"},"primaryImageOfPage":{"@id":"https:\/\/www.gossip.it\/news\/silvia-abbate-first-day-school-per-federico\/#primaryimage"},"image":{"@id":"https:\/\/www.gossip.it\/news\/silvia-abbate-first-day-school-per-federico\/#primaryimage"},"thumbnailUrl":"http:\/\/www.gossip.it\/images5\/1378989707_.jpg","datePublished":"2013-09-11T22:00:00+00:00","dateModified":"2013-09-11T22:00:00+00:00","description":"E' bellissimo e sorridente. Biondo con gli occhioni azzurro-verde, Federico nello scatto postato su Twitter dalla mamma, l'ex Pupa Silvia Abbate, \u00e8","breadcrumb":{"@id":"https:\/\/www.gossip.it\/news\/silvia-abbate-first-day-school-per-federico\/#breadcrumb"},"inLanguage":"it-IT","potentialAction":[{"@type":"ReadAction","target":["https:\/\/www.gossip.it\/news\/silvia-abbate-first-day-school-per-federico\/"]}]},{"@type":"ImageObject","inLanguage":"it-IT","@id":"https:\/\/www.gossip.it\/news\/silvia-abbate-first-day-school-per-federico\/#primaryimage","url":"http:\/\/www.gossip.it\/images5\/1378989707_.jpg","contentUrl":"http:\/\/www.gossip.it\/images5\/1378989707_.jpg"},{"@type":"BreadcrumbList","@id":"https:\/\/www.gossip.it\/news\/silvia-abbate-first-day-school-per-federico\/#breadcrumb","itemListElement":[{"@type":"ListItem","position":1,"name":"Home","item":"https:\/\/www.gossip.it\/"},{"@type":"ListItem","position":2,"name":"Silvia Abbate, 'first day school' per Federico"}]},{"@type":"WebSite","@id":"https:\/\/www.gossip.it\/#website","url":"https:\/\/www.gossip.it\/","name":"Gossip and VIP News","description":"Quotidiano di cronaca rosa, costume e societ\u00e0","publisher":{"@id":"https:\/\/www.gossip.it\/#organization"},"alternateName":"Gossip and VIP News","potentialAction":[{"@type":"SearchAction","target":{"@type":"EntryPoint","urlTemplate":"https:\/\/www.gossip.it\/?s={search_term_string}"},"query-input":{"@type":"PropertyValueSpecification","valueRequired":true,"valueName":"search_term_string"}}],"inLanguage":"it-IT"},{"@type":"Organization","@id":"https:\/\/www.gossip.it\/#organization","name":"Gossip and VIP News","alternateName":"Gossip News","url":"https:\/\/www.gossip.it\/","logo":{"@type":"ImageObject","inLanguage":"it-IT","@id":"https:\/\/www.gossip.it\/#\/schema\/logo\/image\/","url":"https:\/\/www.gossip.it\/wp-content\/uploads\/2022\/04\/cropped-corna-alta-tiny.png","contentUrl":"https:\/\/www.gossip.it\/wp-content\/uploads\/2022\/04\/cropped-corna-alta-tiny.png","width":512,"height":512,"caption":"Gossip and VIP News"},"image":{"@id":"https:\/\/www.gossip.it\/#\/schema\/logo\/image\/"},"sameAs":["https:\/\/www.facebook.com\/GossipIT","https:\/\/x.com\/gossinews_it","https:\/\/instagram.com\/gossip_it"]},{"@type":"Person","@id":"https:\/\/www.gossip.it\/#\/schema\/person\/488896f75158bff1cc83c6c39d141110","name":"La Redazione","image":{"@type":"ImageObject","inLanguage":"it-IT","@id":"https:\/\/www.gossip.it\/#\/schema\/person\/image\/","url":"https:\/\/secure.gravatar.com\/avatar\/5a5f5c6fa3e6700e4249abdad0263a1e94e927d9e0499b1cb09c1cd29c044d80?s=96&d=mm&r=g","contentUrl":"https:\/\/secure.gravatar.com\/avatar\/5a5f5c6fa3e6700e4249abdad0263a1e94e927d9e0499b1cb09c1cd29c044d80?s=96&d=mm&r=g","caption":"La Redazione"},"sameAs":["https:\/\/www.gossip.it"]}]}},"amp_enabled":true,"_links":{"self":[{"href":"https:\/\/www.gossip.it\/api\/wp\/v2\/posts\/41464","targetHints":{"allow":["GET"]}}],"collection":[{"href":"https:\/\/www.gossip.it\/api\/wp\/v2\/posts"}],"about":[{"href":"https:\/\/www.gossip.it\/api\/wp\/v2\/types\/post"}],"author":[{"embeddable":true,"href":"https:\/\/www.gossip.it\/api\/wp\/v2\/users\/1"}],"replies":[{"embeddable":true,"href":"https:\/\/www.gossip.it\/api\/wp\/v2\/comments?post=41464"}],"version-history":[{"count":0,"href":"https:\/\/www.gossip.it\/api\/wp\/v2\/posts\/41464\/revisions"}],"wp:featuredmedia":[{"embeddable":true,"href":"https:\/\/www.gossip.it\/api\/wp\/v2\/media\/97510"}],"wp:attachment":[{"href":"https:\/\/www.gossip.it\/api\/wp\/v2\/media?parent=41464"}],"wp:term":[{"taxonomy":"category","embeddable":true,"href":"https:\/\/www.gossip.it\/api\/wp\/v2\/categories?post=41464"},{"taxonomy":"post_tag","embeddable":true,"href":"https:\/\/www.gossip.it\/api\/wp\/v2\/tags?post=41464"},{"taxonomy":"vip","embeddable":true,"href":"https:\/\/www.gossip.it\/api\/wp\/v2\/vip?post=41464"}],"curies":[{"name":"wp","href":"https:\/\/api.w.org\/{rel}","templated":true}]}}