{"id":41504,"date":"2013-09-16T00:00:00","date_gmt":"2013-09-15T22:00:00","guid":{"rendered":"https:\/\/www.gossip.it\/senza-categoria\/john-legend-il-si-con-chrissy-teigen\/"},"modified":"2013-09-16T00:00:00","modified_gmt":"2013-09-15T22:00:00","slug":"john-legend-il-si-con-chrissy-teigen","status":"publish","type":"post","link":"https:\/\/www.gossip.it\/news\/john-legend-il-si-con-chrissy-teigen\/","title":{"rendered":"John Legend, il s\u00ec con Chrissy Teigen"},"content":{"rendered":"<p>Si sono conosciuti nel 2007, il fidanzamento ufficiale \u00e8 arrivato nel 2011, durante una vacanza romantica alle Maldive. Ora il s\u00ec con una cerimonia da favola in una bellissima villa sul lago di Como.<br \/>\n<a href=\"http:\/\/www.gossip.it\/news\/monografia.php?keyword=John Legend\">John Legend<\/a> <b>ha sposato la<\/b> <a href=\"http:\/\/www.gossip.it\/news\/monografia.php?keyword=top model\">top model<\/a> <a href=\"http:\/\/www.gossip.it\/news\/monografia.php?keyword=Chrissy Teigen\">Chrissy Teigen<\/a>. Al matrimonio presenti i familiari e gli amici intimi della coppia, tra cui il rapper <a href=\"http:\/\/www.gossip.it\/news\/monografia.php?keyword=Kanye West\">Kanye West<\/a>, <a href=\"http:\/\/www.gossip.it\/news\/monografia.php?keyword=Stevie Wonder\">Stevie Wonder<\/a>, la modella <b>Brooklyn Decker<\/b>, scelta dalla sposa come damigella d'onore, e <b>Biz Markie<\/b> in veste di dj.<\/p>\n<p>Una giornata speciale. Chrissy, per andare all'altare ha voluto qualcosa di semplice: un abito color avorio di <a href=\"http:\/\/www.gossip.it\/news\/monografia.php?keyword=Vera Wang\">Vera Wang<\/a> senza spalline, che le lasciava scoperta la schiena, e la gonna in tulle con particolari ricami a mano.<br \/>\nEmozionata, ha messo la fede al dito al famosissimo <a href=\"http:\/\/www.gossip.it\/news\/monografia.php?keyword=cantante\">cantante<\/a>. Poi, durante il resto della giornata, ha indossato altri due abiti della stilista preferita: durante il ricevimento ha scelto sempre un modello avorio morbido, durante l'after, invece ha voluto un vestito aderente color cremisi con un top drappeggiato e la gonna abbellita da cristalli luccicanti. Principessa per chi ha dedicato a lei un brano,<b> \"All of me\"<\/b>, davvero unico.<\/p>\n","protected":false},"excerpt":{"rendered":"<p>Si sono conosciuti nel 2007, il fidanzamento ufficiale \u00e8 arrivato nel 2011, durante una vacanza romantica alle Maldive. Ora il s\u00ec con una cerimonia da favola in una bellissima villa sul lago di Como. John Legend ha sposato la top model Chrissy Teigen. Al matrimonio presenti i familiari e gli amici intimi della coppia, tra [&hellip;]<\/p>\n","protected":false},"author":1,"featured_media":97550,"comment_status":"closed","ping_status":"closed","sticky":false,"template":"","format":"standard","meta":{"footnotes":""},"categories":[54],"tags":[1981,11367,3995,2220,1950,2408,2216,2333],"vip":[1016],"class_list":["post-41504","post","type-post","status-publish","format-standard","has-post-thumbnail","hentry","category-news","tag-cantante","tag-chrissy-teigen","tag-como","tag-fiori-darancio","tag-matrimonio","tag-musica","tag-nozze","tag-top-model","vip-john_legend"],"yoast_head":"<title>John Legend, il s\u00ec con Chrissy Teigen - Gossip.it | News sul Gossip e VIP<\/title>\n<meta name=\"description\" content=\"Si sono conosciuti nel 2007, il fidanzamento ufficiale \u00e8 arrivato nel 2011, durante una vacanza romantica alle Maldive. Ora il s\u00ec con una cerimonia da\" \/>\n<meta name=\"robots\" content=\"index, follow, max-snippet:-1, max-image-preview:large, max-video-preview:-1\" \/>\n<link rel=\"canonical\" href=\"https:\/\/www.gossip.it\/news\/john-legend-il-si-con-chrissy-teigen\/\" \/>\n<meta property=\"og:locale\" content=\"it_IT\" \/>\n<meta property=\"og:type\" content=\"article\" \/>\n<meta property=\"og:title\" content=\"John Legend, il s\u00ec con Chrissy Teigen - Gossip.it | News sul Gossip e VIP\" \/>\n<meta property=\"og:description\" content=\"Si sono conosciuti nel 2007, il fidanzamento ufficiale \u00e8 arrivato nel 2011, durante una vacanza romantica alle Maldive. Ora il s\u00ec con una cerimonia da\" \/>\n<meta property=\"og:url\" content=\"https:\/\/www.gossip.it\/news\/john-legend-il-si-con-chrissy-teigen\/\" \/>\n<meta property=\"og:site_name\" content=\"Gossip.it | News sul Gossip e VIP\" \/>\n<meta property=\"article:publisher\" content=\"https:\/\/www.facebook.com\/GossipIT\" \/>\n<meta property=\"article:published_time\" content=\"2013-09-15T22:00:00+00:00\" \/>\n<meta property=\"og:image\" content=\"http:\/\/www.gossip.it\/images5\/1379318653_.jpg\" \/>\n<meta name=\"author\" content=\"La Redazione\" \/>\n<meta name=\"twitter:card\" content=\"summary_large_image\" \/>\n<meta name=\"twitter:image\" content=\"http:\/\/www.gossip.it\/images5\/1379318653_.jpg\" \/>\n<meta name=\"twitter:creator\" content=\"@gossinews_it\" \/>\n<meta name=\"twitter:site\" content=\"@gossinews_it\" \/>\n<meta name=\"twitter:label1\" content=\"Scritto da\" \/>\n\t<meta name=\"twitter:data1\" content=\"Annamaria Capozzi\" \/>\n\t<meta name=\"twitter:label2\" content=\"Tempo di lettura stimato\" \/>\n\t<meta name=\"twitter:data2\" content=\"1 minuto\" \/>","yoast_head_json":{"title":"John Legend, il s\u00ec con Chrissy Teigen - Gossip.it | News sul Gossip e VIP","description":"Si sono conosciuti nel 2007, il fidanzamento ufficiale \u00e8 arrivato nel 2011, durante una vacanza romantica alle Maldive. Ora il s\u00ec con una cerimonia da","robots":{"index":"index","follow":"follow","max-snippet":"max-snippet:-1","max-image-preview":"max-image-preview:large","max-video-preview":"max-video-preview:-1"},"canonical":"https:\/\/www.gossip.it\/news\/john-legend-il-si-con-chrissy-teigen\/","og_locale":"it_IT","og_type":"article","og_title":"John Legend, il s\u00ec con Chrissy Teigen - Gossip.it | News sul Gossip e VIP","og_description":"Si sono conosciuti nel 2007, il fidanzamento ufficiale \u00e8 arrivato nel 2011, durante una vacanza romantica alle Maldive. Ora il s\u00ec con una cerimonia da","og_url":"https:\/\/www.gossip.it\/news\/john-legend-il-si-con-chrissy-teigen\/","og_site_name":"Gossip.it | News sul Gossip e VIP","article_publisher":"https:\/\/www.facebook.com\/GossipIT","article_published_time":"2013-09-15T22:00:00+00:00","og_image":[{"url":"http:\/\/www.gossip.it\/images5\/1379318653_.jpg"}],"author":"La Redazione","twitter_card":"summary_large_image","twitter_image":"http:\/\/www.gossip.it\/images5\/1379318653_.jpg","twitter_creator":"@gossinews_it","twitter_site":"@gossinews_it","twitter_misc":{"Scritto da":"Annamaria Capozzi","Tempo di lettura stimato":"1 minuto"},"schema":{"@context":"https:\/\/schema.org","@graph":[{"@type":"Article","@id":"https:\/\/www.gossip.it\/news\/john-legend-il-si-con-chrissy-teigen\/#article","isPartOf":{"@id":"https:\/\/www.gossip.it\/news\/john-legend-il-si-con-chrissy-teigen\/"},"author":{"name":"La Redazione","@id":"https:\/\/www.gossip.it\/#\/schema\/person\/488896f75158bff1cc83c6c39d141110"},"headline":"John Legend, il s\u00ec con Chrissy Teigen","datePublished":"2013-09-15T22:00:00+00:00","dateModified":"2013-09-15T22:00:00+00:00","mainEntityOfPage":{"@id":"https:\/\/www.gossip.it\/news\/john-legend-il-si-con-chrissy-teigen\/"},"wordCount":192,"publisher":{"@id":"https:\/\/www.gossip.it\/#organization"},"image":{"@id":"https:\/\/www.gossip.it\/news\/john-legend-il-si-con-chrissy-teigen\/#primaryimage"},"thumbnailUrl":"http:\/\/www.gossip.it\/images5\/1379318653_.jpg","keywords":["cantante","chrissy teigen","como","fiori d&#039;arancio","matrimonio","musica","nozze","top model"],"articleSection":["News"],"inLanguage":"it-IT"},{"@type":"WebPage","@id":"https:\/\/www.gossip.it\/news\/john-legend-il-si-con-chrissy-teigen\/","url":"https:\/\/www.gossip.it\/news\/john-legend-il-si-con-chrissy-teigen\/","name":"John Legend, il s\u00ec con Chrissy Teigen - Gossip.it | News sul Gossip e VIP","isPartOf":{"@id":"https:\/\/www.gossip.it\/#website"},"primaryImageOfPage":{"@id":"https:\/\/www.gossip.it\/news\/john-legend-il-si-con-chrissy-teigen\/#primaryimage"},"image":{"@id":"https:\/\/www.gossip.it\/news\/john-legend-il-si-con-chrissy-teigen\/#primaryimage"},"thumbnailUrl":"http:\/\/www.gossip.it\/images5\/1379318653_.jpg","datePublished":"2013-09-15T22:00:00+00:00","dateModified":"2013-09-15T22:00:00+00:00","description":"Si sono conosciuti nel 2007, il fidanzamento ufficiale \u00e8 arrivato nel 2011, durante una vacanza romantica alle Maldive. Ora il s\u00ec con una cerimonia da","breadcrumb":{"@id":"https:\/\/www.gossip.it\/news\/john-legend-il-si-con-chrissy-teigen\/#breadcrumb"},"inLanguage":"it-IT","potentialAction":[{"@type":"ReadAction","target":["https:\/\/www.gossip.it\/news\/john-legend-il-si-con-chrissy-teigen\/"]}]},{"@type":"ImageObject","inLanguage":"it-IT","@id":"https:\/\/www.gossip.it\/news\/john-legend-il-si-con-chrissy-teigen\/#primaryimage","url":"http:\/\/www.gossip.it\/images5\/1379318653_.jpg","contentUrl":"http:\/\/www.gossip.it\/images5\/1379318653_.jpg"},{"@type":"BreadcrumbList","@id":"https:\/\/www.gossip.it\/news\/john-legend-il-si-con-chrissy-teigen\/#breadcrumb","itemListElement":[{"@type":"ListItem","position":1,"name":"Home","item":"https:\/\/www.gossip.it\/"},{"@type":"ListItem","position":2,"name":"John Legend, il s\u00ec con Chrissy Teigen"}]},{"@type":"WebSite","@id":"https:\/\/www.gossip.it\/#website","url":"https:\/\/www.gossip.it\/","name":"Gossip and VIP News","description":"Quotidiano di cronaca rosa, costume e societ\u00e0","publisher":{"@id":"https:\/\/www.gossip.it\/#organization"},"alternateName":"Gossip and VIP News","potentialAction":[{"@type":"SearchAction","target":{"@type":"EntryPoint","urlTemplate":"https:\/\/www.gossip.it\/?s={search_term_string}"},"query-input":{"@type":"PropertyValueSpecification","valueRequired":true,"valueName":"search_term_string"}}],"inLanguage":"it-IT"},{"@type":"Organization","@id":"https:\/\/www.gossip.it\/#organization","name":"Gossip and VIP News","alternateName":"Gossip News","url":"https:\/\/www.gossip.it\/","logo":{"@type":"ImageObject","inLanguage":"it-IT","@id":"https:\/\/www.gossip.it\/#\/schema\/logo\/image\/","url":"https:\/\/www.gossip.it\/wp-content\/uploads\/2022\/04\/cropped-corna-alta-tiny.png","contentUrl":"https:\/\/www.gossip.it\/wp-content\/uploads\/2022\/04\/cropped-corna-alta-tiny.png","width":512,"height":512,"caption":"Gossip and VIP News"},"image":{"@id":"https:\/\/www.gossip.it\/#\/schema\/logo\/image\/"},"sameAs":["https:\/\/www.facebook.com\/GossipIT","https:\/\/x.com\/gossinews_it","https:\/\/instagram.com\/gossip_it"]},{"@type":"Person","@id":"https:\/\/www.gossip.it\/#\/schema\/person\/488896f75158bff1cc83c6c39d141110","name":"La Redazione","image":{"@type":"ImageObject","inLanguage":"it-IT","@id":"https:\/\/www.gossip.it\/#\/schema\/person\/image\/","url":"https:\/\/secure.gravatar.com\/avatar\/5a5f5c6fa3e6700e4249abdad0263a1e94e927d9e0499b1cb09c1cd29c044d80?s=96&d=mm&r=g","contentUrl":"https:\/\/secure.gravatar.com\/avatar\/5a5f5c6fa3e6700e4249abdad0263a1e94e927d9e0499b1cb09c1cd29c044d80?s=96&d=mm&r=g","caption":"La Redazione"},"sameAs":["https:\/\/www.gossip.it"]}]}},"amp_enabled":true,"_links":{"self":[{"href":"https:\/\/www.gossip.it\/api\/wp\/v2\/posts\/41504","targetHints":{"allow":["GET"]}}],"collection":[{"href":"https:\/\/www.gossip.it\/api\/wp\/v2\/posts"}],"about":[{"href":"https:\/\/www.gossip.it\/api\/wp\/v2\/types\/post"}],"author":[{"embeddable":true,"href":"https:\/\/www.gossip.it\/api\/wp\/v2\/users\/1"}],"replies":[{"embeddable":true,"href":"https:\/\/www.gossip.it\/api\/wp\/v2\/comments?post=41504"}],"version-history":[{"count":0,"href":"https:\/\/www.gossip.it\/api\/wp\/v2\/posts\/41504\/revisions"}],"wp:featuredmedia":[{"embeddable":true,"href":"https:\/\/www.gossip.it\/api\/wp\/v2\/media\/97550"}],"wp:attachment":[{"href":"https:\/\/www.gossip.it\/api\/wp\/v2\/media?parent=41504"}],"wp:term":[{"taxonomy":"category","embeddable":true,"href":"https:\/\/www.gossip.it\/api\/wp\/v2\/categories?post=41504"},{"taxonomy":"post_tag","embeddable":true,"href":"https:\/\/www.gossip.it\/api\/wp\/v2\/tags?post=41504"},{"taxonomy":"vip","embeddable":true,"href":"https:\/\/www.gossip.it\/api\/wp\/v2\/vip?post=41504"}],"curies":[{"name":"wp","href":"https:\/\/api.w.org\/{rel}","templated":true}]}}