{"id":41630,"date":"2013-09-20T00:00:00","date_gmt":"2013-09-19T22:00:00","guid":{"rendered":"https:\/\/www.gossip.it\/senza-categoria\/alessia-fabiani-mamma-glam-con-keira\/"},"modified":"2013-09-20T00:00:00","modified_gmt":"2013-09-19T22:00:00","slug":"alessia-fabiani-mamma-glam-con-keira","status":"publish","type":"post","link":"https:\/\/www.gossip.it\/news\/alessia-fabiani-mamma-glam-con-keira\/","title":{"rendered":"Alessia Fabiani, mamma glam con Keira"},"content":{"rendered":"<p>A fine 2012 \u00e8 diventata mamma di una coppia di gemelli, <b>Kim<\/b> e <b>Keira<\/b>. <a href=\"http:\/\/www.gossip.it\/news\/monografia.php?keyword=Alessia Fabiani\">Alessia Fabiani<\/a> sul <b>social<\/b> posta un autoscatto realizzato allo specchio che la ritrae mentre tiene teneramente in braccio la femminuccia (<a href=\"http:\/\/www.gossip.it\/news\/asc_showfoto.php?ID=1379674845\"><b><u>clicca qui per ingrandire<\/u><\/b><\/a>).<\/p>\n<p>Alessia nella foto sfoggia un <b>look <\/b><b>very glam<\/b> con giubbino in jeans e ampia gonna bianca con cinturone. Una <b>follower<\/b> le fa i complimenti per lo stile, mentre un ammiratore commenta: <em>\u201cLa trovo un po\u2019 troppo dimagrita\u201d<\/em>. L\u2019ex letterina, questo \u00e8 vero, dopo il parto, \u00e8 tornata in forma in pochissimo tempo. Ora si districa tra la sua attivit\u00e0 di attrice teatrale e di mamma di ben due bimbi. Nonostante la fatica, \u00e8 felicissima e soddisfatta della sua vita con i figli e il compagno<a href=\"http:\/\/www.gossip.it\/news\/monografia.php?keyword= Fabrizio Cherubini\"> Fabrizio Cherubini<\/a>.<\/p>\n","protected":false},"excerpt":{"rendered":"<p>A fine 2012 \u00e8 diventata mamma di una coppia di gemelli, Kim e Keira. Alessia Fabiani sul social posta un autoscatto realizzato allo specchio che la ritrae mentre tiene teneramente in braccio la femminuccia (clicca qui per ingrandire). Alessia nella foto sfoggia un look very glam con giubbino in jeans e ampia gonna bianca con [&hellip;]<\/p>\n","protected":false},"author":1,"featured_media":97676,"comment_status":"closed","ping_status":"closed","sticky":false,"template":"","format":"standard","meta":{"footnotes":""},"categories":[54],"tags":[2004,2121,8346,8347,1900,1923,7346],"vip":[273,718],"class_list":["post-41630","post","type-post","status-publish","format-standard","has-post-thumbnail","hentry","category-news","tag-gemelli","tag-instagram","tag-keira","tag-kim","tag-mamma","tag-social","tag-twitter","vip-alessia_fabiani","vip-fabrizio_cherubini"],"yoast_head":"<title>Alessia Fabiani, mamma glam con Keira - Gossip.it | News sul Gossip e VIP<\/title>\n<meta name=\"description\" content=\"A fine 2012 \u00e8 diventata mamma di una coppia di gemelli, Kim e Keira. Alessia Fabiani sul social posta un autoscatto realizzato allo specchio che la ritrae\" \/>\n<meta name=\"robots\" content=\"index, follow, max-snippet:-1, max-image-preview:large, max-video-preview:-1\" \/>\n<link rel=\"canonical\" href=\"https:\/\/www.gossip.it\/news\/alessia-fabiani-mamma-glam-con-keira\/\" \/>\n<meta property=\"og:locale\" content=\"it_IT\" \/>\n<meta property=\"og:type\" content=\"article\" \/>\n<meta property=\"og:title\" content=\"Alessia Fabiani, mamma glam con Keira - Gossip.it | News sul Gossip e VIP\" \/>\n<meta property=\"og:description\" content=\"A fine 2012 \u00e8 diventata mamma di una coppia di gemelli, Kim e Keira. Alessia Fabiani sul social posta un autoscatto realizzato allo specchio che la ritrae\" \/>\n<meta property=\"og:url\" content=\"https:\/\/www.gossip.it\/news\/alessia-fabiani-mamma-glam-con-keira\/\" \/>\n<meta property=\"og:site_name\" content=\"Gossip.it | News sul Gossip e VIP\" \/>\n<meta property=\"article:publisher\" content=\"https:\/\/www.facebook.com\/GossipIT\" \/>\n<meta property=\"article:published_time\" content=\"2013-09-19T22:00:00+00:00\" \/>\n<meta property=\"og:image\" content=\"http:\/\/www.gossip.it\/images5\/1379674845_.jpg\" \/>\n<meta name=\"author\" content=\"La Redazione\" \/>\n<meta name=\"twitter:card\" content=\"summary_large_image\" \/>\n<meta name=\"twitter:image\" content=\"http:\/\/www.gossip.it\/images5\/1379674845_.jpg\" \/>\n<meta name=\"twitter:creator\" content=\"@gossinews_it\" \/>\n<meta name=\"twitter:site\" content=\"@gossinews_it\" \/>\n<meta name=\"twitter:label1\" content=\"Scritto da\" \/>\n\t<meta name=\"twitter:data1\" content=\"Francesca Romana Domenici\" \/>\n\t<meta name=\"twitter:label2\" content=\"Tempo di lettura stimato\" \/>\n\t<meta name=\"twitter:data2\" content=\"1 minuto\" \/>","yoast_head_json":{"title":"Alessia Fabiani, mamma glam con Keira - Gossip.it | News sul Gossip e VIP","description":"A fine 2012 \u00e8 diventata mamma di una coppia di gemelli, Kim e Keira. Alessia Fabiani sul social posta un autoscatto realizzato allo specchio che la ritrae","robots":{"index":"index","follow":"follow","max-snippet":"max-snippet:-1","max-image-preview":"max-image-preview:large","max-video-preview":"max-video-preview:-1"},"canonical":"https:\/\/www.gossip.it\/news\/alessia-fabiani-mamma-glam-con-keira\/","og_locale":"it_IT","og_type":"article","og_title":"Alessia Fabiani, mamma glam con Keira - Gossip.it | News sul Gossip e VIP","og_description":"A fine 2012 \u00e8 diventata mamma di una coppia di gemelli, Kim e Keira. Alessia Fabiani sul social posta un autoscatto realizzato allo specchio che la ritrae","og_url":"https:\/\/www.gossip.it\/news\/alessia-fabiani-mamma-glam-con-keira\/","og_site_name":"Gossip.it | News sul Gossip e VIP","article_publisher":"https:\/\/www.facebook.com\/GossipIT","article_published_time":"2013-09-19T22:00:00+00:00","og_image":[{"url":"http:\/\/www.gossip.it\/images5\/1379674845_.jpg"}],"author":"La Redazione","twitter_card":"summary_large_image","twitter_image":"http:\/\/www.gossip.it\/images5\/1379674845_.jpg","twitter_creator":"@gossinews_it","twitter_site":"@gossinews_it","twitter_misc":{"Scritto da":"Francesca Romana Domenici","Tempo di lettura stimato":"1 minuto"},"schema":{"@context":"https:\/\/schema.org","@graph":[{"@type":"Article","@id":"https:\/\/www.gossip.it\/news\/alessia-fabiani-mamma-glam-con-keira\/#article","isPartOf":{"@id":"https:\/\/www.gossip.it\/news\/alessia-fabiani-mamma-glam-con-keira\/"},"author":{"name":"La Redazione","@id":"https:\/\/www.gossip.it\/#\/schema\/person\/488896f75158bff1cc83c6c39d141110"},"headline":"Alessia Fabiani, mamma glam con Keira","datePublished":"2013-09-19T22:00:00+00:00","dateModified":"2013-09-19T22:00:00+00:00","mainEntityOfPage":{"@id":"https:\/\/www.gossip.it\/news\/alessia-fabiani-mamma-glam-con-keira\/"},"wordCount":127,"publisher":{"@id":"https:\/\/www.gossip.it\/#organization"},"image":{"@id":"https:\/\/www.gossip.it\/news\/alessia-fabiani-mamma-glam-con-keira\/#primaryimage"},"thumbnailUrl":"http:\/\/www.gossip.it\/images5\/1379674845_.jpg","keywords":["gemelli","instagram","keira","kim","mamma","social","twitter"],"articleSection":["News"],"inLanguage":"it-IT"},{"@type":"WebPage","@id":"https:\/\/www.gossip.it\/news\/alessia-fabiani-mamma-glam-con-keira\/","url":"https:\/\/www.gossip.it\/news\/alessia-fabiani-mamma-glam-con-keira\/","name":"Alessia Fabiani, mamma glam con Keira - Gossip.it | News sul Gossip e VIP","isPartOf":{"@id":"https:\/\/www.gossip.it\/#website"},"primaryImageOfPage":{"@id":"https:\/\/www.gossip.it\/news\/alessia-fabiani-mamma-glam-con-keira\/#primaryimage"},"image":{"@id":"https:\/\/www.gossip.it\/news\/alessia-fabiani-mamma-glam-con-keira\/#primaryimage"},"thumbnailUrl":"http:\/\/www.gossip.it\/images5\/1379674845_.jpg","datePublished":"2013-09-19T22:00:00+00:00","dateModified":"2013-09-19T22:00:00+00:00","description":"A fine 2012 \u00e8 diventata mamma di una coppia di gemelli, Kim e Keira. Alessia Fabiani sul social posta un autoscatto realizzato allo specchio che la ritrae","breadcrumb":{"@id":"https:\/\/www.gossip.it\/news\/alessia-fabiani-mamma-glam-con-keira\/#breadcrumb"},"inLanguage":"it-IT","potentialAction":[{"@type":"ReadAction","target":["https:\/\/www.gossip.it\/news\/alessia-fabiani-mamma-glam-con-keira\/"]}]},{"@type":"ImageObject","inLanguage":"it-IT","@id":"https:\/\/www.gossip.it\/news\/alessia-fabiani-mamma-glam-con-keira\/#primaryimage","url":"http:\/\/www.gossip.it\/images5\/1379674845_.jpg","contentUrl":"http:\/\/www.gossip.it\/images5\/1379674845_.jpg"},{"@type":"BreadcrumbList","@id":"https:\/\/www.gossip.it\/news\/alessia-fabiani-mamma-glam-con-keira\/#breadcrumb","itemListElement":[{"@type":"ListItem","position":1,"name":"Home","item":"https:\/\/www.gossip.it\/"},{"@type":"ListItem","position":2,"name":"Alessia Fabiani, mamma glam con Keira"}]},{"@type":"WebSite","@id":"https:\/\/www.gossip.it\/#website","url":"https:\/\/www.gossip.it\/","name":"Gossip and VIP News","description":"Quotidiano di cronaca rosa, costume e societ\u00e0","publisher":{"@id":"https:\/\/www.gossip.it\/#organization"},"alternateName":"Gossip and VIP News","potentialAction":[{"@type":"SearchAction","target":{"@type":"EntryPoint","urlTemplate":"https:\/\/www.gossip.it\/?s={search_term_string}"},"query-input":{"@type":"PropertyValueSpecification","valueRequired":true,"valueName":"search_term_string"}}],"inLanguage":"it-IT"},{"@type":"Organization","@id":"https:\/\/www.gossip.it\/#organization","name":"Gossip and VIP News","alternateName":"Gossip News","url":"https:\/\/www.gossip.it\/","logo":{"@type":"ImageObject","inLanguage":"it-IT","@id":"https:\/\/www.gossip.it\/#\/schema\/logo\/image\/","url":"https:\/\/www.gossip.it\/wp-content\/uploads\/2022\/04\/cropped-corna-alta-tiny.png","contentUrl":"https:\/\/www.gossip.it\/wp-content\/uploads\/2022\/04\/cropped-corna-alta-tiny.png","width":512,"height":512,"caption":"Gossip and VIP News"},"image":{"@id":"https:\/\/www.gossip.it\/#\/schema\/logo\/image\/"},"sameAs":["https:\/\/www.facebook.com\/GossipIT","https:\/\/x.com\/gossinews_it","https:\/\/instagram.com\/gossip_it"]},{"@type":"Person","@id":"https:\/\/www.gossip.it\/#\/schema\/person\/488896f75158bff1cc83c6c39d141110","name":"La Redazione","image":{"@type":"ImageObject","inLanguage":"it-IT","@id":"https:\/\/www.gossip.it\/#\/schema\/person\/image\/","url":"https:\/\/secure.gravatar.com\/avatar\/5a5f5c6fa3e6700e4249abdad0263a1e94e927d9e0499b1cb09c1cd29c044d80?s=96&d=mm&r=g","contentUrl":"https:\/\/secure.gravatar.com\/avatar\/5a5f5c6fa3e6700e4249abdad0263a1e94e927d9e0499b1cb09c1cd29c044d80?s=96&d=mm&r=g","caption":"La Redazione"},"sameAs":["https:\/\/www.gossip.it"]}]}},"amp_enabled":true,"_links":{"self":[{"href":"https:\/\/www.gossip.it\/api\/wp\/v2\/posts\/41630","targetHints":{"allow":["GET"]}}],"collection":[{"href":"https:\/\/www.gossip.it\/api\/wp\/v2\/posts"}],"about":[{"href":"https:\/\/www.gossip.it\/api\/wp\/v2\/types\/post"}],"author":[{"embeddable":true,"href":"https:\/\/www.gossip.it\/api\/wp\/v2\/users\/1"}],"replies":[{"embeddable":true,"href":"https:\/\/www.gossip.it\/api\/wp\/v2\/comments?post=41630"}],"version-history":[{"count":0,"href":"https:\/\/www.gossip.it\/api\/wp\/v2\/posts\/41630\/revisions"}],"wp:featuredmedia":[{"embeddable":true,"href":"https:\/\/www.gossip.it\/api\/wp\/v2\/media\/97676"}],"wp:attachment":[{"href":"https:\/\/www.gossip.it\/api\/wp\/v2\/media?parent=41630"}],"wp:term":[{"taxonomy":"category","embeddable":true,"href":"https:\/\/www.gossip.it\/api\/wp\/v2\/categories?post=41630"},{"taxonomy":"post_tag","embeddable":true,"href":"https:\/\/www.gossip.it\/api\/wp\/v2\/tags?post=41630"},{"taxonomy":"vip","embeddable":true,"href":"https:\/\/www.gossip.it\/api\/wp\/v2\/vip?post=41630"}],"curies":[{"name":"wp","href":"https:\/\/api.w.org\/{rel}","templated":true}]}}