{"id":41759,"date":"2013-09-27T00:00:00","date_gmt":"2013-09-26T22:00:00","guid":{"rendered":"https:\/\/www.gossip.it\/senza-categoria\/jon-hamm-non-sto-morendo-di-cancro\/"},"modified":"2013-09-27T00:00:00","modified_gmt":"2013-09-26T22:00:00","slug":"jon-hamm-non-sto-morendo-di-cancro","status":"publish","type":"post","link":"https:\/\/www.gossip.it\/news\/jon-hamm-non-sto-morendo-di-cancro\/","title":{"rendered":"Jon Hamm: \u201cNon sto morendo di cancro\u201d"},"content":{"rendered":"<p><a href=\"http:\/\/www.gossip.it\/news\/monografia.php?keyword=Jon Hamm\">Jon Hamm<\/a> ha rassicurato i suoi fan sulle sue <b>condizioni di salute<\/b> durante un\u2019apparizione al <em>Jimmy Kimmel Live!<\/em> lo scorso mercoled\u00ec. Giravano infatti voci che il celebre <b>Don Draper<\/b> di \u201c<b><em>Mad Men<\/em><\/b>\u201d fosse gravemente malato, <b>cancro<\/b> addirittura, e che gli mancasse ancora poco tempo. In realt\u00e0 si tratta solo di un <b>polipo alle corde vocali<\/b>: \u201c<em>Sembra peggio di quello che \u00e8 , anche se non sembra tanto brutto quanto quello che il National Enquirer ha scritto, <b>cio\u00e8 che tossivo sangue e probabilmente avevo il cancro<\/b><\/em>\u201d.<\/p>\n<p>L\u2019affascinante <b>42enne<\/b> ha continuato, scherzando: \u201c<em>\u00c8 bello poter finalmente dirlo a voce alta. Grazie ragazzi. Grazie mille. Perch\u00e9 non ho mai tossito sangue!<\/em>\u201d L\u2019attore ha ripetuto quello che il suo portavoce aveva dichiarato il giorno prima: \u201c<b><em>\u00c8 una procedura di routine<\/em><\/b>\u201d. La serie tv di cui \u00e8 protagonista si avvia ormai alla <b>conclusione<\/b> (il prossimo <b>4 novembre<\/b> inizier\u00e0 ad andare in onda la prima parte della settima e ultima stagione) e Kimmel, curioso, ha chiesto perch\u00e9 il suo <b>creatore<\/b>, <a href=\"http:\/\/www.gossip.it\/news\/monografia.php?keyword=Matthew Weiner\">Matthew Weiner<\/a>, non voglia rivelare neanche a Jon come andr\u00e0 a finire: \u201c<em>Perch\u00e9 gli piace che sia un segreto. A me va bene cos\u00ec. <b>Non sappiamo come andranno a finire le nostre vita. Apparentemente io morir\u00f2 presto di cancro, secondo il National Enquirer<\/b><\/em>\u201d.<\/p>\n","protected":false},"excerpt":{"rendered":"<p>Jon Hamm ha rassicurato i suoi fan sulle sue condizioni di salute durante un\u2019apparizione al Jimmy Kimmel Live! lo scorso mercoled\u00ec. Giravano infatti voci che il celebre Don Draper di \u201cMad Men\u201d fosse gravemente malato, cancro addirittura, e che gli mancasse ancora poco tempo. In realt\u00e0 si tratta solo di un polipo alle corde vocali: [&hellip;]<\/p>\n","protected":false},"author":1,"featured_media":97805,"comment_status":"closed","ping_status":"closed","sticky":false,"template":"","format":"standard","meta":{"footnotes":""},"categories":[54],"tags":[2137,9169,2314,9588,38955,45035,1888,2118,5886,2103,38655,38848,34563,10631,45038,45037,16441,2802,45036,2745,3430,2959,44613,2941,2097,2985],"vip":[],"class_list":["post-41759","post","type-post","status-publish","format-standard","has-post-thumbnail","hentry","category-news","tag-attore","tag-barba","tag-cancro","tag-corde-vocali","tag-creatore","tag-don-draper","tag-finale","tag-foto","tag-gola","tag-intervista","tag-jimmy-kimmel","tag-jon-hamm","tag-mad-men","tag-malato","tag-matthew-weiner","tag-morendo","tag-national-enquirer","tag-ospite","tag-polipo","tag-protagonista","tag-segreto","tag-serie","tag-settima","tag-stagione","tag-tv","tag-voci"],"yoast_head":"<title>Jon Hamm: \u201cNon sto morendo di cancro\u201d - Gossip.it | News sul Gossip e VIP<\/title>\n<meta name=\"description\" content=\"Jon Hamm ha rassicurato i suoi fan sulle sue condizioni di salute durante un\u2019apparizione al Jimmy Kimmel Live! lo scorso mercoled\u00ec. Giravano infatti voci\" \/>\n<meta name=\"robots\" content=\"index, follow, max-snippet:-1, max-image-preview:large, max-video-preview:-1\" \/>\n<link rel=\"canonical\" href=\"https:\/\/www.gossip.it\/news\/jon-hamm-non-sto-morendo-di-cancro\/\" \/>\n<meta property=\"og:locale\" content=\"it_IT\" \/>\n<meta property=\"og:type\" content=\"article\" \/>\n<meta property=\"og:title\" content=\"Jon Hamm: \u201cNon sto morendo di cancro\u201d - Gossip.it | News sul Gossip e VIP\" \/>\n<meta property=\"og:description\" content=\"Jon Hamm ha rassicurato i suoi fan sulle sue condizioni di salute durante un\u2019apparizione al Jimmy Kimmel Live! lo scorso mercoled\u00ec. Giravano infatti voci\" \/>\n<meta property=\"og:url\" content=\"https:\/\/www.gossip.it\/news\/jon-hamm-non-sto-morendo-di-cancro\/\" \/>\n<meta property=\"og:site_name\" content=\"Gossip.it | News sul Gossip e VIP\" \/>\n<meta property=\"article:publisher\" content=\"https:\/\/www.facebook.com\/GossipIT\" \/>\n<meta property=\"article:published_time\" content=\"2013-09-26T22:00:00+00:00\" \/>\n<meta property=\"og:image\" content=\"http:\/\/www.gossip.it\/images5\/1380273417_.jpg\" \/>\n<meta name=\"author\" content=\"La Redazione\" \/>\n<meta name=\"twitter:card\" content=\"summary_large_image\" \/>\n<meta name=\"twitter:image\" content=\"http:\/\/www.gossip.it\/images5\/1380273417_.jpg\" \/>\n<meta name=\"twitter:creator\" content=\"@gossinews_it\" \/>\n<meta name=\"twitter:site\" content=\"@gossinews_it\" \/>\n<meta name=\"twitter:label1\" content=\"Scritto da\" \/>\n\t<meta name=\"twitter:data1\" content=\"Graziana Mirabile\" \/>\n\t<meta name=\"twitter:label2\" content=\"Tempo di lettura stimato\" \/>\n\t<meta name=\"twitter:data2\" content=\"1 minuto\" \/>","yoast_head_json":{"title":"Jon Hamm: \u201cNon sto morendo di cancro\u201d - Gossip.it | News sul Gossip e VIP","description":"Jon Hamm ha rassicurato i suoi fan sulle sue condizioni di salute durante un\u2019apparizione al Jimmy Kimmel Live! lo scorso mercoled\u00ec. Giravano infatti voci","robots":{"index":"index","follow":"follow","max-snippet":"max-snippet:-1","max-image-preview":"max-image-preview:large","max-video-preview":"max-video-preview:-1"},"canonical":"https:\/\/www.gossip.it\/news\/jon-hamm-non-sto-morendo-di-cancro\/","og_locale":"it_IT","og_type":"article","og_title":"Jon Hamm: \u201cNon sto morendo di cancro\u201d - Gossip.it | News sul Gossip e VIP","og_description":"Jon Hamm ha rassicurato i suoi fan sulle sue condizioni di salute durante un\u2019apparizione al Jimmy Kimmel Live! lo scorso mercoled\u00ec. Giravano infatti voci","og_url":"https:\/\/www.gossip.it\/news\/jon-hamm-non-sto-morendo-di-cancro\/","og_site_name":"Gossip.it | News sul Gossip e VIP","article_publisher":"https:\/\/www.facebook.com\/GossipIT","article_published_time":"2013-09-26T22:00:00+00:00","og_image":[{"url":"http:\/\/www.gossip.it\/images5\/1380273417_.jpg"}],"author":"La Redazione","twitter_card":"summary_large_image","twitter_image":"http:\/\/www.gossip.it\/images5\/1380273417_.jpg","twitter_creator":"@gossinews_it","twitter_site":"@gossinews_it","twitter_misc":{"Scritto da":"Graziana Mirabile","Tempo di lettura stimato":"1 minuto"},"schema":{"@context":"https:\/\/schema.org","@graph":[{"@type":"Article","@id":"https:\/\/www.gossip.it\/news\/jon-hamm-non-sto-morendo-di-cancro\/#article","isPartOf":{"@id":"https:\/\/www.gossip.it\/news\/jon-hamm-non-sto-morendo-di-cancro\/"},"author":{"name":"La Redazione","@id":"https:\/\/www.gossip.it\/#\/schema\/person\/488896f75158bff1cc83c6c39d141110"},"headline":"Jon Hamm: \u201cNon sto morendo di cancro\u201d","datePublished":"2013-09-26T22:00:00+00:00","dateModified":"2013-09-26T22:00:00+00:00","mainEntityOfPage":{"@id":"https:\/\/www.gossip.it\/news\/jon-hamm-non-sto-morendo-di-cancro\/"},"wordCount":211,"publisher":{"@id":"https:\/\/www.gossip.it\/#organization"},"image":{"@id":"https:\/\/www.gossip.it\/news\/jon-hamm-non-sto-morendo-di-cancro\/#primaryimage"},"thumbnailUrl":"http:\/\/www.gossip.it\/images5\/1380273417_.jpg","keywords":["attore","barba","cancro","corde vocali","creatore","don draper","finale","foto","gola","intervista","jimmy kimmel","jon hamm","mad men","malato","matthew weiner","morendo","national enquirer","ospite","polipo","protagonista","segreto","serie","settima","stagione","tv","voci"],"articleSection":["News"],"inLanguage":"it-IT"},{"@type":"WebPage","@id":"https:\/\/www.gossip.it\/news\/jon-hamm-non-sto-morendo-di-cancro\/","url":"https:\/\/www.gossip.it\/news\/jon-hamm-non-sto-morendo-di-cancro\/","name":"Jon Hamm: \u201cNon sto morendo di cancro\u201d - Gossip.it | News sul Gossip e VIP","isPartOf":{"@id":"https:\/\/www.gossip.it\/#website"},"primaryImageOfPage":{"@id":"https:\/\/www.gossip.it\/news\/jon-hamm-non-sto-morendo-di-cancro\/#primaryimage"},"image":{"@id":"https:\/\/www.gossip.it\/news\/jon-hamm-non-sto-morendo-di-cancro\/#primaryimage"},"thumbnailUrl":"http:\/\/www.gossip.it\/images5\/1380273417_.jpg","datePublished":"2013-09-26T22:00:00+00:00","dateModified":"2013-09-26T22:00:00+00:00","description":"Jon Hamm ha rassicurato i suoi fan sulle sue condizioni di salute durante un\u2019apparizione al Jimmy Kimmel Live! lo scorso mercoled\u00ec. Giravano infatti voci","breadcrumb":{"@id":"https:\/\/www.gossip.it\/news\/jon-hamm-non-sto-morendo-di-cancro\/#breadcrumb"},"inLanguage":"it-IT","potentialAction":[{"@type":"ReadAction","target":["https:\/\/www.gossip.it\/news\/jon-hamm-non-sto-morendo-di-cancro\/"]}]},{"@type":"ImageObject","inLanguage":"it-IT","@id":"https:\/\/www.gossip.it\/news\/jon-hamm-non-sto-morendo-di-cancro\/#primaryimage","url":"http:\/\/www.gossip.it\/images5\/1380273417_.jpg","contentUrl":"http:\/\/www.gossip.it\/images5\/1380273417_.jpg"},{"@type":"BreadcrumbList","@id":"https:\/\/www.gossip.it\/news\/jon-hamm-non-sto-morendo-di-cancro\/#breadcrumb","itemListElement":[{"@type":"ListItem","position":1,"name":"Home","item":"https:\/\/www.gossip.it\/"},{"@type":"ListItem","position":2,"name":"Jon Hamm: \u201cNon sto morendo di cancro\u201d"}]},{"@type":"WebSite","@id":"https:\/\/www.gossip.it\/#website","url":"https:\/\/www.gossip.it\/","name":"Gossip and VIP News","description":"Quotidiano di cronaca rosa, costume e societ\u00e0","publisher":{"@id":"https:\/\/www.gossip.it\/#organization"},"alternateName":"Gossip and VIP News","potentialAction":[{"@type":"SearchAction","target":{"@type":"EntryPoint","urlTemplate":"https:\/\/www.gossip.it\/?s={search_term_string}"},"query-input":{"@type":"PropertyValueSpecification","valueRequired":true,"valueName":"search_term_string"}}],"inLanguage":"it-IT"},{"@type":"Organization","@id":"https:\/\/www.gossip.it\/#organization","name":"Gossip and VIP News","alternateName":"Gossip News","url":"https:\/\/www.gossip.it\/","logo":{"@type":"ImageObject","inLanguage":"it-IT","@id":"https:\/\/www.gossip.it\/#\/schema\/logo\/image\/","url":"https:\/\/www.gossip.it\/wp-content\/uploads\/2022\/04\/cropped-corna-alta-tiny.png","contentUrl":"https:\/\/www.gossip.it\/wp-content\/uploads\/2022\/04\/cropped-corna-alta-tiny.png","width":512,"height":512,"caption":"Gossip and VIP News"},"image":{"@id":"https:\/\/www.gossip.it\/#\/schema\/logo\/image\/"},"sameAs":["https:\/\/www.facebook.com\/GossipIT","https:\/\/x.com\/gossinews_it","https:\/\/instagram.com\/gossip_it"]},{"@type":"Person","@id":"https:\/\/www.gossip.it\/#\/schema\/person\/488896f75158bff1cc83c6c39d141110","name":"La Redazione","image":{"@type":"ImageObject","inLanguage":"it-IT","@id":"https:\/\/www.gossip.it\/#\/schema\/person\/image\/","url":"https:\/\/secure.gravatar.com\/avatar\/5a5f5c6fa3e6700e4249abdad0263a1e94e927d9e0499b1cb09c1cd29c044d80?s=96&d=mm&r=g","contentUrl":"https:\/\/secure.gravatar.com\/avatar\/5a5f5c6fa3e6700e4249abdad0263a1e94e927d9e0499b1cb09c1cd29c044d80?s=96&d=mm&r=g","caption":"La Redazione"},"sameAs":["https:\/\/www.gossip.it"]}]}},"amp_enabled":true,"_links":{"self":[{"href":"https:\/\/www.gossip.it\/api\/wp\/v2\/posts\/41759","targetHints":{"allow":["GET"]}}],"collection":[{"href":"https:\/\/www.gossip.it\/api\/wp\/v2\/posts"}],"about":[{"href":"https:\/\/www.gossip.it\/api\/wp\/v2\/types\/post"}],"author":[{"embeddable":true,"href":"https:\/\/www.gossip.it\/api\/wp\/v2\/users\/1"}],"replies":[{"embeddable":true,"href":"https:\/\/www.gossip.it\/api\/wp\/v2\/comments?post=41759"}],"version-history":[{"count":0,"href":"https:\/\/www.gossip.it\/api\/wp\/v2\/posts\/41759\/revisions"}],"wp:featuredmedia":[{"embeddable":true,"href":"https:\/\/www.gossip.it\/api\/wp\/v2\/media\/97805"}],"wp:attachment":[{"href":"https:\/\/www.gossip.it\/api\/wp\/v2\/media?parent=41759"}],"wp:term":[{"taxonomy":"category","embeddable":true,"href":"https:\/\/www.gossip.it\/api\/wp\/v2\/categories?post=41759"},{"taxonomy":"post_tag","embeddable":true,"href":"https:\/\/www.gossip.it\/api\/wp\/v2\/tags?post=41759"},{"taxonomy":"vip","embeddable":true,"href":"https:\/\/www.gossip.it\/api\/wp\/v2\/vip?post=41759"}],"curies":[{"name":"wp","href":"https:\/\/api.w.org\/{rel}","templated":true}]}}