{"id":41843,"date":"2013-10-01T00:00:00","date_gmt":"2013-09-30T22:00:00","guid":{"rendered":"https:\/\/www.gossip.it\/senza-categoria\/gli-anni-felici-di-micaela-ramazzotti\/"},"modified":"2013-10-01T00:00:00","modified_gmt":"2013-09-30T22:00:00","slug":"gli-anni-felici-di-micaela-ramazzotti","status":"publish","type":"post","link":"https:\/\/www.gossip.it\/news\/gli-anni-felici-di-micaela-ramazzotti\/","title":{"rendered":"Gli 'Anni Felici' di Micaela Ramazzotti"},"content":{"rendered":"<p>Il prossimo 3 ottobre sar\u00e0 di nuovo al cinema con <b>\u201cAnni Felici\u201d<\/b>: <a href=\"http:\/\/www.gossip.it\/news\/monografia.php?keyword=Micaela Ramazzotti\">Micaela Ramazzotti<\/a>, cinta da un abito a quadretti gialli e neri, ha presentato la pellicola a Roma insieme al regista <a href=\"http:\/\/www.gossip.it\/news\/monografia.php?keyword=Daniele Luchetti\">Daniele Luchetti<\/a>, il suo co-protagonista <a href=\"http:\/\/www.gossip.it\/news\/monografia.php?keyword=Kim Rossi Stuart\">Kim Rossi Stuart<\/a> e <b>Martina Gedeck<\/b>.<br \/>\nIl film \u00e8 ambientato negli Anni \u201870 e narra la storia di una coppia, lui \u00e8 un aspirante artista d\u2019avanguardia, ripresi ogni giorno dai due figli che ne documentano cos\u00ec i tradimenti, le attrazioni erotiche e i colpi di testa.<\/p>\n<p>Micaela, mamma di due bimbi avuti dal regista Paolo Virz\u00ec, in un\u2019intervista rilasciata a <em>Vanity Fair<\/em> ha detto che forse, rispetto ad oggi, essere madre negli Anni \u201870  sarebbe stato pi\u00f9 facile: <em>\u201c<b>C'era differenza nell'educare i figli. Si dava meno peso a questi \"ragazzini\". Che infatti erano meno capricciosi. Se facevano capricci gli si davano anche botte, in quegli ann<\/b>i. Ora, invece, e parlo da genitore, loro sono i piccoli imperatori in casa. Noi compriamo manuali per capire come comportarci. Invece a me sembra che i figli degli anni '70 siano cresciuti bene. Ma parlo senza averli vissuti direttamente. Io sono nata nel '79...\u201d<\/em>.<\/p>\n<p>Descrivendo il suo personaggio, l\u2019attrice ha aggiunto: <em>\u201cSiamo ancora immersi dentro una societ\u00e0 maschilista: le donne devono lottare su tutto, anche solo per farsi rispettare. Per imporre le loro idee, per essere considerate. Nei veri gruppi di potere le donne sono marginali, non solo in politica, in tutte le professioni. Essere se stesse e mostrarsi per quello che si \u00e8, \u00e8 la cosa pi\u00f9 difficile: ora tutto \u00e8 costruito, proprio come il personaggio che interpreto. Lei \u00e8 tormentata, e non vive certo la sua storia d'amore in maniera lineare e pura\u201d<\/em>.  E alla domanda se le storie d\u2019amore sono destinate ad essere sempre pi\u00f9 complesse, ha risposto: <em>\u201cCerto: la crisi, la confusione sulle regole, la situazione attuale che leggiamo su tutti i giornali, non agevolano certo la spensieratezza o la normalit\u00e0. Ma non \u00e8 solo un problema di questi anni, tant\u2019\u00e8 che anche in questo film c'\u00e8 una donna che soffre, che ha paura, che non ha la consapevolezza completa di quello che fa. Anni felici mi ha dato diversi spunti di riflessione, che affrontano molti di quei temi che viviamo ancora oggi\u201d<\/em>.<\/p>\n<p>Micaela ha anche rivelato che durante la riprese <b>ha girato parecchie scene spinte con Kim Rossi Stuart<\/b>, annunciando, per\u00f2, che sono state tagliate.<\/p>\n","protected":false},"excerpt":{"rendered":"<p>Il prossimo 3 ottobre sar\u00e0 di nuovo al cinema con \u201cAnni Felici\u201d: Micaela Ramazzotti, cinta da un abito a quadretti gialli e neri, ha presentato la pellicola a Roma insieme al regista Daniele Luchetti, il suo co-protagonista Kim Rossi Stuart e Martina Gedeck. Il film \u00e8 ambientato negli Anni \u201870 e narra la storia di [&hellip;]<\/p>\n","protected":false},"author":1,"featured_media":97889,"comment_status":"closed","ping_status":"closed","sticky":false,"template":"","format":"standard","meta":{"footnotes":""},"categories":[54],"tags":[8125,2102,1976,15501,1879],"vip":[560,1064,1340],"class_list":["post-41843","post","type-post","status-publish","format-standard","has-post-thumbnail","hentry","category-news","tag-anni-felici","tag-dichiarazioni","tag-film","tag-martina-gedeck","tag-roma","vip-daniele_luchetti","vip-kim_rossi_stuart","vip-micaela_ramazzotti"],"yoast_head":"<title>Gli &#039;Anni Felici&#039; di Micaela Ramazzotti - Gossip.it | News sul Gossip e VIP<\/title>\n<meta name=\"description\" content=\"Il prossimo 3 ottobre sar\u00e0 di nuovo al cinema con \u201cAnni Felici\u201d: Micaela Ramazzotti, cinta da un abito a quadretti gialli e neri, ha presentato la\" \/>\n<meta name=\"robots\" content=\"index, follow, max-snippet:-1, max-image-preview:large, max-video-preview:-1\" \/>\n<link rel=\"canonical\" href=\"https:\/\/www.gossip.it\/news\/gli-anni-felici-di-micaela-ramazzotti\/\" \/>\n<meta property=\"og:locale\" content=\"it_IT\" \/>\n<meta property=\"og:type\" content=\"article\" \/>\n<meta property=\"og:title\" content=\"Gli &#039;Anni Felici&#039; di Micaela Ramazzotti - Gossip.it | News sul Gossip e VIP\" \/>\n<meta property=\"og:description\" content=\"Il prossimo 3 ottobre sar\u00e0 di nuovo al cinema con \u201cAnni Felici\u201d: Micaela Ramazzotti, cinta da un abito a quadretti gialli e neri, ha presentato la\" \/>\n<meta property=\"og:url\" content=\"https:\/\/www.gossip.it\/news\/gli-anni-felici-di-micaela-ramazzotti\/\" \/>\n<meta property=\"og:site_name\" content=\"Gossip.it | News sul Gossip e VIP\" \/>\n<meta property=\"article:publisher\" content=\"https:\/\/www.facebook.com\/GossipIT\" \/>\n<meta property=\"article:published_time\" content=\"2013-09-30T22:00:00+00:00\" \/>\n<meta property=\"og:image\" content=\"http:\/\/www.gossip.it\/images5\/1380631962_.jpg\" \/>\n<meta name=\"author\" content=\"La Redazione\" \/>\n<meta name=\"twitter:card\" content=\"summary_large_image\" \/>\n<meta name=\"twitter:image\" content=\"http:\/\/www.gossip.it\/images5\/1380631962_.jpg\" \/>\n<meta name=\"twitter:creator\" content=\"@gossinews_it\" \/>\n<meta name=\"twitter:site\" content=\"@gossinews_it\" \/>\n<meta name=\"twitter:label1\" content=\"Scritto da\" \/>\n\t<meta name=\"twitter:data1\" content=\"Francesca Romana Domenici\" \/>\n\t<meta name=\"twitter:label2\" content=\"Tempo di lettura stimato\" \/>\n\t<meta name=\"twitter:data2\" content=\"2 minuti\" \/>","yoast_head_json":{"title":"Gli 'Anni Felici' di Micaela Ramazzotti - Gossip.it | News sul Gossip e VIP","description":"Il prossimo 3 ottobre sar\u00e0 di nuovo al cinema con \u201cAnni Felici\u201d: Micaela Ramazzotti, cinta da un abito a quadretti gialli e neri, ha presentato la","robots":{"index":"index","follow":"follow","max-snippet":"max-snippet:-1","max-image-preview":"max-image-preview:large","max-video-preview":"max-video-preview:-1"},"canonical":"https:\/\/www.gossip.it\/news\/gli-anni-felici-di-micaela-ramazzotti\/","og_locale":"it_IT","og_type":"article","og_title":"Gli 'Anni Felici' di Micaela Ramazzotti - Gossip.it | News sul Gossip e VIP","og_description":"Il prossimo 3 ottobre sar\u00e0 di nuovo al cinema con \u201cAnni Felici\u201d: Micaela Ramazzotti, cinta da un abito a quadretti gialli e neri, ha presentato la","og_url":"https:\/\/www.gossip.it\/news\/gli-anni-felici-di-micaela-ramazzotti\/","og_site_name":"Gossip.it | News sul Gossip e VIP","article_publisher":"https:\/\/www.facebook.com\/GossipIT","article_published_time":"2013-09-30T22:00:00+00:00","og_image":[{"url":"http:\/\/www.gossip.it\/images5\/1380631962_.jpg"}],"author":"La Redazione","twitter_card":"summary_large_image","twitter_image":"http:\/\/www.gossip.it\/images5\/1380631962_.jpg","twitter_creator":"@gossinews_it","twitter_site":"@gossinews_it","twitter_misc":{"Scritto da":"Francesca Romana Domenici","Tempo di lettura stimato":"2 minuti"},"schema":{"@context":"https:\/\/schema.org","@graph":[{"@type":"Article","@id":"https:\/\/www.gossip.it\/news\/gli-anni-felici-di-micaela-ramazzotti\/#article","isPartOf":{"@id":"https:\/\/www.gossip.it\/news\/gli-anni-felici-di-micaela-ramazzotti\/"},"author":{"name":"La Redazione","@id":"https:\/\/www.gossip.it\/#\/schema\/person\/488896f75158bff1cc83c6c39d141110"},"headline":"Gli 'Anni Felici' di Micaela Ramazzotti","datePublished":"2013-09-30T22:00:00+00:00","dateModified":"2013-09-30T22:00:00+00:00","mainEntityOfPage":{"@id":"https:\/\/www.gossip.it\/news\/gli-anni-felici-di-micaela-ramazzotti\/"},"wordCount":394,"publisher":{"@id":"https:\/\/www.gossip.it\/#organization"},"image":{"@id":"https:\/\/www.gossip.it\/news\/gli-anni-felici-di-micaela-ramazzotti\/#primaryimage"},"thumbnailUrl":"http:\/\/www.gossip.it\/images5\/1380631962_.jpg","keywords":["anni felici","dichiarazioni","film","Martina Gedeck","roma"],"articleSection":["News"],"inLanguage":"it-IT"},{"@type":"WebPage","@id":"https:\/\/www.gossip.it\/news\/gli-anni-felici-di-micaela-ramazzotti\/","url":"https:\/\/www.gossip.it\/news\/gli-anni-felici-di-micaela-ramazzotti\/","name":"Gli 'Anni Felici' di Micaela Ramazzotti - Gossip.it | News sul Gossip e VIP","isPartOf":{"@id":"https:\/\/www.gossip.it\/#website"},"primaryImageOfPage":{"@id":"https:\/\/www.gossip.it\/news\/gli-anni-felici-di-micaela-ramazzotti\/#primaryimage"},"image":{"@id":"https:\/\/www.gossip.it\/news\/gli-anni-felici-di-micaela-ramazzotti\/#primaryimage"},"thumbnailUrl":"http:\/\/www.gossip.it\/images5\/1380631962_.jpg","datePublished":"2013-09-30T22:00:00+00:00","dateModified":"2013-09-30T22:00:00+00:00","description":"Il prossimo 3 ottobre sar\u00e0 di nuovo al cinema con \u201cAnni Felici\u201d: Micaela Ramazzotti, cinta da un abito a quadretti gialli e neri, ha presentato la","breadcrumb":{"@id":"https:\/\/www.gossip.it\/news\/gli-anni-felici-di-micaela-ramazzotti\/#breadcrumb"},"inLanguage":"it-IT","potentialAction":[{"@type":"ReadAction","target":["https:\/\/www.gossip.it\/news\/gli-anni-felici-di-micaela-ramazzotti\/"]}]},{"@type":"ImageObject","inLanguage":"it-IT","@id":"https:\/\/www.gossip.it\/news\/gli-anni-felici-di-micaela-ramazzotti\/#primaryimage","url":"http:\/\/www.gossip.it\/images5\/1380631962_.jpg","contentUrl":"http:\/\/www.gossip.it\/images5\/1380631962_.jpg"},{"@type":"BreadcrumbList","@id":"https:\/\/www.gossip.it\/news\/gli-anni-felici-di-micaela-ramazzotti\/#breadcrumb","itemListElement":[{"@type":"ListItem","position":1,"name":"Home","item":"https:\/\/www.gossip.it\/"},{"@type":"ListItem","position":2,"name":"Gli 'Anni Felici' di Micaela Ramazzotti"}]},{"@type":"WebSite","@id":"https:\/\/www.gossip.it\/#website","url":"https:\/\/www.gossip.it\/","name":"Gossip and VIP News","description":"Quotidiano di cronaca rosa, costume e societ\u00e0","publisher":{"@id":"https:\/\/www.gossip.it\/#organization"},"alternateName":"Gossip and VIP News","potentialAction":[{"@type":"SearchAction","target":{"@type":"EntryPoint","urlTemplate":"https:\/\/www.gossip.it\/?s={search_term_string}"},"query-input":{"@type":"PropertyValueSpecification","valueRequired":true,"valueName":"search_term_string"}}],"inLanguage":"it-IT"},{"@type":"Organization","@id":"https:\/\/www.gossip.it\/#organization","name":"Gossip and VIP News","alternateName":"Gossip News","url":"https:\/\/www.gossip.it\/","logo":{"@type":"ImageObject","inLanguage":"it-IT","@id":"https:\/\/www.gossip.it\/#\/schema\/logo\/image\/","url":"https:\/\/www.gossip.it\/wp-content\/uploads\/2022\/04\/cropped-corna-alta-tiny.png","contentUrl":"https:\/\/www.gossip.it\/wp-content\/uploads\/2022\/04\/cropped-corna-alta-tiny.png","width":512,"height":512,"caption":"Gossip and VIP News"},"image":{"@id":"https:\/\/www.gossip.it\/#\/schema\/logo\/image\/"},"sameAs":["https:\/\/www.facebook.com\/GossipIT","https:\/\/x.com\/gossinews_it","https:\/\/instagram.com\/gossip_it"]},{"@type":"Person","@id":"https:\/\/www.gossip.it\/#\/schema\/person\/488896f75158bff1cc83c6c39d141110","name":"La Redazione","image":{"@type":"ImageObject","inLanguage":"it-IT","@id":"https:\/\/www.gossip.it\/#\/schema\/person\/image\/","url":"https:\/\/secure.gravatar.com\/avatar\/5a5f5c6fa3e6700e4249abdad0263a1e94e927d9e0499b1cb09c1cd29c044d80?s=96&d=mm&r=g","contentUrl":"https:\/\/secure.gravatar.com\/avatar\/5a5f5c6fa3e6700e4249abdad0263a1e94e927d9e0499b1cb09c1cd29c044d80?s=96&d=mm&r=g","caption":"La Redazione"},"sameAs":["https:\/\/www.gossip.it"]}]}},"amp_enabled":true,"_links":{"self":[{"href":"https:\/\/www.gossip.it\/api\/wp\/v2\/posts\/41843","targetHints":{"allow":["GET"]}}],"collection":[{"href":"https:\/\/www.gossip.it\/api\/wp\/v2\/posts"}],"about":[{"href":"https:\/\/www.gossip.it\/api\/wp\/v2\/types\/post"}],"author":[{"embeddable":true,"href":"https:\/\/www.gossip.it\/api\/wp\/v2\/users\/1"}],"replies":[{"embeddable":true,"href":"https:\/\/www.gossip.it\/api\/wp\/v2\/comments?post=41843"}],"version-history":[{"count":0,"href":"https:\/\/www.gossip.it\/api\/wp\/v2\/posts\/41843\/revisions"}],"wp:featuredmedia":[{"embeddable":true,"href":"https:\/\/www.gossip.it\/api\/wp\/v2\/media\/97889"}],"wp:attachment":[{"href":"https:\/\/www.gossip.it\/api\/wp\/v2\/media?parent=41843"}],"wp:term":[{"taxonomy":"category","embeddable":true,"href":"https:\/\/www.gossip.it\/api\/wp\/v2\/categories?post=41843"},{"taxonomy":"post_tag","embeddable":true,"href":"https:\/\/www.gossip.it\/api\/wp\/v2\/tags?post=41843"},{"taxonomy":"vip","embeddable":true,"href":"https:\/\/www.gossip.it\/api\/wp\/v2\/vip?post=41843"}],"curies":[{"name":"wp","href":"https:\/\/api.w.org\/{rel}","templated":true}]}}