{"id":42219,"date":"2013-10-18T00:00:00","date_gmt":"2013-10-17T22:00:00","guid":{"rendered":"https:\/\/www.gossip.it\/senza-categoria\/mara-carfagna-prima-uscita-pubblica-con-ruben\/"},"modified":"2013-10-18T00:00:00","modified_gmt":"2013-10-17T22:00:00","slug":"mara-carfagna-prima-uscita-pubblica-con-ruben","status":"publish","type":"post","link":"https:\/\/www.gossip.it\/news\/mara-carfagna-prima-uscita-pubblica-con-ruben\/","title":{"rendered":"Mara Carfagna, prima uscita pubblica con Ruben"},"content":{"rendered":"<p>Non hanno voluto perdersi la prima al Gran Teatro a Roma del musical <b>\"Romeo e Giulietta\"<\/b>, con protagonisti <a href=\"http:\/\/www.gossip.it\/news\/monografia.php?keyword=Davide Merlini\">Davide Merlini<\/a>, ex concorrente dell'edizione 2012 di <b>\"X Factor\"<\/b>, e <a href=\"http:\/\/www.gossip.it\/news\/monografia.php?keyword=Giulia Luzi\">Giulia Luzi<\/a>. <a href=\"http:\/\/www.gossip.it\/news\/monografia.php?keyword=Mara Carfagna\">Mara Carfagna<\/a> e <a href=\"http:\/\/www.gossip.it\/news\/monografia.php?keyword=Alessandro Ruben\">Alessandro Ruben<\/a> sono arrivati insieme e si sono seduti l'una vicino all'altro in prima fila in platea.<br \/>\nE' la prima uscita pubblica dell'ex ministro del Pdl insieme al nuovo compagno, politico e avvocato 47enne, dopo la separazione da <a href=\"http:\/\/www.gossip.it\/news\/monografia.php?keyword=Marco Mezzaroma\">Marco Mezzaroma<\/a>.<\/p>\n<p>I due erano stati paparazzati lo scorso gennaio. La loro storia d'amore \u00e8 venuta cos\u00ec allo scoperto. Alessandro, pure lui separato da poco tempo, con Mara aveva fondato l'associazione <b>\"Diritti in cammino\"<\/b>. La loro amicizia, pian piano, si \u00e8 trasformata in un legame molto pi\u00f9 forte e pieno di sentimento. Mara a 37 anni \u00e8 tornata a sorridere.<\/p>\n","protected":false},"excerpt":{"rendered":"<p>Non hanno voluto perdersi la prima al Gran Teatro a Roma del musical \"Romeo e Giulietta\", con protagonisti Davide Merlini, ex concorrente dell'edizione 2012 di \"X Factor\", e Giulia Luzi. Mara Carfagna e Alessandro Ruben sono arrivati insieme e si sono seduti l'una vicino all'altro in prima fila in platea. E' la prima uscita pubblica [&hellip;]<\/p>\n","protected":false},"author":1,"featured_media":98265,"comment_status":"closed","ping_status":"closed","sticky":false,"template":"","format":"standard","meta":{"footnotes":""},"categories":[54],"tags":[38559,2140,35052,6988,2568],"vip":[267,1194,1219],"class_list":["post-42219","post","type-post","status-publish","format-standard","has-post-thumbnail","hentry","category-news","tag-deputata","tag-flirt","tag-futuro-e-liberta","tag-pdl","tag-protagonisti","vip-alessandro_ruben","vip-mara_carfagna","vip-marco_mezzaroma"],"yoast_head":"<title>Mara Carfagna, prima uscita pubblica con Ruben - Gossip.it | News sul Gossip e VIP<\/title>\n<meta name=\"description\" content=\"Non hanno voluto perdersi la prima al Gran Teatro a Roma del musical &quot;Romeo e Giulietta&quot;, con protagonisti Davide Merlini, ex concorrente dell&#039;edizione\" \/>\n<meta name=\"robots\" content=\"index, follow, max-snippet:-1, max-image-preview:large, max-video-preview:-1\" \/>\n<link rel=\"canonical\" href=\"https:\/\/www.gossip.it\/news\/mara-carfagna-prima-uscita-pubblica-con-ruben\/\" \/>\n<meta property=\"og:locale\" content=\"it_IT\" \/>\n<meta property=\"og:type\" content=\"article\" \/>\n<meta property=\"og:title\" content=\"Mara Carfagna, prima uscita pubblica con Ruben - Gossip.it | News sul Gossip e VIP\" \/>\n<meta property=\"og:description\" content=\"Non hanno voluto perdersi la prima al Gran Teatro a Roma del musical &quot;Romeo e Giulietta&quot;, con protagonisti Davide Merlini, ex concorrente dell&#039;edizione\" \/>\n<meta property=\"og:url\" content=\"https:\/\/www.gossip.it\/news\/mara-carfagna-prima-uscita-pubblica-con-ruben\/\" \/>\n<meta property=\"og:site_name\" content=\"Gossip.it | News sul Gossip e VIP\" \/>\n<meta property=\"article:publisher\" content=\"https:\/\/www.facebook.com\/GossipIT\" \/>\n<meta property=\"article:published_time\" content=\"2013-10-17T22:00:00+00:00\" \/>\n<meta property=\"og:image\" content=\"http:\/\/www.gossip.it\/images5\/1382091249_.jpg\" \/>\n<meta name=\"author\" content=\"La Redazione\" \/>\n<meta name=\"twitter:card\" content=\"summary_large_image\" \/>\n<meta name=\"twitter:image\" content=\"http:\/\/www.gossip.it\/images5\/1382091249_.jpg\" \/>\n<meta name=\"twitter:creator\" content=\"@gossinews_it\" \/>\n<meta name=\"twitter:site\" content=\"@gossinews_it\" \/>\n<meta name=\"twitter:label1\" content=\"Scritto da\" \/>\n\t<meta name=\"twitter:data1\" content=\"Annamaria Capozzi\" \/>\n\t<meta name=\"twitter:label2\" content=\"Tempo di lettura stimato\" \/>\n\t<meta name=\"twitter:data2\" content=\"1 minuto\" \/>","yoast_head_json":{"title":"Mara Carfagna, prima uscita pubblica con Ruben - Gossip.it | News sul Gossip e VIP","description":"Non hanno voluto perdersi la prima al Gran Teatro a Roma del musical \"Romeo e Giulietta\", con protagonisti Davide Merlini, ex concorrente dell'edizione","robots":{"index":"index","follow":"follow","max-snippet":"max-snippet:-1","max-image-preview":"max-image-preview:large","max-video-preview":"max-video-preview:-1"},"canonical":"https:\/\/www.gossip.it\/news\/mara-carfagna-prima-uscita-pubblica-con-ruben\/","og_locale":"it_IT","og_type":"article","og_title":"Mara Carfagna, prima uscita pubblica con Ruben - Gossip.it | News sul Gossip e VIP","og_description":"Non hanno voluto perdersi la prima al Gran Teatro a Roma del musical \"Romeo e Giulietta\", con protagonisti Davide Merlini, ex concorrente dell'edizione","og_url":"https:\/\/www.gossip.it\/news\/mara-carfagna-prima-uscita-pubblica-con-ruben\/","og_site_name":"Gossip.it | News sul Gossip e VIP","article_publisher":"https:\/\/www.facebook.com\/GossipIT","article_published_time":"2013-10-17T22:00:00+00:00","og_image":[{"url":"http:\/\/www.gossip.it\/images5\/1382091249_.jpg"}],"author":"La Redazione","twitter_card":"summary_large_image","twitter_image":"http:\/\/www.gossip.it\/images5\/1382091249_.jpg","twitter_creator":"@gossinews_it","twitter_site":"@gossinews_it","twitter_misc":{"Scritto da":"Annamaria Capozzi","Tempo di lettura stimato":"1 minuto"},"schema":{"@context":"https:\/\/schema.org","@graph":[{"@type":"Article","@id":"https:\/\/www.gossip.it\/news\/mara-carfagna-prima-uscita-pubblica-con-ruben\/#article","isPartOf":{"@id":"https:\/\/www.gossip.it\/news\/mara-carfagna-prima-uscita-pubblica-con-ruben\/"},"author":{"name":"La Redazione","@id":"https:\/\/www.gossip.it\/#\/schema\/person\/488896f75158bff1cc83c6c39d141110"},"headline":"Mara Carfagna, prima uscita pubblica con Ruben","datePublished":"2013-10-17T22:00:00+00:00","dateModified":"2013-10-17T22:00:00+00:00","mainEntityOfPage":{"@id":"https:\/\/www.gossip.it\/news\/mara-carfagna-prima-uscita-pubblica-con-ruben\/"},"wordCount":139,"publisher":{"@id":"https:\/\/www.gossip.it\/#organization"},"image":{"@id":"https:\/\/www.gossip.it\/news\/mara-carfagna-prima-uscita-pubblica-con-ruben\/#primaryimage"},"thumbnailUrl":"http:\/\/www.gossip.it\/images5\/1382091249_.jpg","keywords":["deputata","flirt","futuro e libert\u00e0","pdl","protagonisti"],"articleSection":["News"],"inLanguage":"it-IT"},{"@type":"WebPage","@id":"https:\/\/www.gossip.it\/news\/mara-carfagna-prima-uscita-pubblica-con-ruben\/","url":"https:\/\/www.gossip.it\/news\/mara-carfagna-prima-uscita-pubblica-con-ruben\/","name":"Mara Carfagna, prima uscita pubblica con Ruben - Gossip.it | News sul Gossip e VIP","isPartOf":{"@id":"https:\/\/www.gossip.it\/#website"},"primaryImageOfPage":{"@id":"https:\/\/www.gossip.it\/news\/mara-carfagna-prima-uscita-pubblica-con-ruben\/#primaryimage"},"image":{"@id":"https:\/\/www.gossip.it\/news\/mara-carfagna-prima-uscita-pubblica-con-ruben\/#primaryimage"},"thumbnailUrl":"http:\/\/www.gossip.it\/images5\/1382091249_.jpg","datePublished":"2013-10-17T22:00:00+00:00","dateModified":"2013-10-17T22:00:00+00:00","description":"Non hanno voluto perdersi la prima al Gran Teatro a Roma del musical \"Romeo e Giulietta\", con protagonisti Davide Merlini, ex concorrente dell'edizione","breadcrumb":{"@id":"https:\/\/www.gossip.it\/news\/mara-carfagna-prima-uscita-pubblica-con-ruben\/#breadcrumb"},"inLanguage":"it-IT","potentialAction":[{"@type":"ReadAction","target":["https:\/\/www.gossip.it\/news\/mara-carfagna-prima-uscita-pubblica-con-ruben\/"]}]},{"@type":"ImageObject","inLanguage":"it-IT","@id":"https:\/\/www.gossip.it\/news\/mara-carfagna-prima-uscita-pubblica-con-ruben\/#primaryimage","url":"http:\/\/www.gossip.it\/images5\/1382091249_.jpg","contentUrl":"http:\/\/www.gossip.it\/images5\/1382091249_.jpg"},{"@type":"BreadcrumbList","@id":"https:\/\/www.gossip.it\/news\/mara-carfagna-prima-uscita-pubblica-con-ruben\/#breadcrumb","itemListElement":[{"@type":"ListItem","position":1,"name":"Home","item":"https:\/\/www.gossip.it\/"},{"@type":"ListItem","position":2,"name":"Mara Carfagna, prima uscita pubblica con Ruben"}]},{"@type":"WebSite","@id":"https:\/\/www.gossip.it\/#website","url":"https:\/\/www.gossip.it\/","name":"Gossip and VIP News","description":"Quotidiano di cronaca rosa, costume e societ\u00e0","publisher":{"@id":"https:\/\/www.gossip.it\/#organization"},"alternateName":"Gossip and VIP News","potentialAction":[{"@type":"SearchAction","target":{"@type":"EntryPoint","urlTemplate":"https:\/\/www.gossip.it\/?s={search_term_string}"},"query-input":{"@type":"PropertyValueSpecification","valueRequired":true,"valueName":"search_term_string"}}],"inLanguage":"it-IT"},{"@type":"Organization","@id":"https:\/\/www.gossip.it\/#organization","name":"Gossip and VIP News","alternateName":"Gossip News","url":"https:\/\/www.gossip.it\/","logo":{"@type":"ImageObject","inLanguage":"it-IT","@id":"https:\/\/www.gossip.it\/#\/schema\/logo\/image\/","url":"https:\/\/www.gossip.it\/wp-content\/uploads\/2022\/04\/cropped-corna-alta-tiny.png","contentUrl":"https:\/\/www.gossip.it\/wp-content\/uploads\/2022\/04\/cropped-corna-alta-tiny.png","width":512,"height":512,"caption":"Gossip and VIP News"},"image":{"@id":"https:\/\/www.gossip.it\/#\/schema\/logo\/image\/"},"sameAs":["https:\/\/www.facebook.com\/GossipIT","https:\/\/x.com\/gossinews_it","https:\/\/instagram.com\/gossip_it"]},{"@type":"Person","@id":"https:\/\/www.gossip.it\/#\/schema\/person\/488896f75158bff1cc83c6c39d141110","name":"La Redazione","image":{"@type":"ImageObject","inLanguage":"it-IT","@id":"https:\/\/www.gossip.it\/#\/schema\/person\/image\/","url":"https:\/\/secure.gravatar.com\/avatar\/5a5f5c6fa3e6700e4249abdad0263a1e94e927d9e0499b1cb09c1cd29c044d80?s=96&d=mm&r=g","contentUrl":"https:\/\/secure.gravatar.com\/avatar\/5a5f5c6fa3e6700e4249abdad0263a1e94e927d9e0499b1cb09c1cd29c044d80?s=96&d=mm&r=g","caption":"La Redazione"},"sameAs":["https:\/\/www.gossip.it"]}]}},"amp_enabled":true,"_links":{"self":[{"href":"https:\/\/www.gossip.it\/api\/wp\/v2\/posts\/42219","targetHints":{"allow":["GET"]}}],"collection":[{"href":"https:\/\/www.gossip.it\/api\/wp\/v2\/posts"}],"about":[{"href":"https:\/\/www.gossip.it\/api\/wp\/v2\/types\/post"}],"author":[{"embeddable":true,"href":"https:\/\/www.gossip.it\/api\/wp\/v2\/users\/1"}],"replies":[{"embeddable":true,"href":"https:\/\/www.gossip.it\/api\/wp\/v2\/comments?post=42219"}],"version-history":[{"count":0,"href":"https:\/\/www.gossip.it\/api\/wp\/v2\/posts\/42219\/revisions"}],"wp:featuredmedia":[{"embeddable":true,"href":"https:\/\/www.gossip.it\/api\/wp\/v2\/media\/98265"}],"wp:attachment":[{"href":"https:\/\/www.gossip.it\/api\/wp\/v2\/media?parent=42219"}],"wp:term":[{"taxonomy":"category","embeddable":true,"href":"https:\/\/www.gossip.it\/api\/wp\/v2\/categories?post=42219"},{"taxonomy":"post_tag","embeddable":true,"href":"https:\/\/www.gossip.it\/api\/wp\/v2\/tags?post=42219"},{"taxonomy":"vip","embeddable":true,"href":"https:\/\/www.gossip.it\/api\/wp\/v2\/vip?post=42219"}],"curies":[{"name":"wp","href":"https:\/\/api.w.org\/{rel}","templated":true}]}}