{"id":42254,"date":"2013-10-21T00:00:00","date_gmt":"2013-10-20T22:00:00","guid":{"rendered":"https:\/\/www.gossip.it\/senza-categoria\/federica-panicucci-con-elia-e-pierpaolo\/"},"modified":"2013-10-21T00:00:00","modified_gmt":"2013-10-20T22:00:00","slug":"federica-panicucci-con-elia-e-pierpaolo","status":"publish","type":"post","link":"https:\/\/www.gossip.it\/news\/federica-panicucci-con-elia-e-pierpaolo\/","title":{"rendered":"Federica Panicucci con Elia e Pierpaolo"},"content":{"rendered":"<p><a href=\"http:\/\/www.gossip.it\/news\/monografia.php?keyword=Federica Panicucci\">Federica Panicucci<\/a> ce li ha avuti accanto a <b>Mattino 5<\/b>. Poi, postando su <b>Instagram<\/b> la foto in cui posava insieme a loro (<a href=\"http:\/\/www.gossip.it\/news\/asc_showfoto.php?ID=1382356340\"><b><u>per ingrandire clicca qui<\/u><\/b><\/a>), ha chiesto: <em>\"Vi piacciono?\"<\/em>. I ragazzi in questione sono <a href=\"http:\/\/www.gossip.it\/news\/monografia.php?keyword=Elia Fongaro\">Elia Fongaro<\/a> e <a href=\"http:\/\/www.gossip.it\/news\/monografia.php?keyword=Pierpaolo Petrelli\">Pierpaolo Petrelli<\/a>, i velini di <em>\"<a href=\"http:\/\/www.gossip.it\/news\/monografia.php?keyword=Striscia la notizia\">Striscia la notizia<\/a>\"<\/em>, andati <em>'in pensione'<\/em> dopo appena tre settimane per far rientrare in gioco le pi\u00f9 classiche e forse accattivanti <a href=\"http:\/\/www.gossip.it\/news\/monografia.php?keyword=veline\">veline<\/a>.<\/p>\n<p>Il biondo e il moro se ne sono andati non senza recriminazioni. <em>\"Sarebbe stato bello restare un po' di pi\u00f9 sul bancone di 'Striscia la notizia'. Tre settimane sono poche. Per\u00f2, non \u00e8 detto che sia finita: magari torneremo<\/em> - hanno confessato a <b>Di Pi\u00f9<\/b> - <em>Nel nostro contratto era prevista la possibilit\u00e0 che, dopo tre settimane, finisse tutto: questo lo sapevamo\"<\/em>. Sentono comunque di aver lasciato il segno: <b><em>\"A modo nostro, siamo gi\u00e0 entrati nella storia della TV: infatti, saremo sempre ricordati come i velini, i primi uomini a occupare questo ruolo dopo venticinque anni di donne\"<\/em><\/b>.<br \/>\nElia e Pierpaolo hanno saputo della <em>'cacciata'<\/em> <b><em>\"un paio di giorni prima dell'ultima puntata\"<\/em><\/b>: <em>\"Un po' di dispiacere c'\u00e8 stato, certamente. E' normale. E' stata una esperienza fantastica: chi non sarebbe stato triste a dire addio a quell' ambiente?\"<\/em>. Guardando le nuove veline danzare sul bancone al loro posto, hanno provato malinconia . Ora l'unica cosa che vogliono, non rimanere associati al ruolo: <b><em>\"Star\u00e0 a noi, alle nostre capacit\u00e0 fare in modo che questa immagine di velini venga meno. Riuscire a fare si che, oltre alla bellezza, si percepisca anche il resto\"<\/em><\/b>. Desiderano ancora i riflettori della tv. <em>\"Beh, non si pu\u00f2 negare che questa avventura in tv la vita ce l'ha cambiata<\/em> - ha chiarito Pierpaolo - <em><b>Ora ci riconoscono per strada, ci si \u00e8 aperta la possibilit\u00e0 di diventare attori. E' stato un trampolino di lancio importante e sarebbe sciocco non sfruttarlo. Ma questo non significa rinunciare agli studi<\/b>: ho gi\u00e0 fatto una quindicina di esami e me ne mancano una decina per laureami in Legge. Sarebbe un peccato non finire. Gi\u00e0 a novembre dar\u00f2 l'esame di Diritto amministrativo. Cercher\u00f2 di conciliare le due cose: star\u00f2 un po' a Roma per seguire l'universit\u00e0 e un po' a Milano per fare provini e per i corsi di recitazione e di dizione. Tanto a Milano ho chi mi ospita: Elia, che si mantiene qui come modello gi\u00e0 da un po': mi ha detto che la sua casa \u00e8 a mia disposizione\"<\/em>.<\/p>\n","protected":false},"excerpt":{"rendered":"<p>Federica Panicucci ce li ha avuti accanto a Mattino 5. Poi, postando su Instagram la foto in cui posava insieme a loro (per ingrandire clicca qui), ha chiesto: \"Vi piacciono?\". I ragazzi in questione sono Elia Fongaro e Pierpaolo Petrelli, i velini di \"Striscia la notizia\", andati 'in pensione' dopo appena tre settimane per far [&hellip;]<\/p>\n","protected":false},"author":1,"featured_media":98300,"comment_status":"closed","ping_status":"closed","sticky":false,"template":"","format":"standard","meta":{"footnotes":""},"categories":[54],"tags":[11841,2098,2102,2121,8340,5567,14009,2097,43101,5682],"vip":[640,731,1351,1838],"class_list":["post-42254","post","type-post","status-publish","format-standard","has-post-thumbnail","hentry","category-news","tag-antonio-ricci","tag-canale-5","tag-dichiarazioni","tag-instagram","tag-pierpaolo-petrelli","tag-striscia-la-notizia","tag-tg","tag-tv","tag-velini","tag-velino","vip-elia_fongaro","vip-federica_panicucci","vip-michelle_hunziker","vip-virginia_raffaele"],"yoast_head":"<title>Federica Panicucci con Elia e Pierpaolo - Gossip.it | News sul Gossip e VIP<\/title>\n<meta name=\"description\" content=\"Federica Panicucci ce li ha avuti accanto a Mattino 5. Poi, postando su Instagram la foto in cui posava insieme a loro (per ingrandire clicca qui), ha\" \/>\n<meta name=\"robots\" content=\"index, follow, max-snippet:-1, max-image-preview:large, max-video-preview:-1\" \/>\n<link rel=\"canonical\" href=\"https:\/\/www.gossip.it\/news\/federica-panicucci-con-elia-e-pierpaolo\/\" \/>\n<meta property=\"og:locale\" content=\"it_IT\" \/>\n<meta property=\"og:type\" content=\"article\" \/>\n<meta property=\"og:title\" content=\"Federica Panicucci con Elia e Pierpaolo - Gossip.it | News sul Gossip e VIP\" \/>\n<meta property=\"og:description\" content=\"Federica Panicucci ce li ha avuti accanto a Mattino 5. Poi, postando su Instagram la foto in cui posava insieme a loro (per ingrandire clicca qui), ha\" \/>\n<meta property=\"og:url\" content=\"https:\/\/www.gossip.it\/news\/federica-panicucci-con-elia-e-pierpaolo\/\" \/>\n<meta property=\"og:site_name\" content=\"Gossip.it | News sul Gossip e VIP\" \/>\n<meta property=\"article:publisher\" content=\"https:\/\/www.facebook.com\/GossipIT\" \/>\n<meta property=\"article:published_time\" content=\"2013-10-20T22:00:00+00:00\" \/>\n<meta property=\"og:image\" content=\"http:\/\/www.gossip.it\/images5\/1382356340_.jpg\" \/>\n<meta name=\"author\" content=\"La Redazione\" \/>\n<meta name=\"twitter:card\" content=\"summary_large_image\" \/>\n<meta name=\"twitter:image\" content=\"http:\/\/www.gossip.it\/images5\/1382356340_.jpg\" \/>\n<meta name=\"twitter:creator\" content=\"@gossinews_it\" \/>\n<meta name=\"twitter:site\" content=\"@gossinews_it\" \/>\n<meta name=\"twitter:label1\" content=\"Scritto da\" \/>\n\t<meta name=\"twitter:data1\" content=\"Annamaria Capozzi\" \/>\n\t<meta name=\"twitter:label2\" content=\"Tempo di lettura stimato\" \/>\n\t<meta name=\"twitter:data2\" content=\"2 minuti\" \/>","yoast_head_json":{"title":"Federica Panicucci con Elia e Pierpaolo - Gossip.it | News sul Gossip e VIP","description":"Federica Panicucci ce li ha avuti accanto a Mattino 5. Poi, postando su Instagram la foto in cui posava insieme a loro (per ingrandire clicca qui), ha","robots":{"index":"index","follow":"follow","max-snippet":"max-snippet:-1","max-image-preview":"max-image-preview:large","max-video-preview":"max-video-preview:-1"},"canonical":"https:\/\/www.gossip.it\/news\/federica-panicucci-con-elia-e-pierpaolo\/","og_locale":"it_IT","og_type":"article","og_title":"Federica Panicucci con Elia e Pierpaolo - Gossip.it | News sul Gossip e VIP","og_description":"Federica Panicucci ce li ha avuti accanto a Mattino 5. Poi, postando su Instagram la foto in cui posava insieme a loro (per ingrandire clicca qui), ha","og_url":"https:\/\/www.gossip.it\/news\/federica-panicucci-con-elia-e-pierpaolo\/","og_site_name":"Gossip.it | News sul Gossip e VIP","article_publisher":"https:\/\/www.facebook.com\/GossipIT","article_published_time":"2013-10-20T22:00:00+00:00","og_image":[{"url":"http:\/\/www.gossip.it\/images5\/1382356340_.jpg"}],"author":"La Redazione","twitter_card":"summary_large_image","twitter_image":"http:\/\/www.gossip.it\/images5\/1382356340_.jpg","twitter_creator":"@gossinews_it","twitter_site":"@gossinews_it","twitter_misc":{"Scritto da":"Annamaria Capozzi","Tempo di lettura stimato":"2 minuti"},"schema":{"@context":"https:\/\/schema.org","@graph":[{"@type":"Article","@id":"https:\/\/www.gossip.it\/news\/federica-panicucci-con-elia-e-pierpaolo\/#article","isPartOf":{"@id":"https:\/\/www.gossip.it\/news\/federica-panicucci-con-elia-e-pierpaolo\/"},"author":{"name":"La Redazione","@id":"https:\/\/www.gossip.it\/#\/schema\/person\/488896f75158bff1cc83c6c39d141110"},"headline":"Federica Panicucci con Elia e Pierpaolo","datePublished":"2013-10-20T22:00:00+00:00","dateModified":"2013-10-20T22:00:00+00:00","mainEntityOfPage":{"@id":"https:\/\/www.gossip.it\/news\/federica-panicucci-con-elia-e-pierpaolo\/"},"wordCount":410,"publisher":{"@id":"https:\/\/www.gossip.it\/#organization"},"image":{"@id":"https:\/\/www.gossip.it\/news\/federica-panicucci-con-elia-e-pierpaolo\/#primaryimage"},"thumbnailUrl":"http:\/\/www.gossip.it\/images5\/1382356340_.jpg","keywords":["antonio ricci","canale 5","dichiarazioni","instagram","Pierpaolo Petrelli","striscia la notizia","tg","tv","velini","velino"],"articleSection":["News"],"inLanguage":"it-IT"},{"@type":"WebPage","@id":"https:\/\/www.gossip.it\/news\/federica-panicucci-con-elia-e-pierpaolo\/","url":"https:\/\/www.gossip.it\/news\/federica-panicucci-con-elia-e-pierpaolo\/","name":"Federica Panicucci con Elia e Pierpaolo - Gossip.it | News sul Gossip e VIP","isPartOf":{"@id":"https:\/\/www.gossip.it\/#website"},"primaryImageOfPage":{"@id":"https:\/\/www.gossip.it\/news\/federica-panicucci-con-elia-e-pierpaolo\/#primaryimage"},"image":{"@id":"https:\/\/www.gossip.it\/news\/federica-panicucci-con-elia-e-pierpaolo\/#primaryimage"},"thumbnailUrl":"http:\/\/www.gossip.it\/images5\/1382356340_.jpg","datePublished":"2013-10-20T22:00:00+00:00","dateModified":"2013-10-20T22:00:00+00:00","description":"Federica Panicucci ce li ha avuti accanto a Mattino 5. Poi, postando su Instagram la foto in cui posava insieme a loro (per ingrandire clicca qui), ha","breadcrumb":{"@id":"https:\/\/www.gossip.it\/news\/federica-panicucci-con-elia-e-pierpaolo\/#breadcrumb"},"inLanguage":"it-IT","potentialAction":[{"@type":"ReadAction","target":["https:\/\/www.gossip.it\/news\/federica-panicucci-con-elia-e-pierpaolo\/"]}]},{"@type":"ImageObject","inLanguage":"it-IT","@id":"https:\/\/www.gossip.it\/news\/federica-panicucci-con-elia-e-pierpaolo\/#primaryimage","url":"http:\/\/www.gossip.it\/images5\/1382356340_.jpg","contentUrl":"http:\/\/www.gossip.it\/images5\/1382356340_.jpg"},{"@type":"BreadcrumbList","@id":"https:\/\/www.gossip.it\/news\/federica-panicucci-con-elia-e-pierpaolo\/#breadcrumb","itemListElement":[{"@type":"ListItem","position":1,"name":"Home","item":"https:\/\/www.gossip.it\/"},{"@type":"ListItem","position":2,"name":"Federica Panicucci con Elia e Pierpaolo"}]},{"@type":"WebSite","@id":"https:\/\/www.gossip.it\/#website","url":"https:\/\/www.gossip.it\/","name":"Gossip and VIP News","description":"Quotidiano di cronaca rosa, costume e societ\u00e0","publisher":{"@id":"https:\/\/www.gossip.it\/#organization"},"alternateName":"Gossip and VIP News","potentialAction":[{"@type":"SearchAction","target":{"@type":"EntryPoint","urlTemplate":"https:\/\/www.gossip.it\/?s={search_term_string}"},"query-input":{"@type":"PropertyValueSpecification","valueRequired":true,"valueName":"search_term_string"}}],"inLanguage":"it-IT"},{"@type":"Organization","@id":"https:\/\/www.gossip.it\/#organization","name":"Gossip and VIP News","alternateName":"Gossip News","url":"https:\/\/www.gossip.it\/","logo":{"@type":"ImageObject","inLanguage":"it-IT","@id":"https:\/\/www.gossip.it\/#\/schema\/logo\/image\/","url":"https:\/\/www.gossip.it\/wp-content\/uploads\/2022\/04\/cropped-corna-alta-tiny.png","contentUrl":"https:\/\/www.gossip.it\/wp-content\/uploads\/2022\/04\/cropped-corna-alta-tiny.png","width":512,"height":512,"caption":"Gossip and VIP News"},"image":{"@id":"https:\/\/www.gossip.it\/#\/schema\/logo\/image\/"},"sameAs":["https:\/\/www.facebook.com\/GossipIT","https:\/\/x.com\/gossinews_it","https:\/\/instagram.com\/gossip_it"]},{"@type":"Person","@id":"https:\/\/www.gossip.it\/#\/schema\/person\/488896f75158bff1cc83c6c39d141110","name":"La Redazione","image":{"@type":"ImageObject","inLanguage":"it-IT","@id":"https:\/\/www.gossip.it\/#\/schema\/person\/image\/","url":"https:\/\/secure.gravatar.com\/avatar\/5a5f5c6fa3e6700e4249abdad0263a1e94e927d9e0499b1cb09c1cd29c044d80?s=96&d=mm&r=g","contentUrl":"https:\/\/secure.gravatar.com\/avatar\/5a5f5c6fa3e6700e4249abdad0263a1e94e927d9e0499b1cb09c1cd29c044d80?s=96&d=mm&r=g","caption":"La Redazione"},"sameAs":["https:\/\/www.gossip.it"]}]}},"amp_enabled":true,"_links":{"self":[{"href":"https:\/\/www.gossip.it\/api\/wp\/v2\/posts\/42254","targetHints":{"allow":["GET"]}}],"collection":[{"href":"https:\/\/www.gossip.it\/api\/wp\/v2\/posts"}],"about":[{"href":"https:\/\/www.gossip.it\/api\/wp\/v2\/types\/post"}],"author":[{"embeddable":true,"href":"https:\/\/www.gossip.it\/api\/wp\/v2\/users\/1"}],"replies":[{"embeddable":true,"href":"https:\/\/www.gossip.it\/api\/wp\/v2\/comments?post=42254"}],"version-history":[{"count":0,"href":"https:\/\/www.gossip.it\/api\/wp\/v2\/posts\/42254\/revisions"}],"wp:featuredmedia":[{"embeddable":true,"href":"https:\/\/www.gossip.it\/api\/wp\/v2\/media\/98300"}],"wp:attachment":[{"href":"https:\/\/www.gossip.it\/api\/wp\/v2\/media?parent=42254"}],"wp:term":[{"taxonomy":"category","embeddable":true,"href":"https:\/\/www.gossip.it\/api\/wp\/v2\/categories?post=42254"},{"taxonomy":"post_tag","embeddable":true,"href":"https:\/\/www.gossip.it\/api\/wp\/v2\/tags?post=42254"},{"taxonomy":"vip","embeddable":true,"href":"https:\/\/www.gossip.it\/api\/wp\/v2\/vip?post=42254"}],"curies":[{"name":"wp","href":"https:\/\/api.w.org\/{rel}","templated":true}]}}