{"id":42335,"date":"2013-10-23T00:00:00","date_gmt":"2013-10-22T22:00:00","guid":{"rendered":"https:\/\/www.gossip.it\/senza-categoria\/maradona-azione-legale-contro-lo-stato-italiano\/"},"modified":"2013-10-23T00:00:00","modified_gmt":"2013-10-22T22:00:00","slug":"maradona-azione-legale-contro-lo-stato-italiano","status":"publish","type":"post","link":"https:\/\/www.gossip.it\/news\/maradona-azione-legale-contro-lo-stato-italiano\/","title":{"rendered":"Maradona, azione legale contro lo Stato italiano"},"content":{"rendered":"<p>Prima di tornare a Dubai, <a href=\"http:\/\/www.gossip.it\/news\/monografia.php?keyword=Diego Armando Maradona\">Diego Armando Maradona<\/a> ha voluto replicare al vice ministro dell'Economia. <b>Fassina<\/b> <b>gli aveva dato del miserabile dopo il gesto dell'ombrello fatto dal Pibe de Oro ad Equitalia durante la trasmissione di <a href=\"http:\/\/www.gossip.it\/news\/monografia.php?keyword=Fabio Fazio\">Fabio Fazio<\/a> \"Che tempo che fa\" su Rai Tre<\/b>.<br \/>\n<em>\"<b>Quel gesto non voleva essere offensivo ma solo satirico, in risposta all'ennesimo agguato tentato la settimana scorsa davanti a mia figlia, senza che mi fosse mostrata neanche l'autorizzazione del giudice<\/b><\/em> - ha fatto sapere l'ex <a href=\"http:\/\/www.gossip.it\/news\/monografia.php?keyword=calciatore\">calciatore<\/a> attraverso il suo legale <b>Angelo Pisani<\/b> - <em><b>Non ho offeso nessuno e sono orgoglioso di essere Maradona, di amare ed essere amato dalla gente per la mia coerenza, che non \u00e8 mai stata in vendita. Fassina, che io non conosco e non so cosa abbia fatto per la gente, farebbe bene a considerare miserabili tutti quelli che perseguitano gli innocenti invece di fare emergere la giustizia e la verit\u00e0<\/b>. Se Fassina ha il coraggio, ascolti, com'\u00e8 suo dovere, il mio avvocato il quale gli potr\u00e0 spiegare e illustrare la controversia di cui lui parla senza neanche conoscere le carte, senza mai chiedersi come si possano pretendere da un contribuente 40 milioni di euro per spese, interessi e more. In 30 anni non si \u00e8 mai interessato alla mia questione, come nessun altro esponente del governo italiano. <b>Invece il mondo intero ormai ha capito che non sono mai stato un evasore, e che la presunta violazione fiscale originaria presupposto della richiesta di Equitalia non esiste: dovrebbe chiedermi scusa<\/b>\"<\/em>.<\/p>\n<p>Diego Armando non ha peli sulla lingua. Anche quando \u00e8 atterrato nella capitale venerd\u00ec sera, per andare allo stadio Olimpico per assistere al mach tra Roma e Napoli, sbarcato da un volo privato, <b>\u00e8 stato fermato nella sala dell\u2019aeroporto di Ciampino da un rappresentante di Equitalia<\/b>, a poche ore dalla notifica ricevuta nell\u2019albergo di Milano dall\u2019ente riscossore. Davanti all'avvocato, alla figlia <b>Dalma<\/b> e alla compagna <b>Rocio Oliva<\/b>, <b>\u00e8 stato fatto oggetto di un\u2019ispezione per verificare se avesse oggetti di valore da sequestrare<\/b>. Si \u00e8 letteralmente infuriato. Per questo \u00e8 arrivato il gestaccio in tv, per questo ora annuncia l\u2019azione legale: <b>davanti al tribunale di Napoli sar\u00e0 depositata la sua citazione nei confronti dello Stato italiano <em>\"per ingiusta attivit\u00e0 esecutiva degli organi tributari\"<\/em><\/b>.<\/p>\n","protected":false},"excerpt":{"rendered":"<p>Prima di tornare a Dubai, Diego Armando Maradona ha voluto replicare al vice ministro dell'Economia. Fassina gli aveva dato del miserabile dopo il gesto dell'ombrello fatto dal Pibe de Oro ad Equitalia durante la trasmissione di Fabio Fazio \"Che tempo che fa\" su Rai Tre. \"Quel gesto non voleva essere offensivo ma solo satirico, in [&hellip;]<\/p>\n","protected":false},"author":1,"featured_media":98381,"comment_status":"closed","ping_status":"closed","sticky":false,"template":"","format":"standard","meta":{"footnotes":""},"categories":[54],"tags":[23778,2102,8785,27840,45577,2568,19619,41279,41305],"vip":[],"class_list":["post-42335","post","type-post","status-publish","format-standard","has-post-thumbnail","hentry","category-news","tag-che-tempo-fa","tag-dichiarazioni","tag-diego-armando-maradona","tag-el-pibe-de-oro","tag-equitalia","tag-protagonisti","tag-rai-tre","tag-rocio-oliva","tag-tasse"],"yoast_head":"<title>Maradona, azione legale contro lo Stato italiano - Gossip.it | News sul Gossip e VIP<\/title>\n<meta name=\"description\" content=\"Prima di tornare a Dubai, Diego Armando Maradona ha voluto replicare al vice ministro dell&#039;Economia. Fassina gli aveva dato del miserabile dopo il gesto\" \/>\n<meta name=\"robots\" content=\"index, follow, max-snippet:-1, max-image-preview:large, max-video-preview:-1\" \/>\n<link rel=\"canonical\" href=\"https:\/\/www.gossip.it\/news\/maradona-azione-legale-contro-lo-stato-italiano\/\" \/>\n<meta property=\"og:locale\" content=\"it_IT\" \/>\n<meta property=\"og:type\" content=\"article\" \/>\n<meta property=\"og:title\" content=\"Maradona, azione legale contro lo Stato italiano - Gossip.it | News sul Gossip e VIP\" \/>\n<meta property=\"og:description\" content=\"Prima di tornare a Dubai, Diego Armando Maradona ha voluto replicare al vice ministro dell&#039;Economia. Fassina gli aveva dato del miserabile dopo il gesto\" \/>\n<meta property=\"og:url\" content=\"https:\/\/www.gossip.it\/news\/maradona-azione-legale-contro-lo-stato-italiano\/\" \/>\n<meta property=\"og:site_name\" content=\"Gossip.it | News sul Gossip e VIP\" \/>\n<meta property=\"article:publisher\" content=\"https:\/\/www.facebook.com\/GossipIT\" \/>\n<meta property=\"article:published_time\" content=\"2013-10-22T22:00:00+00:00\" \/>\n<meta property=\"og:image\" content=\"http:\/\/www.gossip.it\/images5\/1382534428_.jpg\" \/>\n<meta name=\"author\" content=\"La Redazione\" \/>\n<meta name=\"twitter:card\" content=\"summary_large_image\" \/>\n<meta name=\"twitter:image\" content=\"http:\/\/www.gossip.it\/images5\/1382534428_.jpg\" \/>\n<meta name=\"twitter:creator\" content=\"@gossinews_it\" \/>\n<meta name=\"twitter:site\" content=\"@gossinews_it\" \/>\n<meta name=\"twitter:label1\" content=\"Scritto da\" \/>\n\t<meta name=\"twitter:data1\" content=\"Annamaria Capozzi\" \/>\n\t<meta name=\"twitter:label2\" content=\"Tempo di lettura stimato\" \/>\n\t<meta name=\"twitter:data2\" content=\"2 minuti\" \/>","yoast_head_json":{"title":"Maradona, azione legale contro lo Stato italiano - Gossip.it | News sul Gossip e VIP","description":"Prima di tornare a Dubai, Diego Armando Maradona ha voluto replicare al vice ministro dell'Economia. Fassina gli aveva dato del miserabile dopo il gesto","robots":{"index":"index","follow":"follow","max-snippet":"max-snippet:-1","max-image-preview":"max-image-preview:large","max-video-preview":"max-video-preview:-1"},"canonical":"https:\/\/www.gossip.it\/news\/maradona-azione-legale-contro-lo-stato-italiano\/","og_locale":"it_IT","og_type":"article","og_title":"Maradona, azione legale contro lo Stato italiano - Gossip.it | News sul Gossip e VIP","og_description":"Prima di tornare a Dubai, Diego Armando Maradona ha voluto replicare al vice ministro dell'Economia. Fassina gli aveva dato del miserabile dopo il gesto","og_url":"https:\/\/www.gossip.it\/news\/maradona-azione-legale-contro-lo-stato-italiano\/","og_site_name":"Gossip.it | News sul Gossip e VIP","article_publisher":"https:\/\/www.facebook.com\/GossipIT","article_published_time":"2013-10-22T22:00:00+00:00","og_image":[{"url":"http:\/\/www.gossip.it\/images5\/1382534428_.jpg"}],"author":"La Redazione","twitter_card":"summary_large_image","twitter_image":"http:\/\/www.gossip.it\/images5\/1382534428_.jpg","twitter_creator":"@gossinews_it","twitter_site":"@gossinews_it","twitter_misc":{"Scritto da":"Annamaria Capozzi","Tempo di lettura stimato":"2 minuti"},"schema":{"@context":"https:\/\/schema.org","@graph":[{"@type":"Article","@id":"https:\/\/www.gossip.it\/news\/maradona-azione-legale-contro-lo-stato-italiano\/#article","isPartOf":{"@id":"https:\/\/www.gossip.it\/news\/maradona-azione-legale-contro-lo-stato-italiano\/"},"author":{"name":"La Redazione","@id":"https:\/\/www.gossip.it\/#\/schema\/person\/488896f75158bff1cc83c6c39d141110"},"headline":"Maradona, azione legale contro lo Stato italiano","datePublished":"2013-10-22T22:00:00+00:00","dateModified":"2013-10-22T22:00:00+00:00","mainEntityOfPage":{"@id":"https:\/\/www.gossip.it\/news\/maradona-azione-legale-contro-lo-stato-italiano\/"},"wordCount":379,"publisher":{"@id":"https:\/\/www.gossip.it\/#organization"},"image":{"@id":"https:\/\/www.gossip.it\/news\/maradona-azione-legale-contro-lo-stato-italiano\/#primaryimage"},"thumbnailUrl":"http:\/\/www.gossip.it\/images5\/1382534428_.jpg","keywords":["che tempo fa","dichiarazioni","diego armando maradona","el pibe de oro","equitalia","protagonisti","rai tre","roc\u00eco oliva","tasse"],"articleSection":["News"],"inLanguage":"it-IT"},{"@type":"WebPage","@id":"https:\/\/www.gossip.it\/news\/maradona-azione-legale-contro-lo-stato-italiano\/","url":"https:\/\/www.gossip.it\/news\/maradona-azione-legale-contro-lo-stato-italiano\/","name":"Maradona, azione legale contro lo Stato italiano - Gossip.it | News sul Gossip e VIP","isPartOf":{"@id":"https:\/\/www.gossip.it\/#website"},"primaryImageOfPage":{"@id":"https:\/\/www.gossip.it\/news\/maradona-azione-legale-contro-lo-stato-italiano\/#primaryimage"},"image":{"@id":"https:\/\/www.gossip.it\/news\/maradona-azione-legale-contro-lo-stato-italiano\/#primaryimage"},"thumbnailUrl":"http:\/\/www.gossip.it\/images5\/1382534428_.jpg","datePublished":"2013-10-22T22:00:00+00:00","dateModified":"2013-10-22T22:00:00+00:00","description":"Prima di tornare a Dubai, Diego Armando Maradona ha voluto replicare al vice ministro dell'Economia. Fassina gli aveva dato del miserabile dopo il gesto","breadcrumb":{"@id":"https:\/\/www.gossip.it\/news\/maradona-azione-legale-contro-lo-stato-italiano\/#breadcrumb"},"inLanguage":"it-IT","potentialAction":[{"@type":"ReadAction","target":["https:\/\/www.gossip.it\/news\/maradona-azione-legale-contro-lo-stato-italiano\/"]}]},{"@type":"ImageObject","inLanguage":"it-IT","@id":"https:\/\/www.gossip.it\/news\/maradona-azione-legale-contro-lo-stato-italiano\/#primaryimage","url":"http:\/\/www.gossip.it\/images5\/1382534428_.jpg","contentUrl":"http:\/\/www.gossip.it\/images5\/1382534428_.jpg"},{"@type":"BreadcrumbList","@id":"https:\/\/www.gossip.it\/news\/maradona-azione-legale-contro-lo-stato-italiano\/#breadcrumb","itemListElement":[{"@type":"ListItem","position":1,"name":"Home","item":"https:\/\/www.gossip.it\/"},{"@type":"ListItem","position":2,"name":"Maradona, azione legale contro lo Stato italiano"}]},{"@type":"WebSite","@id":"https:\/\/www.gossip.it\/#website","url":"https:\/\/www.gossip.it\/","name":"Gossip and VIP News","description":"Quotidiano di cronaca rosa, costume e societ\u00e0","publisher":{"@id":"https:\/\/www.gossip.it\/#organization"},"alternateName":"Gossip and VIP News","potentialAction":[{"@type":"SearchAction","target":{"@type":"EntryPoint","urlTemplate":"https:\/\/www.gossip.it\/?s={search_term_string}"},"query-input":{"@type":"PropertyValueSpecification","valueRequired":true,"valueName":"search_term_string"}}],"inLanguage":"it-IT"},{"@type":"Organization","@id":"https:\/\/www.gossip.it\/#organization","name":"Gossip and VIP News","alternateName":"Gossip News","url":"https:\/\/www.gossip.it\/","logo":{"@type":"ImageObject","inLanguage":"it-IT","@id":"https:\/\/www.gossip.it\/#\/schema\/logo\/image\/","url":"https:\/\/www.gossip.it\/wp-content\/uploads\/2022\/04\/cropped-corna-alta-tiny.png","contentUrl":"https:\/\/www.gossip.it\/wp-content\/uploads\/2022\/04\/cropped-corna-alta-tiny.png","width":512,"height":512,"caption":"Gossip and VIP News"},"image":{"@id":"https:\/\/www.gossip.it\/#\/schema\/logo\/image\/"},"sameAs":["https:\/\/www.facebook.com\/GossipIT","https:\/\/x.com\/gossinews_it","https:\/\/instagram.com\/gossip_it"]},{"@type":"Person","@id":"https:\/\/www.gossip.it\/#\/schema\/person\/488896f75158bff1cc83c6c39d141110","name":"La Redazione","image":{"@type":"ImageObject","inLanguage":"it-IT","@id":"https:\/\/www.gossip.it\/#\/schema\/person\/image\/","url":"https:\/\/secure.gravatar.com\/avatar\/5a5f5c6fa3e6700e4249abdad0263a1e94e927d9e0499b1cb09c1cd29c044d80?s=96&d=mm&r=g","contentUrl":"https:\/\/secure.gravatar.com\/avatar\/5a5f5c6fa3e6700e4249abdad0263a1e94e927d9e0499b1cb09c1cd29c044d80?s=96&d=mm&r=g","caption":"La Redazione"},"sameAs":["https:\/\/www.gossip.it"]}]}},"amp_enabled":true,"_links":{"self":[{"href":"https:\/\/www.gossip.it\/api\/wp\/v2\/posts\/42335","targetHints":{"allow":["GET"]}}],"collection":[{"href":"https:\/\/www.gossip.it\/api\/wp\/v2\/posts"}],"about":[{"href":"https:\/\/www.gossip.it\/api\/wp\/v2\/types\/post"}],"author":[{"embeddable":true,"href":"https:\/\/www.gossip.it\/api\/wp\/v2\/users\/1"}],"replies":[{"embeddable":true,"href":"https:\/\/www.gossip.it\/api\/wp\/v2\/comments?post=42335"}],"version-history":[{"count":0,"href":"https:\/\/www.gossip.it\/api\/wp\/v2\/posts\/42335\/revisions"}],"wp:featuredmedia":[{"embeddable":true,"href":"https:\/\/www.gossip.it\/api\/wp\/v2\/media\/98381"}],"wp:attachment":[{"href":"https:\/\/www.gossip.it\/api\/wp\/v2\/media?parent=42335"}],"wp:term":[{"taxonomy":"category","embeddable":true,"href":"https:\/\/www.gossip.it\/api\/wp\/v2\/categories?post=42335"},{"taxonomy":"post_tag","embeddable":true,"href":"https:\/\/www.gossip.it\/api\/wp\/v2\/tags?post=42335"},{"taxonomy":"vip","embeddable":true,"href":"https:\/\/www.gossip.it\/api\/wp\/v2\/vip?post=42335"}],"curies":[{"name":"wp","href":"https:\/\/api.w.org\/{rel}","templated":true}]}}