{"id":42740,"date":"2013-11-11T00:00:00","date_gmt":"2013-11-10T23:00:00","guid":{"rendered":"https:\/\/www.gossip.it\/senza-categoria\/spagna-aggredita-e-senza-aiuto\/"},"modified":"2013-11-11T00:00:00","modified_gmt":"2013-11-10T23:00:00","slug":"spagna-aggredita-e-senza-aiuto","status":"publish","type":"post","link":"https:\/\/www.gossip.it\/news\/spagna-aggredita-e-senza-aiuto\/","title":{"rendered":"Spagna, aggredita e senza aiuto"},"content":{"rendered":"<p>Ospite di <a href=\"http:\/\/www.gossip.it\/news\/monografia.php?keyword=Barbara D'Urso\">Barbara D'Urso<\/a> a <b>\"Domenica Live\"<\/b>, <a href=\"http:\/\/www.gossip.it\/news\/monografia.php?keyword=Ivana Spagna\">Ivana Spagna<\/a> ha raccontato dell'aggressione di cui \u00e8 stata vittima a Milano: due malviventi l'hanno derubata dopo averla fermata con un pretesto mentre si trovava in macchina.<\/p>\n<p><em>\"<b>Sto meglio ma resta la paura. E\u2019 stata una sensazione brutta<\/b><\/em> - ha esordito la cantante - <em>Il 4 novembre ero stata con il manager a trovare i miei al cimitero. Torno a casa, mi sono trovata nella zona che costeggia la Fiera,<b> c\u2019era un semaforo rosso, mi sono fermata e ho sentito un botto contro la macchina e ho visto un signore che si copriva il viso e mi diceva: \u201cScusi, non l\u2019avevo vista\u201d. Io mi sono preoccupata per lui perch\u00e9 mi diceva che si era fatto male. Ho accostato e ho pensato a lui come una cretina. Ho aperto la portiera e un\u2019altra persona si \u00e8 fiondata dentro la macchina. Mi ha preso l\u2019orologio ma faceva fatica a tirarlo a causa del cinturino. Io mi difendevo con i calci ma lui ha risposto con pugni e gomitate. Mi teneva per il collo e io gli ho anche dato un morso. E\u2019 stata una lotta. Ho urlato: \u201cAiutatemi!\u201d. E\u2019 durata un bel po\u2019<\/b>\"<\/em>. Ma nessuno \u00e8 corso in suo aiuto, ha dichiarato.<\/p>\n<p><em>\"<b>La gente non soccorre perch\u00e9 ha paura<\/b><\/em> - ha proseguito Ivana - <em><b>Io li capisco. Io ho sempre aiutato la gente, gli animali. Ho sempre dato una mano. Da ora in poi, se vedr\u00f2 una persona che mi batte sul vetro, non mi fermer\u00f2, chiamer\u00f2 i Carabinieri<\/b>\"<\/em>. <em>\"Devo dire che dopo che \u00e8 tutto finito, ho cercato di prendere la targa perch\u00e9 il viso era coperto<\/em> - ha raccontato ancora Spagna - <em>Ho chiamato il mio avvocato e mi ha detto: \u201cStai l\u00ec che chiamo i Carabinieri\u201d. La mattina dopo ho fatto la denuncia ai Carabinieri che mi hanno anche portato al Pronto Soccorso. <b>Vado avanti a pastiglie e continuo a raddoppiare la dose, come chiudo gli occhi, vedo questa \u201cmontagna\u201d che mi vede addosso. Ho la sensazione di essere sola, ho fiducia nelle forze dell\u2019ordine ma questi delinquenti dopo due giorni sono fuori<\/b>\".<\/em><\/p>\n","protected":false},"excerpt":{"rendered":"<p>Ospite di Barbara D'Urso a \"Domenica Live\", Ivana Spagna ha raccontato dell'aggressione di cui \u00e8 stata vittima a Milano: due malviventi l'hanno derubata dopo averla fermata con un pretesto mentre si trovava in macchina. \"Sto meglio ma resta la paura. E\u2019 stata una sensazione brutta - ha esordito la cantante - Il 4 novembre ero [&hellip;]<\/p>\n","protected":false},"author":1,"featured_media":98786,"comment_status":"closed","ping_status":"closed","sticky":false,"template":"","format":"standard","meta":{"footnotes":""},"categories":[54],"tags":[7479,1981,2102,7441,2420,46082,1979],"vip":[383,973],"class_list":["post-42740","post","type-post","status-publish","format-standard","has-post-thumbnail","hentry","category-news","tag-aggressione","tag-cantante","tag-dichiarazioni","tag-domenica-live","tag-macchina","tag-malviventi","tag-milano","vip-barbara_durso","vip-ivana_spagna"],"yoast_head":"<title>Spagna, aggredita e senza aiuto - Gossip.it | News sul Gossip e VIP<\/title>\n<meta name=\"description\" content=\"Ospite di Barbara D&#039;Urso a &quot;Domenica Live&quot;, Ivana Spagna ha raccontato dell&#039;aggressione di cui \u00e8 stata vittima a Milano: due malviventi l&#039;hanno derubata\" \/>\n<meta name=\"robots\" content=\"index, follow, max-snippet:-1, max-image-preview:large, max-video-preview:-1\" \/>\n<link rel=\"canonical\" href=\"https:\/\/www.gossip.it\/news\/spagna-aggredita-e-senza-aiuto\/\" \/>\n<meta property=\"og:locale\" content=\"it_IT\" \/>\n<meta property=\"og:type\" content=\"article\" \/>\n<meta property=\"og:title\" content=\"Spagna, aggredita e senza aiuto - Gossip.it | News sul Gossip e VIP\" \/>\n<meta property=\"og:description\" content=\"Ospite di Barbara D&#039;Urso a &quot;Domenica Live&quot;, Ivana Spagna ha raccontato dell&#039;aggressione di cui \u00e8 stata vittima a Milano: due malviventi l&#039;hanno derubata\" \/>\n<meta property=\"og:url\" content=\"https:\/\/www.gossip.it\/news\/spagna-aggredita-e-senza-aiuto\/\" \/>\n<meta property=\"og:site_name\" content=\"Gossip.it | News sul Gossip e VIP\" \/>\n<meta property=\"article:publisher\" content=\"https:\/\/www.facebook.com\/GossipIT\" \/>\n<meta property=\"article:published_time\" content=\"2013-11-10T23:00:00+00:00\" \/>\n<meta property=\"og:image\" content=\"http:\/\/www.gossip.it\/images5\/1384182327_.jpg\" \/>\n<meta name=\"author\" content=\"La Redazione\" \/>\n<meta name=\"twitter:card\" content=\"summary_large_image\" \/>\n<meta name=\"twitter:image\" content=\"http:\/\/www.gossip.it\/images5\/1384182327_.jpg\" \/>\n<meta name=\"twitter:creator\" content=\"@gossinews_it\" \/>\n<meta name=\"twitter:site\" content=\"@gossinews_it\" \/>\n<meta name=\"twitter:label1\" content=\"Scritto da\" \/>\n\t<meta name=\"twitter:data1\" content=\"Francesca Romana Domenici\" \/>\n\t<meta name=\"twitter:label2\" content=\"Tempo di lettura stimato\" \/>\n\t<meta name=\"twitter:data2\" content=\"2 minuti\" \/>","yoast_head_json":{"title":"Spagna, aggredita e senza aiuto - Gossip.it | News sul Gossip e VIP","description":"Ospite di Barbara D'Urso a \"Domenica Live\", Ivana Spagna ha raccontato dell'aggressione di cui \u00e8 stata vittima a Milano: due malviventi l'hanno derubata","robots":{"index":"index","follow":"follow","max-snippet":"max-snippet:-1","max-image-preview":"max-image-preview:large","max-video-preview":"max-video-preview:-1"},"canonical":"https:\/\/www.gossip.it\/news\/spagna-aggredita-e-senza-aiuto\/","og_locale":"it_IT","og_type":"article","og_title":"Spagna, aggredita e senza aiuto - Gossip.it | News sul Gossip e VIP","og_description":"Ospite di Barbara D'Urso a \"Domenica Live\", Ivana Spagna ha raccontato dell'aggressione di cui \u00e8 stata vittima a Milano: due malviventi l'hanno derubata","og_url":"https:\/\/www.gossip.it\/news\/spagna-aggredita-e-senza-aiuto\/","og_site_name":"Gossip.it | News sul Gossip e VIP","article_publisher":"https:\/\/www.facebook.com\/GossipIT","article_published_time":"2013-11-10T23:00:00+00:00","og_image":[{"url":"http:\/\/www.gossip.it\/images5\/1384182327_.jpg"}],"author":"La Redazione","twitter_card":"summary_large_image","twitter_image":"http:\/\/www.gossip.it\/images5\/1384182327_.jpg","twitter_creator":"@gossinews_it","twitter_site":"@gossinews_it","twitter_misc":{"Scritto da":"Francesca Romana Domenici","Tempo di lettura stimato":"2 minuti"},"schema":{"@context":"https:\/\/schema.org","@graph":[{"@type":"Article","@id":"https:\/\/www.gossip.it\/news\/spagna-aggredita-e-senza-aiuto\/#article","isPartOf":{"@id":"https:\/\/www.gossip.it\/news\/spagna-aggredita-e-senza-aiuto\/"},"author":{"name":"La Redazione","@id":"https:\/\/www.gossip.it\/#\/schema\/person\/488896f75158bff1cc83c6c39d141110"},"headline":"Spagna, aggredita e senza aiuto","datePublished":"2013-11-10T23:00:00+00:00","dateModified":"2013-11-10T23:00:00+00:00","mainEntityOfPage":{"@id":"https:\/\/www.gossip.it\/news\/spagna-aggredita-e-senza-aiuto\/"},"wordCount":359,"publisher":{"@id":"https:\/\/www.gossip.it\/#organization"},"image":{"@id":"https:\/\/www.gossip.it\/news\/spagna-aggredita-e-senza-aiuto\/#primaryimage"},"thumbnailUrl":"http:\/\/www.gossip.it\/images5\/1384182327_.jpg","keywords":["aggressione","cantante","dichiarazioni","domenica live","macchina","malviventi","milano"],"articleSection":["News"],"inLanguage":"it-IT"},{"@type":"WebPage","@id":"https:\/\/www.gossip.it\/news\/spagna-aggredita-e-senza-aiuto\/","url":"https:\/\/www.gossip.it\/news\/spagna-aggredita-e-senza-aiuto\/","name":"Spagna, aggredita e senza aiuto - Gossip.it | News sul Gossip e VIP","isPartOf":{"@id":"https:\/\/www.gossip.it\/#website"},"primaryImageOfPage":{"@id":"https:\/\/www.gossip.it\/news\/spagna-aggredita-e-senza-aiuto\/#primaryimage"},"image":{"@id":"https:\/\/www.gossip.it\/news\/spagna-aggredita-e-senza-aiuto\/#primaryimage"},"thumbnailUrl":"http:\/\/www.gossip.it\/images5\/1384182327_.jpg","datePublished":"2013-11-10T23:00:00+00:00","dateModified":"2013-11-10T23:00:00+00:00","description":"Ospite di Barbara D'Urso a \"Domenica Live\", Ivana Spagna ha raccontato dell'aggressione di cui \u00e8 stata vittima a Milano: due malviventi l'hanno derubata","breadcrumb":{"@id":"https:\/\/www.gossip.it\/news\/spagna-aggredita-e-senza-aiuto\/#breadcrumb"},"inLanguage":"it-IT","potentialAction":[{"@type":"ReadAction","target":["https:\/\/www.gossip.it\/news\/spagna-aggredita-e-senza-aiuto\/"]}]},{"@type":"ImageObject","inLanguage":"it-IT","@id":"https:\/\/www.gossip.it\/news\/spagna-aggredita-e-senza-aiuto\/#primaryimage","url":"http:\/\/www.gossip.it\/images5\/1384182327_.jpg","contentUrl":"http:\/\/www.gossip.it\/images5\/1384182327_.jpg"},{"@type":"BreadcrumbList","@id":"https:\/\/www.gossip.it\/news\/spagna-aggredita-e-senza-aiuto\/#breadcrumb","itemListElement":[{"@type":"ListItem","position":1,"name":"Home","item":"https:\/\/www.gossip.it\/"},{"@type":"ListItem","position":2,"name":"Spagna, aggredita e senza aiuto"}]},{"@type":"WebSite","@id":"https:\/\/www.gossip.it\/#website","url":"https:\/\/www.gossip.it\/","name":"Gossip and VIP News","description":"Quotidiano di cronaca rosa, costume e societ\u00e0","publisher":{"@id":"https:\/\/www.gossip.it\/#organization"},"alternateName":"Gossip and VIP News","potentialAction":[{"@type":"SearchAction","target":{"@type":"EntryPoint","urlTemplate":"https:\/\/www.gossip.it\/?s={search_term_string}"},"query-input":{"@type":"PropertyValueSpecification","valueRequired":true,"valueName":"search_term_string"}}],"inLanguage":"it-IT"},{"@type":"Organization","@id":"https:\/\/www.gossip.it\/#organization","name":"Gossip and VIP News","alternateName":"Gossip News","url":"https:\/\/www.gossip.it\/","logo":{"@type":"ImageObject","inLanguage":"it-IT","@id":"https:\/\/www.gossip.it\/#\/schema\/logo\/image\/","url":"https:\/\/www.gossip.it\/wp-content\/uploads\/2022\/04\/cropped-corna-alta-tiny.png","contentUrl":"https:\/\/www.gossip.it\/wp-content\/uploads\/2022\/04\/cropped-corna-alta-tiny.png","width":512,"height":512,"caption":"Gossip and VIP News"},"image":{"@id":"https:\/\/www.gossip.it\/#\/schema\/logo\/image\/"},"sameAs":["https:\/\/www.facebook.com\/GossipIT","https:\/\/x.com\/gossinews_it","https:\/\/instagram.com\/gossip_it"]},{"@type":"Person","@id":"https:\/\/www.gossip.it\/#\/schema\/person\/488896f75158bff1cc83c6c39d141110","name":"La Redazione","image":{"@type":"ImageObject","inLanguage":"it-IT","@id":"https:\/\/www.gossip.it\/#\/schema\/person\/image\/","url":"https:\/\/secure.gravatar.com\/avatar\/5a5f5c6fa3e6700e4249abdad0263a1e94e927d9e0499b1cb09c1cd29c044d80?s=96&d=mm&r=g","contentUrl":"https:\/\/secure.gravatar.com\/avatar\/5a5f5c6fa3e6700e4249abdad0263a1e94e927d9e0499b1cb09c1cd29c044d80?s=96&d=mm&r=g","caption":"La Redazione"},"sameAs":["https:\/\/www.gossip.it"]}]}},"amp_enabled":true,"_links":{"self":[{"href":"https:\/\/www.gossip.it\/api\/wp\/v2\/posts\/42740","targetHints":{"allow":["GET"]}}],"collection":[{"href":"https:\/\/www.gossip.it\/api\/wp\/v2\/posts"}],"about":[{"href":"https:\/\/www.gossip.it\/api\/wp\/v2\/types\/post"}],"author":[{"embeddable":true,"href":"https:\/\/www.gossip.it\/api\/wp\/v2\/users\/1"}],"replies":[{"embeddable":true,"href":"https:\/\/www.gossip.it\/api\/wp\/v2\/comments?post=42740"}],"version-history":[{"count":0,"href":"https:\/\/www.gossip.it\/api\/wp\/v2\/posts\/42740\/revisions"}],"wp:featuredmedia":[{"embeddable":true,"href":"https:\/\/www.gossip.it\/api\/wp\/v2\/media\/98786"}],"wp:attachment":[{"href":"https:\/\/www.gossip.it\/api\/wp\/v2\/media?parent=42740"}],"wp:term":[{"taxonomy":"category","embeddable":true,"href":"https:\/\/www.gossip.it\/api\/wp\/v2\/categories?post=42740"},{"taxonomy":"post_tag","embeddable":true,"href":"https:\/\/www.gossip.it\/api\/wp\/v2\/tags?post=42740"},{"taxonomy":"vip","embeddable":true,"href":"https:\/\/www.gossip.it\/api\/wp\/v2\/vip?post=42740"}],"curies":[{"name":"wp","href":"https:\/\/api.w.org\/{rel}","templated":true}]}}