{"id":43033,"date":"2013-11-22T00:00:00","date_gmt":"2013-11-21T23:00:00","guid":{"rendered":"https:\/\/www.gossip.it\/senza-categoria\/emma-festeggia-il-disco-di-multiplatino\/"},"modified":"2013-11-22T00:00:00","modified_gmt":"2013-11-21T23:00:00","slug":"emma-festeggia-il-disco-di-multiplatino","status":"publish","type":"post","link":"https:\/\/www.gossip.it\/news\/emma-festeggia-il-disco-di-multiplatino\/","title":{"rendered":"Emma festeggia il disco di multiplatino"},"content":{"rendered":"<p><em><b>\u201cIlluminata dalla luce di #SchienaMultiplatino esco a fare danni!!!! Grazie a tutti!!!<\/b>\u201d<\/em>, cinguetta felice <a href=\"http:\/\/www.gossip.it\/news\/monografia.php?keyword=Emma Marrone\">Emma Marrone<\/a> sul social e posta una sua foto mentre sta adando a festeggiare l\u2019evento. In un altro scatto, invece, \u00e8 intenta a fare colazione e d\u00e0 il buongiorno ai suoi follower.<\/p>\n<p>Emma sta riscuotendo un enorme successo con il suo album. Pure lo <b>Schiena Tour<\/b> sta riempiendo i palazzetti di tutta Italia. Insomma, pu\u00f2 ritenersi pi\u00f9 che soddisfatta della sua carriera nel mondo della musica. Dal punto vista sentimentale, anche se non si vedono pi\u00f9 insieme da un po\u2019, pare che la storia d\u2019amore con <a href=\"http:\/\/www.gossip.it\/news\/monografia.php?keyword=Marco Bocci\">Marco Bocci<\/a>  prosegue tranquilla, senza grossi scossoni.<\/p>\n","protected":false},"excerpt":{"rendered":"<p>\u201cIlluminata dalla luce di #SchienaMultiplatino esco a fare danni!!!! Grazie a tutti!!!\u201d, cinguetta felice Emma Marrone sul social e posta una sua foto mentre sta adando a festeggiare l\u2019evento. In un altro scatto, invece, \u00e8 intenta a fare colazione e d\u00e0 il buongiorno ai suoi follower. Emma sta riscuotendo un enorme successo con il suo [&hellip;]<\/p>\n","protected":false},"author":1,"featured_media":99079,"comment_status":"closed","ping_status":"closed","sticky":false,"template":"","format":"standard","meta":{"footnotes":""},"categories":[54],"tags":[1981,46407,12987,45703,1923,7346],"vip":[669],"class_list":["post-43033","post","type-post","status-publish","format-standard","has-post-thumbnail","hentry","category-news","tag-cantante","tag-multiplatino","tag-schiena","tag-schiena-tour","tag-social","tag-twitter","vip-emma_marrone"],"yoast_head":"<title>Emma festeggia il disco di multiplatino - Gossip.it | News sul Gossip e VIP<\/title>\n<meta name=\"description\" content=\"\u201cIlluminata dalla luce di #SchienaMultiplatino esco a fare danni!!!! Grazie a tutti!!!\u201d, cinguetta felice Emma Marrone sul social e posta una sua foto\" \/>\n<meta name=\"robots\" content=\"index, follow, max-snippet:-1, max-image-preview:large, max-video-preview:-1\" \/>\n<link rel=\"canonical\" href=\"https:\/\/www.gossip.it\/news\/emma-festeggia-il-disco-di-multiplatino\/\" \/>\n<meta property=\"og:locale\" content=\"it_IT\" \/>\n<meta property=\"og:type\" content=\"article\" \/>\n<meta property=\"og:title\" content=\"Emma festeggia il disco di multiplatino - Gossip.it | News sul Gossip e VIP\" \/>\n<meta property=\"og:description\" content=\"\u201cIlluminata dalla luce di #SchienaMultiplatino esco a fare danni!!!! Grazie a tutti!!!\u201d, cinguetta felice Emma Marrone sul social e posta una sua foto\" \/>\n<meta property=\"og:url\" content=\"https:\/\/www.gossip.it\/news\/emma-festeggia-il-disco-di-multiplatino\/\" \/>\n<meta property=\"og:site_name\" content=\"Gossip.it | News sul Gossip e VIP\" \/>\n<meta property=\"article:publisher\" content=\"https:\/\/www.facebook.com\/GossipIT\" \/>\n<meta property=\"article:published_time\" content=\"2013-11-21T23:00:00+00:00\" \/>\n<meta property=\"og:image\" content=\"http:\/\/www.gossip.it\/images5\/1385133218_.jpg\" \/>\n<meta name=\"author\" content=\"La Redazione\" \/>\n<meta name=\"twitter:card\" content=\"summary_large_image\" \/>\n<meta name=\"twitter:image\" content=\"http:\/\/www.gossip.it\/images5\/1385133218_.jpg\" \/>\n<meta name=\"twitter:creator\" content=\"@gossinews_it\" \/>\n<meta name=\"twitter:site\" content=\"@gossinews_it\" \/>\n<meta name=\"twitter:label1\" content=\"Scritto da\" \/>\n\t<meta name=\"twitter:data1\" content=\"Francesca Romana Domenici\" \/>\n\t<meta name=\"twitter:label2\" content=\"Tempo di lettura stimato\" \/>\n\t<meta name=\"twitter:data2\" content=\"1 minuto\" \/>","yoast_head_json":{"title":"Emma festeggia il disco di multiplatino - Gossip.it | News sul Gossip e VIP","description":"\u201cIlluminata dalla luce di #SchienaMultiplatino esco a fare danni!!!! Grazie a tutti!!!\u201d, cinguetta felice Emma Marrone sul social e posta una sua foto","robots":{"index":"index","follow":"follow","max-snippet":"max-snippet:-1","max-image-preview":"max-image-preview:large","max-video-preview":"max-video-preview:-1"},"canonical":"https:\/\/www.gossip.it\/news\/emma-festeggia-il-disco-di-multiplatino\/","og_locale":"it_IT","og_type":"article","og_title":"Emma festeggia il disco di multiplatino - Gossip.it | News sul Gossip e VIP","og_description":"\u201cIlluminata dalla luce di #SchienaMultiplatino esco a fare danni!!!! Grazie a tutti!!!\u201d, cinguetta felice Emma Marrone sul social e posta una sua foto","og_url":"https:\/\/www.gossip.it\/news\/emma-festeggia-il-disco-di-multiplatino\/","og_site_name":"Gossip.it | News sul Gossip e VIP","article_publisher":"https:\/\/www.facebook.com\/GossipIT","article_published_time":"2013-11-21T23:00:00+00:00","og_image":[{"url":"http:\/\/www.gossip.it\/images5\/1385133218_.jpg"}],"author":"La Redazione","twitter_card":"summary_large_image","twitter_image":"http:\/\/www.gossip.it\/images5\/1385133218_.jpg","twitter_creator":"@gossinews_it","twitter_site":"@gossinews_it","twitter_misc":{"Scritto da":"Francesca Romana Domenici","Tempo di lettura stimato":"1 minuto"},"schema":{"@context":"https:\/\/schema.org","@graph":[{"@type":"Article","@id":"https:\/\/www.gossip.it\/news\/emma-festeggia-il-disco-di-multiplatino\/#article","isPartOf":{"@id":"https:\/\/www.gossip.it\/news\/emma-festeggia-il-disco-di-multiplatino\/"},"author":{"name":"La Redazione","@id":"https:\/\/www.gossip.it\/#\/schema\/person\/488896f75158bff1cc83c6c39d141110"},"headline":"Emma festeggia il disco di multiplatino","datePublished":"2013-11-21T23:00:00+00:00","dateModified":"2013-11-21T23:00:00+00:00","mainEntityOfPage":{"@id":"https:\/\/www.gossip.it\/news\/emma-festeggia-il-disco-di-multiplatino\/"},"wordCount":114,"publisher":{"@id":"https:\/\/www.gossip.it\/#organization"},"image":{"@id":"https:\/\/www.gossip.it\/news\/emma-festeggia-il-disco-di-multiplatino\/#primaryimage"},"thumbnailUrl":"http:\/\/www.gossip.it\/images5\/1385133218_.jpg","keywords":["cantante","multiplatino","schiena","schiena tour","social","twitter"],"articleSection":["News"],"inLanguage":"it-IT"},{"@type":"WebPage","@id":"https:\/\/www.gossip.it\/news\/emma-festeggia-il-disco-di-multiplatino\/","url":"https:\/\/www.gossip.it\/news\/emma-festeggia-il-disco-di-multiplatino\/","name":"Emma festeggia il disco di multiplatino - Gossip.it | News sul Gossip e VIP","isPartOf":{"@id":"https:\/\/www.gossip.it\/#website"},"primaryImageOfPage":{"@id":"https:\/\/www.gossip.it\/news\/emma-festeggia-il-disco-di-multiplatino\/#primaryimage"},"image":{"@id":"https:\/\/www.gossip.it\/news\/emma-festeggia-il-disco-di-multiplatino\/#primaryimage"},"thumbnailUrl":"http:\/\/www.gossip.it\/images5\/1385133218_.jpg","datePublished":"2013-11-21T23:00:00+00:00","dateModified":"2013-11-21T23:00:00+00:00","description":"\u201cIlluminata dalla luce di #SchienaMultiplatino esco a fare danni!!!! Grazie a tutti!!!\u201d, cinguetta felice Emma Marrone sul social e posta una sua foto","breadcrumb":{"@id":"https:\/\/www.gossip.it\/news\/emma-festeggia-il-disco-di-multiplatino\/#breadcrumb"},"inLanguage":"it-IT","potentialAction":[{"@type":"ReadAction","target":["https:\/\/www.gossip.it\/news\/emma-festeggia-il-disco-di-multiplatino\/"]}]},{"@type":"ImageObject","inLanguage":"it-IT","@id":"https:\/\/www.gossip.it\/news\/emma-festeggia-il-disco-di-multiplatino\/#primaryimage","url":"http:\/\/www.gossip.it\/images5\/1385133218_.jpg","contentUrl":"http:\/\/www.gossip.it\/images5\/1385133218_.jpg"},{"@type":"BreadcrumbList","@id":"https:\/\/www.gossip.it\/news\/emma-festeggia-il-disco-di-multiplatino\/#breadcrumb","itemListElement":[{"@type":"ListItem","position":1,"name":"Home","item":"https:\/\/www.gossip.it\/"},{"@type":"ListItem","position":2,"name":"Emma festeggia il disco di multiplatino"}]},{"@type":"WebSite","@id":"https:\/\/www.gossip.it\/#website","url":"https:\/\/www.gossip.it\/","name":"Gossip and VIP News","description":"Quotidiano di cronaca rosa, costume e societ\u00e0","publisher":{"@id":"https:\/\/www.gossip.it\/#organization"},"alternateName":"Gossip and VIP News","potentialAction":[{"@type":"SearchAction","target":{"@type":"EntryPoint","urlTemplate":"https:\/\/www.gossip.it\/?s={search_term_string}"},"query-input":{"@type":"PropertyValueSpecification","valueRequired":true,"valueName":"search_term_string"}}],"inLanguage":"it-IT"},{"@type":"Organization","@id":"https:\/\/www.gossip.it\/#organization","name":"Gossip and VIP News","alternateName":"Gossip News","url":"https:\/\/www.gossip.it\/","logo":{"@type":"ImageObject","inLanguage":"it-IT","@id":"https:\/\/www.gossip.it\/#\/schema\/logo\/image\/","url":"https:\/\/www.gossip.it\/wp-content\/uploads\/2022\/04\/cropped-corna-alta-tiny.png","contentUrl":"https:\/\/www.gossip.it\/wp-content\/uploads\/2022\/04\/cropped-corna-alta-tiny.png","width":512,"height":512,"caption":"Gossip and VIP News"},"image":{"@id":"https:\/\/www.gossip.it\/#\/schema\/logo\/image\/"},"sameAs":["https:\/\/www.facebook.com\/GossipIT","https:\/\/x.com\/gossinews_it","https:\/\/instagram.com\/gossip_it"]},{"@type":"Person","@id":"https:\/\/www.gossip.it\/#\/schema\/person\/488896f75158bff1cc83c6c39d141110","name":"La Redazione","image":{"@type":"ImageObject","inLanguage":"it-IT","@id":"https:\/\/www.gossip.it\/#\/schema\/person\/image\/","url":"https:\/\/secure.gravatar.com\/avatar\/5a5f5c6fa3e6700e4249abdad0263a1e94e927d9e0499b1cb09c1cd29c044d80?s=96&d=mm&r=g","contentUrl":"https:\/\/secure.gravatar.com\/avatar\/5a5f5c6fa3e6700e4249abdad0263a1e94e927d9e0499b1cb09c1cd29c044d80?s=96&d=mm&r=g","caption":"La Redazione"},"sameAs":["https:\/\/www.gossip.it"]}]}},"amp_enabled":true,"_links":{"self":[{"href":"https:\/\/www.gossip.it\/api\/wp\/v2\/posts\/43033","targetHints":{"allow":["GET"]}}],"collection":[{"href":"https:\/\/www.gossip.it\/api\/wp\/v2\/posts"}],"about":[{"href":"https:\/\/www.gossip.it\/api\/wp\/v2\/types\/post"}],"author":[{"embeddable":true,"href":"https:\/\/www.gossip.it\/api\/wp\/v2\/users\/1"}],"replies":[{"embeddable":true,"href":"https:\/\/www.gossip.it\/api\/wp\/v2\/comments?post=43033"}],"version-history":[{"count":0,"href":"https:\/\/www.gossip.it\/api\/wp\/v2\/posts\/43033\/revisions"}],"wp:featuredmedia":[{"embeddable":true,"href":"https:\/\/www.gossip.it\/api\/wp\/v2\/media\/99079"}],"wp:attachment":[{"href":"https:\/\/www.gossip.it\/api\/wp\/v2\/media?parent=43033"}],"wp:term":[{"taxonomy":"category","embeddable":true,"href":"https:\/\/www.gossip.it\/api\/wp\/v2\/categories?post=43033"},{"taxonomy":"post_tag","embeddable":true,"href":"https:\/\/www.gossip.it\/api\/wp\/v2\/tags?post=43033"},{"taxonomy":"vip","embeddable":true,"href":"https:\/\/www.gossip.it\/api\/wp\/v2\/vip?post=43033"}],"curies":[{"name":"wp","href":"https:\/\/api.w.org\/{rel}","templated":true}]}}