{"id":43048,"date":"2013-11-25T00:00:00","date_gmt":"2013-11-24T23:00:00","guid":{"rendered":"https:\/\/www.gossip.it\/senza-categoria\/rupert-everett-presenta-il-nuovo-libro-a-milano\/"},"modified":"2013-11-25T00:00:00","modified_gmt":"2013-11-24T23:00:00","slug":"rupert-everett-presenta-il-nuovo-libro-a-milano","status":"publish","type":"post","link":"https:\/\/www.gossip.it\/news\/rupert-everett-presenta-il-nuovo-libro-a-milano\/","title":{"rendered":"Rupert Everett presenta il nuovo libro a Milano"},"content":{"rendered":"<p><a href=\"http:\/\/www.gossip.it\/news\/monografia.php?keyword=Rupert Everett\">Rupert Everett<\/a> ha grandi progetti per i suoi libri. L\u2019attore ha presentato a <b>Milano<\/b>, al <b>Piccolo Teatro Grassi<\/b>, il secondo capitolo della sua <b>autobiografia<\/b>, \u201c<b><em>Anni Svaniti<\/em><\/b>\u201d, cominciata sei anni fa con \u201c<em>Bucce di banana<\/em>\u201d. <\/p>\n<p>L\u2019affascinante inglese sta gi\u00e0 scrivendo il <b>terzo volume<\/b> e, quando sar\u00e0 pronto, trarr\u00e0 dalla trilogia un soggetto per un <b>film<\/b>. Il popolare <b>54enne<\/b>, senza peli sulla lingua, racconta della sua rigida educazione cattolica, degli <b>anni di trasgressione<\/b> successivi e della sua dichiarata <b>omosessualit\u00e0<\/b>: \u201c<em>Non ho mai avuto remore a dichiarare la mia omosessualit\u00e0 anche se mi \u00e8 costato molto. <b>Essere gay \u00e8 ancora un tab\u00f9. Molti attori, giornalisti, calciatori lo sono ma se ne guardano bene dal dirlo<\/b>. Io invece ho deciso che la mia vita veniva prima di tutto<\/em>\u201d.<\/p>\n<p>Le <a href=\"http:\/\/www.gossip.it\/protagonisti\/rupert_everett_presenta_%E2%80%98anni_svaniti%E2%80%99_a_milano_foto_sperw.html?id=d4444dec5afc6df2f50fa0390624a223\"><b><u>foto di Rupert Everett a Milano per presentare il nuovo libro sono<\/u><\/b><\/a> su GossipNews.<\/p>\n","protected":false},"excerpt":{"rendered":"<p>Rupert Everett ha grandi progetti per i suoi libri. L\u2019attore ha presentato a Milano, al Piccolo Teatro Grassi, il secondo capitolo della sua autobiografia, \u201cAnni Svaniti\u201d, cominciata sei anni fa con \u201cBucce di banana\u201d. L\u2019affascinante inglese sta gi\u00e0 scrivendo il terzo volume e, quando sar\u00e0 pronto, trarr\u00e0 dalla trilogia un soggetto per un film. Il [&hellip;]<\/p>\n","protected":false},"author":1,"featured_media":99094,"comment_status":"closed","ping_status":"closed","sticky":false,"template":"","format":"standard","meta":{"footnotes":""},"categories":[54],"tags":[6891,3541,46428,2137,6351,46429,26645,14083,2102,6385,1976,2118,3140,2704,2957,1979,9801,3139,5329,11566,45433,46430,41414,2538,46431,18039,44573,5792],"vip":[1178,1631],"class_list":["post-43048","post","type-post","status-publish","format-standard","has-post-thumbnail","hentry","category-news","tag-aids","tag-anni","tag-anni-svaniti","tag-attore","tag-autobiografia","tag-bucce-di-banana","tag-capitolo","tag-cattolica","tag-dichiarazioni","tag-educazione","tag-film","tag-foto","tag-gay","tag-italia","tag-libro","tag-milano","tag-nuovo","tag-omosessuale","tag-omosessualita","tag-presenta","tag-presentato","tag-rigida","tag-scrive","tag-secondo","tag-soggetto","tag-trasgressione","tag-trilogia","tag-volume","vip-madonna","vip-rupert_everett"],"yoast_head":"<title>Rupert Everett presenta il nuovo libro a Milano - Gossip.it | News sul Gossip e VIP<\/title>\n<meta name=\"description\" content=\"Rupert Everett ha grandi progetti per i suoi libri. L\u2019attore ha presentato a Milano, al Piccolo Teatro Grassi, il secondo capitolo della sua\" \/>\n<meta name=\"robots\" content=\"index, follow, max-snippet:-1, max-image-preview:large, max-video-preview:-1\" \/>\n<link rel=\"canonical\" href=\"https:\/\/www.gossip.it\/news\/rupert-everett-presenta-il-nuovo-libro-a-milano\/\" \/>\n<meta property=\"og:locale\" content=\"it_IT\" \/>\n<meta property=\"og:type\" content=\"article\" \/>\n<meta property=\"og:title\" content=\"Rupert Everett presenta il nuovo libro a Milano - Gossip.it | News sul Gossip e VIP\" \/>\n<meta property=\"og:description\" content=\"Rupert Everett ha grandi progetti per i suoi libri. L\u2019attore ha presentato a Milano, al Piccolo Teatro Grassi, il secondo capitolo della sua\" \/>\n<meta property=\"og:url\" content=\"https:\/\/www.gossip.it\/news\/rupert-everett-presenta-il-nuovo-libro-a-milano\/\" \/>\n<meta property=\"og:site_name\" content=\"Gossip.it | News sul Gossip e VIP\" \/>\n<meta property=\"article:publisher\" content=\"https:\/\/www.facebook.com\/GossipIT\" \/>\n<meta property=\"article:published_time\" content=\"2013-11-24T23:00:00+00:00\" \/>\n<meta property=\"og:image\" content=\"http:\/\/www.gossip.it\/images5\/1385384340_.jpg\" \/>\n<meta name=\"author\" content=\"La Redazione\" \/>\n<meta name=\"twitter:card\" content=\"summary_large_image\" \/>\n<meta name=\"twitter:image\" content=\"http:\/\/www.gossip.it\/images5\/1385384340_.jpg\" \/>\n<meta name=\"twitter:creator\" content=\"@gossinews_it\" \/>\n<meta name=\"twitter:site\" content=\"@gossinews_it\" \/>\n<meta name=\"twitter:label1\" content=\"Scritto da\" \/>\n\t<meta name=\"twitter:data1\" content=\"Graziana Mirabile\" \/>\n\t<meta name=\"twitter:label2\" content=\"Tempo di lettura stimato\" \/>\n\t<meta name=\"twitter:data2\" content=\"1 minuto\" \/>","yoast_head_json":{"title":"Rupert Everett presenta il nuovo libro a Milano - Gossip.it | News sul Gossip e VIP","description":"Rupert Everett ha grandi progetti per i suoi libri. L\u2019attore ha presentato a Milano, al Piccolo Teatro Grassi, il secondo capitolo della sua","robots":{"index":"index","follow":"follow","max-snippet":"max-snippet:-1","max-image-preview":"max-image-preview:large","max-video-preview":"max-video-preview:-1"},"canonical":"https:\/\/www.gossip.it\/news\/rupert-everett-presenta-il-nuovo-libro-a-milano\/","og_locale":"it_IT","og_type":"article","og_title":"Rupert Everett presenta il nuovo libro a Milano - Gossip.it | News sul Gossip e VIP","og_description":"Rupert Everett ha grandi progetti per i suoi libri. L\u2019attore ha presentato a Milano, al Piccolo Teatro Grassi, il secondo capitolo della sua","og_url":"https:\/\/www.gossip.it\/news\/rupert-everett-presenta-il-nuovo-libro-a-milano\/","og_site_name":"Gossip.it | News sul Gossip e VIP","article_publisher":"https:\/\/www.facebook.com\/GossipIT","article_published_time":"2013-11-24T23:00:00+00:00","og_image":[{"url":"http:\/\/www.gossip.it\/images5\/1385384340_.jpg"}],"author":"La Redazione","twitter_card":"summary_large_image","twitter_image":"http:\/\/www.gossip.it\/images5\/1385384340_.jpg","twitter_creator":"@gossinews_it","twitter_site":"@gossinews_it","twitter_misc":{"Scritto da":"Graziana Mirabile","Tempo di lettura stimato":"1 minuto"},"schema":{"@context":"https:\/\/schema.org","@graph":[{"@type":"Article","@id":"https:\/\/www.gossip.it\/news\/rupert-everett-presenta-il-nuovo-libro-a-milano\/#article","isPartOf":{"@id":"https:\/\/www.gossip.it\/news\/rupert-everett-presenta-il-nuovo-libro-a-milano\/"},"author":{"name":"La Redazione","@id":"https:\/\/www.gossip.it\/#\/schema\/person\/488896f75158bff1cc83c6c39d141110"},"headline":"Rupert Everett presenta il nuovo libro a Milano","datePublished":"2013-11-24T23:00:00+00:00","dateModified":"2013-11-24T23:00:00+00:00","mainEntityOfPage":{"@id":"https:\/\/www.gossip.it\/news\/rupert-everett-presenta-il-nuovo-libro-a-milano\/"},"wordCount":147,"publisher":{"@id":"https:\/\/www.gossip.it\/#organization"},"image":{"@id":"https:\/\/www.gossip.it\/news\/rupert-everett-presenta-il-nuovo-libro-a-milano\/#primaryimage"},"thumbnailUrl":"http:\/\/www.gossip.it\/images5\/1385384340_.jpg","keywords":["aids","anni","anni svaniti","attore","autobiografia","bucce di banana","capitolo","cattolica","dichiarazioni","educazione","film","foto","gay","italia","libro","milano","nuovo","omosessuale","omosessualit\u00e0","presenta","presentato","rigida","scrive","secondo","soggetto","trasgressione","trilogia","volume"],"articleSection":["News"],"inLanguage":"it-IT"},{"@type":"WebPage","@id":"https:\/\/www.gossip.it\/news\/rupert-everett-presenta-il-nuovo-libro-a-milano\/","url":"https:\/\/www.gossip.it\/news\/rupert-everett-presenta-il-nuovo-libro-a-milano\/","name":"Rupert Everett presenta il nuovo libro a Milano - Gossip.it | News sul Gossip e VIP","isPartOf":{"@id":"https:\/\/www.gossip.it\/#website"},"primaryImageOfPage":{"@id":"https:\/\/www.gossip.it\/news\/rupert-everett-presenta-il-nuovo-libro-a-milano\/#primaryimage"},"image":{"@id":"https:\/\/www.gossip.it\/news\/rupert-everett-presenta-il-nuovo-libro-a-milano\/#primaryimage"},"thumbnailUrl":"http:\/\/www.gossip.it\/images5\/1385384340_.jpg","datePublished":"2013-11-24T23:00:00+00:00","dateModified":"2013-11-24T23:00:00+00:00","description":"Rupert Everett ha grandi progetti per i suoi libri. L\u2019attore ha presentato a Milano, al Piccolo Teatro Grassi, il secondo capitolo della sua","breadcrumb":{"@id":"https:\/\/www.gossip.it\/news\/rupert-everett-presenta-il-nuovo-libro-a-milano\/#breadcrumb"},"inLanguage":"it-IT","potentialAction":[{"@type":"ReadAction","target":["https:\/\/www.gossip.it\/news\/rupert-everett-presenta-il-nuovo-libro-a-milano\/"]}]},{"@type":"ImageObject","inLanguage":"it-IT","@id":"https:\/\/www.gossip.it\/news\/rupert-everett-presenta-il-nuovo-libro-a-milano\/#primaryimage","url":"http:\/\/www.gossip.it\/images5\/1385384340_.jpg","contentUrl":"http:\/\/www.gossip.it\/images5\/1385384340_.jpg"},{"@type":"BreadcrumbList","@id":"https:\/\/www.gossip.it\/news\/rupert-everett-presenta-il-nuovo-libro-a-milano\/#breadcrumb","itemListElement":[{"@type":"ListItem","position":1,"name":"Home","item":"https:\/\/www.gossip.it\/"},{"@type":"ListItem","position":2,"name":"Rupert Everett presenta il nuovo libro a Milano"}]},{"@type":"WebSite","@id":"https:\/\/www.gossip.it\/#website","url":"https:\/\/www.gossip.it\/","name":"Gossip and VIP News","description":"Quotidiano di cronaca rosa, costume e societ\u00e0","publisher":{"@id":"https:\/\/www.gossip.it\/#organization"},"alternateName":"Gossip and VIP News","potentialAction":[{"@type":"SearchAction","target":{"@type":"EntryPoint","urlTemplate":"https:\/\/www.gossip.it\/?s={search_term_string}"},"query-input":{"@type":"PropertyValueSpecification","valueRequired":true,"valueName":"search_term_string"}}],"inLanguage":"it-IT"},{"@type":"Organization","@id":"https:\/\/www.gossip.it\/#organization","name":"Gossip and VIP News","alternateName":"Gossip News","url":"https:\/\/www.gossip.it\/","logo":{"@type":"ImageObject","inLanguage":"it-IT","@id":"https:\/\/www.gossip.it\/#\/schema\/logo\/image\/","url":"https:\/\/www.gossip.it\/wp-content\/uploads\/2022\/04\/cropped-corna-alta-tiny.png","contentUrl":"https:\/\/www.gossip.it\/wp-content\/uploads\/2022\/04\/cropped-corna-alta-tiny.png","width":512,"height":512,"caption":"Gossip and VIP News"},"image":{"@id":"https:\/\/www.gossip.it\/#\/schema\/logo\/image\/"},"sameAs":["https:\/\/www.facebook.com\/GossipIT","https:\/\/x.com\/gossinews_it","https:\/\/instagram.com\/gossip_it"]},{"@type":"Person","@id":"https:\/\/www.gossip.it\/#\/schema\/person\/488896f75158bff1cc83c6c39d141110","name":"La Redazione","image":{"@type":"ImageObject","inLanguage":"it-IT","@id":"https:\/\/www.gossip.it\/#\/schema\/person\/image\/","url":"https:\/\/secure.gravatar.com\/avatar\/5a5f5c6fa3e6700e4249abdad0263a1e94e927d9e0499b1cb09c1cd29c044d80?s=96&d=mm&r=g","contentUrl":"https:\/\/secure.gravatar.com\/avatar\/5a5f5c6fa3e6700e4249abdad0263a1e94e927d9e0499b1cb09c1cd29c044d80?s=96&d=mm&r=g","caption":"La Redazione"},"sameAs":["https:\/\/www.gossip.it"]}]}},"amp_enabled":true,"_links":{"self":[{"href":"https:\/\/www.gossip.it\/api\/wp\/v2\/posts\/43048","targetHints":{"allow":["GET"]}}],"collection":[{"href":"https:\/\/www.gossip.it\/api\/wp\/v2\/posts"}],"about":[{"href":"https:\/\/www.gossip.it\/api\/wp\/v2\/types\/post"}],"author":[{"embeddable":true,"href":"https:\/\/www.gossip.it\/api\/wp\/v2\/users\/1"}],"replies":[{"embeddable":true,"href":"https:\/\/www.gossip.it\/api\/wp\/v2\/comments?post=43048"}],"version-history":[{"count":0,"href":"https:\/\/www.gossip.it\/api\/wp\/v2\/posts\/43048\/revisions"}],"wp:featuredmedia":[{"embeddable":true,"href":"https:\/\/www.gossip.it\/api\/wp\/v2\/media\/99094"}],"wp:attachment":[{"href":"https:\/\/www.gossip.it\/api\/wp\/v2\/media?parent=43048"}],"wp:term":[{"taxonomy":"category","embeddable":true,"href":"https:\/\/www.gossip.it\/api\/wp\/v2\/categories?post=43048"},{"taxonomy":"post_tag","embeddable":true,"href":"https:\/\/www.gossip.it\/api\/wp\/v2\/tags?post=43048"},{"taxonomy":"vip","embeddable":true,"href":"https:\/\/www.gossip.it\/api\/wp\/v2\/vip?post=43048"}],"curies":[{"name":"wp","href":"https:\/\/api.w.org\/{rel}","templated":true}]}}