{"id":43071,"date":"2013-11-26T00:00:00","date_gmt":"2013-11-25T23:00:00","guid":{"rendered":"https:\/\/www.gossip.it\/senza-categoria\/stefano-de-martino-prima-pranzo-con-i-fan\/"},"modified":"2013-11-26T00:00:00","modified_gmt":"2013-11-25T23:00:00","slug":"stefano-de-martino-prima-pranzo-con-i-fan","status":"publish","type":"post","link":"https:\/\/www.gossip.it\/news\/stefano-de-martino-prima-pranzo-con-i-fan\/","title":{"rendered":"Stefano De Martino, prima pranzo con i fan"},"content":{"rendered":"<p>Se <a href=\"http:\/\/www.gossip.it\/news\/monografia.php?keyword=Belen Rodriguez\">Belen Rodriguez<\/a> non c'\u00e8 perch\u00e9 impegnata sul lavoro, \u00e8 <a href=\"http:\/\/www.gossip.it\/news\/monografia.php?keyword=Stefano De Martino\">Stefano De Martino<\/a> a occuparsi di <a href=\"http:\/\/www.gossip.it\/news\/monografia.php?keyword=Santiago\">Santiago<\/a>. Non c'\u00e8 problema. Il ballerino \u00e8 un pap\u00e0 esemplare. Il piccolo lo porta con s\u00e8, anche se deve presenziare a un pranzo in pizzeria con tanti fan a Milano.<br \/>\nLook sportivo, il tattoo sul collo fatto per l'ex <a href=\"http:\/\/www.gossip.it\/news\/monografia.php?keyword=Emma\">Emma<\/a> quasi del tutto cancellato con il laser, Stefano, armato di passeggino, \u00e8 stato sorpreso mentre scarrozzava il figlio. Con lui anche la sorella <b>Adelaide<\/b>, una zia amorevole. E dopo aver messo qualcosa sotto i denti, ha approfittato del tempo discreto, sfidando la temperatura rigida, per passeggiate nel centro della citt\u00e0 con alcuni amici, sorridente e sereno.<\/p>\n<p>Le voci di crisi e presunti litigi con la <a href=\"http:\/\/www.gossip.it\/news\/monografia.php?keyword=showgirl\">showgirl<\/a> argentina, diventata sua moglie lo scorso <b>20 settembre<\/b>, lo fanno sorridere ormai, neppure si indispettisce pi\u00f9. <b>Il rapporto di coppia va alla grande<\/b>. Come pure sono un successo gli stage di danza che De Martino fa in tutta Italia. Tutto il resto, solo chiacchiere senza alcuna importanza.<\/p>\n","protected":false},"excerpt":{"rendered":"<p>Se Belen Rodriguez non c'\u00e8 perch\u00e9 impegnata sul lavoro, \u00e8 Stefano De Martino a occuparsi di Santiago. Non c'\u00e8 problema. Il ballerino \u00e8 un pap\u00e0 esemplare. Il piccolo lo porta con s\u00e8, anche se deve presenziare a un pranzo in pizzeria con tanti fan a Milano. Look sportivo, il tattoo sul collo fatto per l'ex [&hellip;]<\/p>\n","protected":false},"author":1,"featured_media":99117,"comment_status":"closed","ping_status":"closed","sticky":false,"template":"","format":"standard","meta":{"footnotes":""},"categories":[54],"tags":[2504,1979,5281,7659,1967],"vip":[396,1731],"class_list":["post-43071","post","type-post","status-publish","format-standard","has-post-thumbnail","hentry","category-news","tag-ballerino","tag-milano","tag-paparazzate","tag-santiago","tag-showgirl","vip-belen_rodriguez","vip-stefano_de_martino"],"yoast_head":"<title>Stefano De Martino, prima pranzo con i fan - Gossip.it | News sul Gossip e VIP<\/title>\n<meta name=\"description\" content=\"Se Belen Rodriguez non c&#039;\u00e8 perch\u00e9 impegnata sul lavoro, \u00e8 Stefano De Martino a occuparsi di Santiago. Non c&#039;\u00e8 problema. Il ballerino \u00e8 un pap\u00e0 esemplare.\" \/>\n<meta name=\"robots\" content=\"index, follow, max-snippet:-1, max-image-preview:large, max-video-preview:-1\" \/>\n<link rel=\"canonical\" href=\"https:\/\/www.gossip.it\/news\/stefano-de-martino-prima-pranzo-con-i-fan\/\" \/>\n<meta property=\"og:locale\" content=\"it_IT\" \/>\n<meta property=\"og:type\" content=\"article\" \/>\n<meta property=\"og:title\" content=\"Stefano De Martino, prima pranzo con i fan - Gossip.it | News sul Gossip e VIP\" \/>\n<meta property=\"og:description\" content=\"Se Belen Rodriguez non c&#039;\u00e8 perch\u00e9 impegnata sul lavoro, \u00e8 Stefano De Martino a occuparsi di Santiago. Non c&#039;\u00e8 problema. Il ballerino \u00e8 un pap\u00e0 esemplare.\" \/>\n<meta property=\"og:url\" content=\"https:\/\/www.gossip.it\/news\/stefano-de-martino-prima-pranzo-con-i-fan\/\" \/>\n<meta property=\"og:site_name\" content=\"Gossip.it | News sul Gossip e VIP\" \/>\n<meta property=\"article:publisher\" content=\"https:\/\/www.facebook.com\/GossipIT\" \/>\n<meta property=\"article:published_time\" content=\"2013-11-25T23:00:00+00:00\" \/>\n<meta property=\"og:image\" content=\"http:\/\/www.gossip.it\/images5\/1385465215_.jpg\" \/>\n<meta name=\"author\" content=\"La Redazione\" \/>\n<meta name=\"twitter:card\" content=\"summary_large_image\" \/>\n<meta name=\"twitter:image\" content=\"http:\/\/www.gossip.it\/images5\/1385465215_.jpg\" \/>\n<meta name=\"twitter:creator\" content=\"@gossinews_it\" \/>\n<meta name=\"twitter:site\" content=\"@gossinews_it\" \/>\n<meta name=\"twitter:label1\" content=\"Scritto da\" \/>\n\t<meta name=\"twitter:data1\" content=\"Annamaria Capozzi\" \/>\n\t<meta name=\"twitter:label2\" content=\"Tempo di lettura stimato\" \/>\n\t<meta name=\"twitter:data2\" content=\"1 minuto\" \/>","yoast_head_json":{"title":"Stefano De Martino, prima pranzo con i fan - Gossip.it | News sul Gossip e VIP","description":"Se Belen Rodriguez non c'\u00e8 perch\u00e9 impegnata sul lavoro, \u00e8 Stefano De Martino a occuparsi di Santiago. Non c'\u00e8 problema. Il ballerino \u00e8 un pap\u00e0 esemplare.","robots":{"index":"index","follow":"follow","max-snippet":"max-snippet:-1","max-image-preview":"max-image-preview:large","max-video-preview":"max-video-preview:-1"},"canonical":"https:\/\/www.gossip.it\/news\/stefano-de-martino-prima-pranzo-con-i-fan\/","og_locale":"it_IT","og_type":"article","og_title":"Stefano De Martino, prima pranzo con i fan - Gossip.it | News sul Gossip e VIP","og_description":"Se Belen Rodriguez non c'\u00e8 perch\u00e9 impegnata sul lavoro, \u00e8 Stefano De Martino a occuparsi di Santiago. Non c'\u00e8 problema. Il ballerino \u00e8 un pap\u00e0 esemplare.","og_url":"https:\/\/www.gossip.it\/news\/stefano-de-martino-prima-pranzo-con-i-fan\/","og_site_name":"Gossip.it | News sul Gossip e VIP","article_publisher":"https:\/\/www.facebook.com\/GossipIT","article_published_time":"2013-11-25T23:00:00+00:00","og_image":[{"url":"http:\/\/www.gossip.it\/images5\/1385465215_.jpg"}],"author":"La Redazione","twitter_card":"summary_large_image","twitter_image":"http:\/\/www.gossip.it\/images5\/1385465215_.jpg","twitter_creator":"@gossinews_it","twitter_site":"@gossinews_it","twitter_misc":{"Scritto da":"Annamaria Capozzi","Tempo di lettura stimato":"1 minuto"},"schema":{"@context":"https:\/\/schema.org","@graph":[{"@type":"Article","@id":"https:\/\/www.gossip.it\/news\/stefano-de-martino-prima-pranzo-con-i-fan\/#article","isPartOf":{"@id":"https:\/\/www.gossip.it\/news\/stefano-de-martino-prima-pranzo-con-i-fan\/"},"author":{"name":"La Redazione","@id":"https:\/\/www.gossip.it\/#\/schema\/person\/488896f75158bff1cc83c6c39d141110"},"headline":"Stefano De Martino, prima pranzo con i fan","datePublished":"2013-11-25T23:00:00+00:00","dateModified":"2013-11-25T23:00:00+00:00","mainEntityOfPage":{"@id":"https:\/\/www.gossip.it\/news\/stefano-de-martino-prima-pranzo-con-i-fan\/"},"wordCount":174,"publisher":{"@id":"https:\/\/www.gossip.it\/#organization"},"image":{"@id":"https:\/\/www.gossip.it\/news\/stefano-de-martino-prima-pranzo-con-i-fan\/#primaryimage"},"thumbnailUrl":"http:\/\/www.gossip.it\/images5\/1385465215_.jpg","keywords":["ballerino","milano","paparazzate","santiago","showgirl"],"articleSection":["News"],"inLanguage":"it-IT"},{"@type":"WebPage","@id":"https:\/\/www.gossip.it\/news\/stefano-de-martino-prima-pranzo-con-i-fan\/","url":"https:\/\/www.gossip.it\/news\/stefano-de-martino-prima-pranzo-con-i-fan\/","name":"Stefano De Martino, prima pranzo con i fan - Gossip.it | News sul Gossip e VIP","isPartOf":{"@id":"https:\/\/www.gossip.it\/#website"},"primaryImageOfPage":{"@id":"https:\/\/www.gossip.it\/news\/stefano-de-martino-prima-pranzo-con-i-fan\/#primaryimage"},"image":{"@id":"https:\/\/www.gossip.it\/news\/stefano-de-martino-prima-pranzo-con-i-fan\/#primaryimage"},"thumbnailUrl":"http:\/\/www.gossip.it\/images5\/1385465215_.jpg","datePublished":"2013-11-25T23:00:00+00:00","dateModified":"2013-11-25T23:00:00+00:00","description":"Se Belen Rodriguez non c'\u00e8 perch\u00e9 impegnata sul lavoro, \u00e8 Stefano De Martino a occuparsi di Santiago. Non c'\u00e8 problema. Il ballerino \u00e8 un pap\u00e0 esemplare.","breadcrumb":{"@id":"https:\/\/www.gossip.it\/news\/stefano-de-martino-prima-pranzo-con-i-fan\/#breadcrumb"},"inLanguage":"it-IT","potentialAction":[{"@type":"ReadAction","target":["https:\/\/www.gossip.it\/news\/stefano-de-martino-prima-pranzo-con-i-fan\/"]}]},{"@type":"ImageObject","inLanguage":"it-IT","@id":"https:\/\/www.gossip.it\/news\/stefano-de-martino-prima-pranzo-con-i-fan\/#primaryimage","url":"http:\/\/www.gossip.it\/images5\/1385465215_.jpg","contentUrl":"http:\/\/www.gossip.it\/images5\/1385465215_.jpg"},{"@type":"BreadcrumbList","@id":"https:\/\/www.gossip.it\/news\/stefano-de-martino-prima-pranzo-con-i-fan\/#breadcrumb","itemListElement":[{"@type":"ListItem","position":1,"name":"Home","item":"https:\/\/www.gossip.it\/"},{"@type":"ListItem","position":2,"name":"Stefano De Martino, prima pranzo con i fan"}]},{"@type":"WebSite","@id":"https:\/\/www.gossip.it\/#website","url":"https:\/\/www.gossip.it\/","name":"Gossip and VIP News","description":"Quotidiano di cronaca rosa, costume e societ\u00e0","publisher":{"@id":"https:\/\/www.gossip.it\/#organization"},"alternateName":"Gossip and VIP News","potentialAction":[{"@type":"SearchAction","target":{"@type":"EntryPoint","urlTemplate":"https:\/\/www.gossip.it\/?s={search_term_string}"},"query-input":{"@type":"PropertyValueSpecification","valueRequired":true,"valueName":"search_term_string"}}],"inLanguage":"it-IT"},{"@type":"Organization","@id":"https:\/\/www.gossip.it\/#organization","name":"Gossip and VIP News","alternateName":"Gossip News","url":"https:\/\/www.gossip.it\/","logo":{"@type":"ImageObject","inLanguage":"it-IT","@id":"https:\/\/www.gossip.it\/#\/schema\/logo\/image\/","url":"https:\/\/www.gossip.it\/wp-content\/uploads\/2022\/04\/cropped-corna-alta-tiny.png","contentUrl":"https:\/\/www.gossip.it\/wp-content\/uploads\/2022\/04\/cropped-corna-alta-tiny.png","width":512,"height":512,"caption":"Gossip and VIP News"},"image":{"@id":"https:\/\/www.gossip.it\/#\/schema\/logo\/image\/"},"sameAs":["https:\/\/www.facebook.com\/GossipIT","https:\/\/x.com\/gossinews_it","https:\/\/instagram.com\/gossip_it"]},{"@type":"Person","@id":"https:\/\/www.gossip.it\/#\/schema\/person\/488896f75158bff1cc83c6c39d141110","name":"La Redazione","image":{"@type":"ImageObject","inLanguage":"it-IT","@id":"https:\/\/www.gossip.it\/#\/schema\/person\/image\/","url":"https:\/\/secure.gravatar.com\/avatar\/5a5f5c6fa3e6700e4249abdad0263a1e94e927d9e0499b1cb09c1cd29c044d80?s=96&d=mm&r=g","contentUrl":"https:\/\/secure.gravatar.com\/avatar\/5a5f5c6fa3e6700e4249abdad0263a1e94e927d9e0499b1cb09c1cd29c044d80?s=96&d=mm&r=g","caption":"La Redazione"},"sameAs":["https:\/\/www.gossip.it"]}]}},"amp_enabled":true,"_links":{"self":[{"href":"https:\/\/www.gossip.it\/api\/wp\/v2\/posts\/43071","targetHints":{"allow":["GET"]}}],"collection":[{"href":"https:\/\/www.gossip.it\/api\/wp\/v2\/posts"}],"about":[{"href":"https:\/\/www.gossip.it\/api\/wp\/v2\/types\/post"}],"author":[{"embeddable":true,"href":"https:\/\/www.gossip.it\/api\/wp\/v2\/users\/1"}],"replies":[{"embeddable":true,"href":"https:\/\/www.gossip.it\/api\/wp\/v2\/comments?post=43071"}],"version-history":[{"count":0,"href":"https:\/\/www.gossip.it\/api\/wp\/v2\/posts\/43071\/revisions"}],"wp:featuredmedia":[{"embeddable":true,"href":"https:\/\/www.gossip.it\/api\/wp\/v2\/media\/99117"}],"wp:attachment":[{"href":"https:\/\/www.gossip.it\/api\/wp\/v2\/media?parent=43071"}],"wp:term":[{"taxonomy":"category","embeddable":true,"href":"https:\/\/www.gossip.it\/api\/wp\/v2\/categories?post=43071"},{"taxonomy":"post_tag","embeddable":true,"href":"https:\/\/www.gossip.it\/api\/wp\/v2\/tags?post=43071"},{"taxonomy":"vip","embeddable":true,"href":"https:\/\/www.gossip.it\/api\/wp\/v2\/vip?post=43071"}],"curies":[{"name":"wp","href":"https:\/\/api.w.org\/{rel}","templated":true}]}}