{"id":43183,"date":"2013-11-29T00:00:00","date_gmt":"2013-11-28T23:00:00","guid":{"rendered":"https:\/\/www.gossip.it\/senza-categoria\/adriano-galliani-addio-al-milan\/"},"modified":"2013-11-29T00:00:00","modified_gmt":"2013-11-28T23:00:00","slug":"adriano-galliani-addio-al-milan","status":"publish","type":"post","link":"https:\/\/www.gossip.it\/news\/adriano-galliani-addio-al-milan\/","title":{"rendered":"Adriano Galliani, addio al Milan"},"content":{"rendered":"<p>Dopo 27 anni, dice addio al <b>Milan<\/b>. E' stanco dei gossip, stanchissimo per le divergenze di opinioni con <a href=\"http:\/\/www.gossip.it\/news\/monografia.php?keyword=Barbara Berlusconi\">Barbara Berlusconi<\/a>, che da quando \u00e8 arrivata ai vertici della squadra ha sempre voluto farlo fuori, nonostante la lunga amicizia e l'infinito rapporto di stima che lo lega al padre <b>Silvio<\/b>. <a href=\"http:\/\/www.gossip.it\/news\/monografia.php?keyword=Adriano Galliani\">Adriano Galliani<\/a> lascia e non senza polemiche o rancori. La ferita \u00e8 insanabile e neppure la vittoria di Glasgow in <b>Champions League<\/b> \u00e8 servita a sedare gli animi.<br \/>\n<b><em>\"Lascio, con o senza accordo sulla buonuscita<\/em><\/b> - ha spiegato l'ad rossonero all'<b>Ansa<\/b> - <b><em>Sono offeso, non \u00e8 cos\u00ec che si opera il ricambio generazionale, lo si fa con eleganza. Mi dimetto per giusta causa nei prossimi giorni, forse aspetto la sfida di Champions con l'Ajax<\/em><\/b> (prevista l'11 dicembre, ndr)<em><b>. Comunque non mi faccio rosolare\"<\/em><\/b>.<\/p>\n<p>I dissapori con la primogenita di <a href=\"http:\/\/www.gossip.it\/news\/monografia.php?keyword=Veronica Lario\">Veronica Lario<\/a> sono venuti fuori quando la bionda ha messo in discussione il modo di gestire il Milan. <b>Per lei il club ultimamente ha speso tanto e male<\/b>. Il <a href=\"http:\/\/www.gossip.it\/news\/monografia.php?keyword=Cavaliere\">Cavaliere<\/a> sperava di poter andare avanti con Adriano almeno fino a fine stagione, ma gi\u00e0 ieri sera hanno cominciato a circolare i primi rumors sulle dimissioni di Galliani che serebbero arrivate tra una decina di giorni. <b><em>\"Ho subito un grave danno d'immagine\"<\/em><\/b>, ha sottolineato. Non si sa se per lui arriver\u00e0 un futuro in politica, non \u00e8 entusiasta all'idea. <b><em>\"Il mio affetto per il presidente Berlusconi \u00e8 immutato e immutabile<\/em><\/b> - ha chiarito Galliani, precisando di avere comunicato l'intenzione di dimettersi a <b>Ermolli<\/b>, <b><em>\"grand commiss\"<\/em><\/b> di Berlusconi - <b><em>Bruno \u00e8 la persona deputata a questa vicenda. Non ho voluto disturbare il presidente\"<\/em><\/b>.<br \/>\nE ha aggiunto: <em>\"<b>Dimettermi prima della partita con l'Ajax sembrerebbe un atto ostile verso la squadra per cui tifer\u00f2 tutta la vita<\/b>. Si \u00e8 detto che il Milan spende male e non ha una rete di osservatori come Roma e Fiorentina, ma la Roma negli ultimi 5 anni \u00e8 andata in Champions una volta e la Fiorentina mai. Il Milan ha da due anni il bilancio in pareggio, altre societ\u00e0 hanno montagne di debiti. L'anno scorso tutte le nostre squadre giovanili sono andate alle Final Four\"<\/em>. Ha poi concluso: <em>\"Mi chiamano grandi presidenti anche dall'estero, e non capiscono cosa stia succedendo. Io sono andato a Madrid quest'estate per prendere Kak\u00e0 senza un appuntamento e mi hanno aperto gli uffici del Real. Quando sono andato, nell'agosto 2010, a prendere Ibrahimovic a Barcellona, il presidente Rosell \u00e8 tornato apposta dalle ferie che aveva programmato con la sua famiglia\"<\/em>. D'ora in poi sar\u00e0 Barbara, per\u00f2, a tenere in mano le redini. Alla fine ha vinto lei.<\/p>\n","protected":false},"excerpt":{"rendered":"<p>Dopo 27 anni, dice addio al Milan. E' stanco dei gossip, stanchissimo per le divergenze di opinioni con Barbara Berlusconi, che da quando \u00e8 arrivata ai vertici della squadra ha sempre voluto farlo fuori, nonostante la lunga amicizia e l'infinito rapporto di stima che lo lega al padre Silvio. Adriano Galliani lascia e non senza [&hellip;]<\/p>\n","protected":false},"author":1,"featured_media":99229,"comment_status":"closed","ping_status":"closed","sticky":false,"template":"","format":"standard","meta":{"footnotes":""},"categories":[54],"tags":[11284,18421,22456,6738,2102,5639,4144,6458],"vip":[],"class_list":["post-43183","post","type-post","status-publish","format-standard","has-post-thumbnail","hentry","category-news","tag-addii","tag-adriano-galliani","tag-barbara-berlusconi","tag-crack","tag-dichiarazioni","tag-milan","tag-separazione","tag-silvio-berlusconi"],"yoast_head":"<title>Adriano Galliani, addio al Milan - Gossip.it | News sul Gossip e VIP<\/title>\n<meta name=\"description\" content=\"Dopo 27 anni, dice addio al Milan. E&#039; stanco dei gossip, stanchissimo per le divergenze di opinioni con Barbara Berlusconi, che da quando \u00e8 arrivata ai\" \/>\n<meta name=\"robots\" content=\"index, follow, max-snippet:-1, max-image-preview:large, max-video-preview:-1\" \/>\n<link rel=\"canonical\" href=\"https:\/\/www.gossip.it\/news\/adriano-galliani-addio-al-milan\/\" \/>\n<meta property=\"og:locale\" content=\"it_IT\" \/>\n<meta property=\"og:type\" content=\"article\" \/>\n<meta property=\"og:title\" content=\"Adriano Galliani, addio al Milan - Gossip.it | News sul Gossip e VIP\" \/>\n<meta property=\"og:description\" content=\"Dopo 27 anni, dice addio al Milan. E&#039; stanco dei gossip, stanchissimo per le divergenze di opinioni con Barbara Berlusconi, che da quando \u00e8 arrivata ai\" \/>\n<meta property=\"og:url\" content=\"https:\/\/www.gossip.it\/news\/adriano-galliani-addio-al-milan\/\" \/>\n<meta property=\"og:site_name\" content=\"Gossip.it | News sul Gossip e VIP\" \/>\n<meta property=\"article:publisher\" content=\"https:\/\/www.facebook.com\/GossipIT\" \/>\n<meta property=\"article:published_time\" content=\"2013-11-28T23:00:00+00:00\" \/>\n<meta property=\"og:image\" content=\"http:\/\/www.gossip.it\/images5\/1385729163_.jpg\" \/>\n<meta name=\"author\" content=\"La Redazione\" \/>\n<meta name=\"twitter:card\" content=\"summary_large_image\" \/>\n<meta name=\"twitter:image\" content=\"http:\/\/www.gossip.it\/images5\/1385729163_.jpg\" \/>\n<meta name=\"twitter:creator\" content=\"@gossinews_it\" \/>\n<meta name=\"twitter:site\" content=\"@gossinews_it\" \/>\n<meta name=\"twitter:label1\" content=\"Scritto da\" \/>\n\t<meta name=\"twitter:data1\" content=\"Annamaria Capozzi\" \/>\n\t<meta name=\"twitter:label2\" content=\"Tempo di lettura stimato\" \/>\n\t<meta name=\"twitter:data2\" content=\"2 minuti\" \/>","yoast_head_json":{"title":"Adriano Galliani, addio al Milan - Gossip.it | News sul Gossip e VIP","description":"Dopo 27 anni, dice addio al Milan. E' stanco dei gossip, stanchissimo per le divergenze di opinioni con Barbara Berlusconi, che da quando \u00e8 arrivata ai","robots":{"index":"index","follow":"follow","max-snippet":"max-snippet:-1","max-image-preview":"max-image-preview:large","max-video-preview":"max-video-preview:-1"},"canonical":"https:\/\/www.gossip.it\/news\/adriano-galliani-addio-al-milan\/","og_locale":"it_IT","og_type":"article","og_title":"Adriano Galliani, addio al Milan - Gossip.it | News sul Gossip e VIP","og_description":"Dopo 27 anni, dice addio al Milan. E' stanco dei gossip, stanchissimo per le divergenze di opinioni con Barbara Berlusconi, che da quando \u00e8 arrivata ai","og_url":"https:\/\/www.gossip.it\/news\/adriano-galliani-addio-al-milan\/","og_site_name":"Gossip.it | News sul Gossip e VIP","article_publisher":"https:\/\/www.facebook.com\/GossipIT","article_published_time":"2013-11-28T23:00:00+00:00","og_image":[{"url":"http:\/\/www.gossip.it\/images5\/1385729163_.jpg"}],"author":"La Redazione","twitter_card":"summary_large_image","twitter_image":"http:\/\/www.gossip.it\/images5\/1385729163_.jpg","twitter_creator":"@gossinews_it","twitter_site":"@gossinews_it","twitter_misc":{"Scritto da":"Annamaria Capozzi","Tempo di lettura stimato":"2 minuti"},"schema":{"@context":"https:\/\/schema.org","@graph":[{"@type":"Article","@id":"https:\/\/www.gossip.it\/news\/adriano-galliani-addio-al-milan\/#article","isPartOf":{"@id":"https:\/\/www.gossip.it\/news\/adriano-galliani-addio-al-milan\/"},"author":{"name":"La Redazione","@id":"https:\/\/www.gossip.it\/#\/schema\/person\/488896f75158bff1cc83c6c39d141110"},"headline":"Adriano Galliani, addio al Milan","datePublished":"2013-11-28T23:00:00+00:00","dateModified":"2013-11-28T23:00:00+00:00","mainEntityOfPage":{"@id":"https:\/\/www.gossip.it\/news\/adriano-galliani-addio-al-milan\/"},"wordCount":437,"publisher":{"@id":"https:\/\/www.gossip.it\/#organization"},"image":{"@id":"https:\/\/www.gossip.it\/news\/adriano-galliani-addio-al-milan\/#primaryimage"},"thumbnailUrl":"http:\/\/www.gossip.it\/images5\/1385729163_.jpg","keywords":["addii","adriano galliani","barbara berlusconi","crack","dichiarazioni","milan","separazione","silvio berlusconi"],"articleSection":["News"],"inLanguage":"it-IT"},{"@type":"WebPage","@id":"https:\/\/www.gossip.it\/news\/adriano-galliani-addio-al-milan\/","url":"https:\/\/www.gossip.it\/news\/adriano-galliani-addio-al-milan\/","name":"Adriano Galliani, addio al Milan - Gossip.it | News sul Gossip e VIP","isPartOf":{"@id":"https:\/\/www.gossip.it\/#website"},"primaryImageOfPage":{"@id":"https:\/\/www.gossip.it\/news\/adriano-galliani-addio-al-milan\/#primaryimage"},"image":{"@id":"https:\/\/www.gossip.it\/news\/adriano-galliani-addio-al-milan\/#primaryimage"},"thumbnailUrl":"http:\/\/www.gossip.it\/images5\/1385729163_.jpg","datePublished":"2013-11-28T23:00:00+00:00","dateModified":"2013-11-28T23:00:00+00:00","description":"Dopo 27 anni, dice addio al Milan. E' stanco dei gossip, stanchissimo per le divergenze di opinioni con Barbara Berlusconi, che da quando \u00e8 arrivata ai","breadcrumb":{"@id":"https:\/\/www.gossip.it\/news\/adriano-galliani-addio-al-milan\/#breadcrumb"},"inLanguage":"it-IT","potentialAction":[{"@type":"ReadAction","target":["https:\/\/www.gossip.it\/news\/adriano-galliani-addio-al-milan\/"]}]},{"@type":"ImageObject","inLanguage":"it-IT","@id":"https:\/\/www.gossip.it\/news\/adriano-galliani-addio-al-milan\/#primaryimage","url":"http:\/\/www.gossip.it\/images5\/1385729163_.jpg","contentUrl":"http:\/\/www.gossip.it\/images5\/1385729163_.jpg"},{"@type":"BreadcrumbList","@id":"https:\/\/www.gossip.it\/news\/adriano-galliani-addio-al-milan\/#breadcrumb","itemListElement":[{"@type":"ListItem","position":1,"name":"Home","item":"https:\/\/www.gossip.it\/"},{"@type":"ListItem","position":2,"name":"Adriano Galliani, addio al Milan"}]},{"@type":"WebSite","@id":"https:\/\/www.gossip.it\/#website","url":"https:\/\/www.gossip.it\/","name":"Gossip and VIP News","description":"Quotidiano di cronaca rosa, costume e societ\u00e0","publisher":{"@id":"https:\/\/www.gossip.it\/#organization"},"alternateName":"Gossip and VIP News","potentialAction":[{"@type":"SearchAction","target":{"@type":"EntryPoint","urlTemplate":"https:\/\/www.gossip.it\/?s={search_term_string}"},"query-input":{"@type":"PropertyValueSpecification","valueRequired":true,"valueName":"search_term_string"}}],"inLanguage":"it-IT"},{"@type":"Organization","@id":"https:\/\/www.gossip.it\/#organization","name":"Gossip and VIP News","alternateName":"Gossip News","url":"https:\/\/www.gossip.it\/","logo":{"@type":"ImageObject","inLanguage":"it-IT","@id":"https:\/\/www.gossip.it\/#\/schema\/logo\/image\/","url":"https:\/\/www.gossip.it\/wp-content\/uploads\/2022\/04\/cropped-corna-alta-tiny.png","contentUrl":"https:\/\/www.gossip.it\/wp-content\/uploads\/2022\/04\/cropped-corna-alta-tiny.png","width":512,"height":512,"caption":"Gossip and VIP News"},"image":{"@id":"https:\/\/www.gossip.it\/#\/schema\/logo\/image\/"},"sameAs":["https:\/\/www.facebook.com\/GossipIT","https:\/\/x.com\/gossinews_it","https:\/\/instagram.com\/gossip_it"]},{"@type":"Person","@id":"https:\/\/www.gossip.it\/#\/schema\/person\/488896f75158bff1cc83c6c39d141110","name":"La Redazione","image":{"@type":"ImageObject","inLanguage":"it-IT","@id":"https:\/\/www.gossip.it\/#\/schema\/person\/image\/","url":"https:\/\/secure.gravatar.com\/avatar\/5a5f5c6fa3e6700e4249abdad0263a1e94e927d9e0499b1cb09c1cd29c044d80?s=96&d=mm&r=g","contentUrl":"https:\/\/secure.gravatar.com\/avatar\/5a5f5c6fa3e6700e4249abdad0263a1e94e927d9e0499b1cb09c1cd29c044d80?s=96&d=mm&r=g","caption":"La Redazione"},"sameAs":["https:\/\/www.gossip.it"]}]}},"amp_enabled":true,"_links":{"self":[{"href":"https:\/\/www.gossip.it\/api\/wp\/v2\/posts\/43183","targetHints":{"allow":["GET"]}}],"collection":[{"href":"https:\/\/www.gossip.it\/api\/wp\/v2\/posts"}],"about":[{"href":"https:\/\/www.gossip.it\/api\/wp\/v2\/types\/post"}],"author":[{"embeddable":true,"href":"https:\/\/www.gossip.it\/api\/wp\/v2\/users\/1"}],"replies":[{"embeddable":true,"href":"https:\/\/www.gossip.it\/api\/wp\/v2\/comments?post=43183"}],"version-history":[{"count":0,"href":"https:\/\/www.gossip.it\/api\/wp\/v2\/posts\/43183\/revisions"}],"wp:featuredmedia":[{"embeddable":true,"href":"https:\/\/www.gossip.it\/api\/wp\/v2\/media\/99229"}],"wp:attachment":[{"href":"https:\/\/www.gossip.it\/api\/wp\/v2\/media?parent=43183"}],"wp:term":[{"taxonomy":"category","embeddable":true,"href":"https:\/\/www.gossip.it\/api\/wp\/v2\/categories?post=43183"},{"taxonomy":"post_tag","embeddable":true,"href":"https:\/\/www.gossip.it\/api\/wp\/v2\/tags?post=43183"},{"taxonomy":"vip","embeddable":true,"href":"https:\/\/www.gossip.it\/api\/wp\/v2\/vip?post=43183"}],"curies":[{"name":"wp","href":"https:\/\/api.w.org\/{rel}","templated":true}]}}