{"id":43231,"date":"2013-12-02T00:00:00","date_gmt":"2013-12-01T23:00:00","guid":{"rendered":"https:\/\/www.gossip.it\/senza-categoria\/vittoria-puccini-presenta-anna-karenina\/"},"modified":"2013-12-02T00:00:00","modified_gmt":"2013-12-01T23:00:00","slug":"vittoria-puccini-presenta-anna-karenina","status":"publish","type":"post","link":"https:\/\/www.gossip.it\/news\/vittoria-puccini-presenta-anna-karenina\/","title":{"rendered":"Vittoria Puccini presenta 'Anna Karenina'"},"content":{"rendered":"<p>Al momento \u00e8 impegnata sul set della fiction che la vede vestire in panni di <b>Oriana Fallaci<\/b>, <a href=\"http:\/\/www.gossip.it\/news\/monografia.php?keyword=Vittoria Puccini\">Vittoria Puccini<\/a> per\u00f2 dal 2 dicembre, in prima serata su Raiuno, sar\u00e0 di nuovo sul piccolo schermo nelle vesti di uno dei personaggi letterari pi\u00f9 amati di tutti tempi, <b>Anna Karenina<\/b>. L\u2019attrice ha presentato a <b>Roma <\/b> la miniserie tratta dall\u2019omonimo romanzo di <b>Lev Tolstoj.<\/b> Cinta da un abito bianco con ampio cappotto a mantella scuro, Vittoria ha sfoggiato un look sofisticato ed \u00e8 apparsa bellissima, in splendida forma.<\/p>\n<p>Diretta da <b>Christian Duguay<\/b>, la fiction  vede tra i suoi intepreti anche <a href=\"http:\/\/www.gossip.it\/news\/monografia.php?keyword=Pietro Sermonti\">Pietro Sermonti<\/a>, nei panni di Stiva, <a href=\"http:\/\/www.gossip.it\/news\/monografia.php?keyword=Carlotta Natoli\">Carlotta Natoli<\/a>, in quelli di Dolly, <b>Benjamin Sadler<\/b> nel ruolo di Alekseij Karenin, <b>Max von Tun<\/b> che interpreta Konstantin Levin e <b>Lou De La\u00e2ge<\/b>, Kitty Scerb\u00e0tskaja.<\/p>\n","protected":false},"excerpt":{"rendered":"<p>Al momento \u00e8 impegnata sul set della fiction che la vede vestire in panni di Oriana Fallaci, Vittoria Puccini per\u00f2 dal 2 dicembre, in prima serata su Raiuno, sar\u00e0 di nuovo sul piccolo schermo nelle vesti di uno dei personaggi letterari pi\u00f9 amati di tutti tempi, Anna Karenina. L\u2019attrice ha presentato a Roma la miniserie [&hellip;]<\/p>\n","protected":false},"author":1,"featured_media":99277,"comment_status":"closed","ping_status":"closed","sticky":false,"template":"","format":"standard","meta":{"footnotes":""},"categories":[54],"tags":[46640,2498,4938,2966],"vip":[449,1512,1843],"class_list":["post-43231","post","type-post","status-publish","format-standard","has-post-thumbnail","hentry","category-news","tag-anna-carenino","tag-fiction","tag-raiuno","tag-romanzo","vip-carlotta_natoli","vip-pietro_sermonti","vip-vittoria_puccini"],"yoast_head":"<title>Vittoria Puccini presenta &#039;Anna Karenina&#039; - Gossip.it | News sul Gossip e VIP<\/title>\n<meta name=\"description\" content=\"Al momento \u00e8 impegnata sul set della fiction che la vede vestire in panni di Oriana Fallaci, Vittoria Puccini per\u00f2 dal 2 dicembre, in prima serata su\" \/>\n<meta name=\"robots\" content=\"index, follow, max-snippet:-1, max-image-preview:large, max-video-preview:-1\" \/>\n<link rel=\"canonical\" href=\"https:\/\/www.gossip.it\/news\/vittoria-puccini-presenta-anna-karenina\/\" \/>\n<meta property=\"og:locale\" content=\"it_IT\" \/>\n<meta property=\"og:type\" content=\"article\" \/>\n<meta property=\"og:title\" content=\"Vittoria Puccini presenta &#039;Anna Karenina&#039; - Gossip.it | News sul Gossip e VIP\" \/>\n<meta property=\"og:description\" content=\"Al momento \u00e8 impegnata sul set della fiction che la vede vestire in panni di Oriana Fallaci, Vittoria Puccini per\u00f2 dal 2 dicembre, in prima serata su\" \/>\n<meta property=\"og:url\" content=\"https:\/\/www.gossip.it\/news\/vittoria-puccini-presenta-anna-karenina\/\" \/>\n<meta property=\"og:site_name\" content=\"Gossip.it | News sul Gossip e VIP\" \/>\n<meta property=\"article:publisher\" content=\"https:\/\/www.facebook.com\/GossipIT\" \/>\n<meta property=\"article:published_time\" content=\"2013-12-01T23:00:00+00:00\" \/>\n<meta property=\"og:image\" content=\"http:\/\/www.gossip.it\/images5\/1385994121_.jpg\" \/>\n<meta name=\"author\" content=\"La Redazione\" \/>\n<meta name=\"twitter:card\" content=\"summary_large_image\" \/>\n<meta name=\"twitter:image\" content=\"http:\/\/www.gossip.it\/images5\/1385994121_.jpg\" \/>\n<meta name=\"twitter:creator\" content=\"@gossinews_it\" \/>\n<meta name=\"twitter:site\" content=\"@gossinews_it\" \/>\n<meta name=\"twitter:label1\" content=\"Scritto da\" \/>\n\t<meta name=\"twitter:data1\" content=\"La Redazione\" \/>\n\t<meta name=\"twitter:label2\" content=\"Tempo di lettura stimato\" \/>\n\t<meta name=\"twitter:data2\" content=\"1 minuto\" \/>","yoast_head_json":{"title":"Vittoria Puccini presenta 'Anna Karenina' - Gossip.it | News sul Gossip e VIP","description":"Al momento \u00e8 impegnata sul set della fiction che la vede vestire in panni di Oriana Fallaci, Vittoria Puccini per\u00f2 dal 2 dicembre, in prima serata su","robots":{"index":"index","follow":"follow","max-snippet":"max-snippet:-1","max-image-preview":"max-image-preview:large","max-video-preview":"max-video-preview:-1"},"canonical":"https:\/\/www.gossip.it\/news\/vittoria-puccini-presenta-anna-karenina\/","og_locale":"it_IT","og_type":"article","og_title":"Vittoria Puccini presenta 'Anna Karenina' - Gossip.it | News sul Gossip e VIP","og_description":"Al momento \u00e8 impegnata sul set della fiction che la vede vestire in panni di Oriana Fallaci, Vittoria Puccini per\u00f2 dal 2 dicembre, in prima serata su","og_url":"https:\/\/www.gossip.it\/news\/vittoria-puccini-presenta-anna-karenina\/","og_site_name":"Gossip.it | News sul Gossip e VIP","article_publisher":"https:\/\/www.facebook.com\/GossipIT","article_published_time":"2013-12-01T23:00:00+00:00","og_image":[{"url":"http:\/\/www.gossip.it\/images5\/1385994121_.jpg"}],"author":"La Redazione","twitter_card":"summary_large_image","twitter_image":"http:\/\/www.gossip.it\/images5\/1385994121_.jpg","twitter_creator":"@gossinews_it","twitter_site":"@gossinews_it","twitter_misc":{"Scritto da":"La Redazione","Tempo di lettura stimato":"1 minuto"},"schema":{"@context":"https:\/\/schema.org","@graph":[{"@type":"Article","@id":"https:\/\/www.gossip.it\/news\/vittoria-puccini-presenta-anna-karenina\/#article","isPartOf":{"@id":"https:\/\/www.gossip.it\/news\/vittoria-puccini-presenta-anna-karenina\/"},"author":{"name":"La Redazione","@id":"https:\/\/www.gossip.it\/#\/schema\/person\/488896f75158bff1cc83c6c39d141110"},"headline":"Vittoria Puccini presenta 'Anna Karenina'","datePublished":"2013-12-01T23:00:00+00:00","dateModified":"2013-12-01T23:00:00+00:00","mainEntityOfPage":{"@id":"https:\/\/www.gossip.it\/news\/vittoria-puccini-presenta-anna-karenina\/"},"wordCount":135,"publisher":{"@id":"https:\/\/www.gossip.it\/#organization"},"image":{"@id":"https:\/\/www.gossip.it\/news\/vittoria-puccini-presenta-anna-karenina\/#primaryimage"},"thumbnailUrl":"http:\/\/www.gossip.it\/images5\/1385994121_.jpg","keywords":["anna carenino","fiction","raiuno","romanzo"],"articleSection":["News"],"inLanguage":"it-IT"},{"@type":"WebPage","@id":"https:\/\/www.gossip.it\/news\/vittoria-puccini-presenta-anna-karenina\/","url":"https:\/\/www.gossip.it\/news\/vittoria-puccini-presenta-anna-karenina\/","name":"Vittoria Puccini presenta 'Anna Karenina' - Gossip.it | News sul Gossip e VIP","isPartOf":{"@id":"https:\/\/www.gossip.it\/#website"},"primaryImageOfPage":{"@id":"https:\/\/www.gossip.it\/news\/vittoria-puccini-presenta-anna-karenina\/#primaryimage"},"image":{"@id":"https:\/\/www.gossip.it\/news\/vittoria-puccini-presenta-anna-karenina\/#primaryimage"},"thumbnailUrl":"http:\/\/www.gossip.it\/images5\/1385994121_.jpg","datePublished":"2013-12-01T23:00:00+00:00","dateModified":"2013-12-01T23:00:00+00:00","description":"Al momento \u00e8 impegnata sul set della fiction che la vede vestire in panni di Oriana Fallaci, Vittoria Puccini per\u00f2 dal 2 dicembre, in prima serata su","breadcrumb":{"@id":"https:\/\/www.gossip.it\/news\/vittoria-puccini-presenta-anna-karenina\/#breadcrumb"},"inLanguage":"it-IT","potentialAction":[{"@type":"ReadAction","target":["https:\/\/www.gossip.it\/news\/vittoria-puccini-presenta-anna-karenina\/"]}]},{"@type":"ImageObject","inLanguage":"it-IT","@id":"https:\/\/www.gossip.it\/news\/vittoria-puccini-presenta-anna-karenina\/#primaryimage","url":"http:\/\/www.gossip.it\/images5\/1385994121_.jpg","contentUrl":"http:\/\/www.gossip.it\/images5\/1385994121_.jpg"},{"@type":"BreadcrumbList","@id":"https:\/\/www.gossip.it\/news\/vittoria-puccini-presenta-anna-karenina\/#breadcrumb","itemListElement":[{"@type":"ListItem","position":1,"name":"Home","item":"https:\/\/www.gossip.it\/"},{"@type":"ListItem","position":2,"name":"Vittoria Puccini presenta 'Anna Karenina'"}]},{"@type":"WebSite","@id":"https:\/\/www.gossip.it\/#website","url":"https:\/\/www.gossip.it\/","name":"Gossip and VIP News","description":"Quotidiano di cronaca rosa, costume e societ\u00e0","publisher":{"@id":"https:\/\/www.gossip.it\/#organization"},"alternateName":"Gossip and VIP News","potentialAction":[{"@type":"SearchAction","target":{"@type":"EntryPoint","urlTemplate":"https:\/\/www.gossip.it\/?s={search_term_string}"},"query-input":{"@type":"PropertyValueSpecification","valueRequired":true,"valueName":"search_term_string"}}],"inLanguage":"it-IT"},{"@type":"Organization","@id":"https:\/\/www.gossip.it\/#organization","name":"Gossip and VIP News","alternateName":"Gossip News","url":"https:\/\/www.gossip.it\/","logo":{"@type":"ImageObject","inLanguage":"it-IT","@id":"https:\/\/www.gossip.it\/#\/schema\/logo\/image\/","url":"https:\/\/www.gossip.it\/wp-content\/uploads\/2022\/04\/cropped-corna-alta-tiny.png","contentUrl":"https:\/\/www.gossip.it\/wp-content\/uploads\/2022\/04\/cropped-corna-alta-tiny.png","width":512,"height":512,"caption":"Gossip and VIP News"},"image":{"@id":"https:\/\/www.gossip.it\/#\/schema\/logo\/image\/"},"sameAs":["https:\/\/www.facebook.com\/GossipIT","https:\/\/x.com\/gossinews_it","https:\/\/instagram.com\/gossip_it"]},{"@type":"Person","@id":"https:\/\/www.gossip.it\/#\/schema\/person\/488896f75158bff1cc83c6c39d141110","name":"La Redazione","image":{"@type":"ImageObject","inLanguage":"it-IT","@id":"https:\/\/www.gossip.it\/#\/schema\/person\/image\/","url":"https:\/\/secure.gravatar.com\/avatar\/5a5f5c6fa3e6700e4249abdad0263a1e94e927d9e0499b1cb09c1cd29c044d80?s=96&d=mm&r=g","contentUrl":"https:\/\/secure.gravatar.com\/avatar\/5a5f5c6fa3e6700e4249abdad0263a1e94e927d9e0499b1cb09c1cd29c044d80?s=96&d=mm&r=g","caption":"La Redazione"},"sameAs":["https:\/\/www.gossip.it"]}]}},"amp_enabled":true,"_links":{"self":[{"href":"https:\/\/www.gossip.it\/api\/wp\/v2\/posts\/43231","targetHints":{"allow":["GET"]}}],"collection":[{"href":"https:\/\/www.gossip.it\/api\/wp\/v2\/posts"}],"about":[{"href":"https:\/\/www.gossip.it\/api\/wp\/v2\/types\/post"}],"author":[{"embeddable":true,"href":"https:\/\/www.gossip.it\/api\/wp\/v2\/users\/1"}],"replies":[{"embeddable":true,"href":"https:\/\/www.gossip.it\/api\/wp\/v2\/comments?post=43231"}],"version-history":[{"count":0,"href":"https:\/\/www.gossip.it\/api\/wp\/v2\/posts\/43231\/revisions"}],"wp:featuredmedia":[{"embeddable":true,"href":"https:\/\/www.gossip.it\/api\/wp\/v2\/media\/99277"}],"wp:attachment":[{"href":"https:\/\/www.gossip.it\/api\/wp\/v2\/media?parent=43231"}],"wp:term":[{"taxonomy":"category","embeddable":true,"href":"https:\/\/www.gossip.it\/api\/wp\/v2\/categories?post=43231"},{"taxonomy":"post_tag","embeddable":true,"href":"https:\/\/www.gossip.it\/api\/wp\/v2\/tags?post=43231"},{"taxonomy":"vip","embeddable":true,"href":"https:\/\/www.gossip.it\/api\/wp\/v2\/vip?post=43231"}],"curies":[{"name":"wp","href":"https:\/\/api.w.org\/{rel}","templated":true}]}}