{"id":43388,"date":"2013-12-09T00:00:00","date_gmt":"2013-12-08T23:00:00","guid":{"rendered":"https:\/\/www.gossip.it\/senza-categoria\/raffaella-fico-festeggia-pia-con-tozzi\/"},"modified":"2013-12-09T00:00:00","modified_gmt":"2013-12-08T23:00:00","slug":"raffaella-fico-festeggia-pia-con-tozzi","status":"publish","type":"post","link":"https:\/\/www.gossip.it\/news\/raffaella-fico-festeggia-pia-con-tozzi\/","title":{"rendered":"Raffaella Fico festeggia Pia con Tozzi"},"content":{"rendered":"<p>Il <b>5 dicembre Pia ha compiuto un anno<\/b>. <a href=\"http:\/\/www.gossip.it\/news\/monografia.php?keyword=Raffaella Fico\">Raffaella Fico<\/a> ha voluto festeggiare la piccola insieme al suo nuovo compagno, <a href=\"http:\/\/www.gossip.it\/news\/monografia.php?keyword=Gianluca Tozzi\">Gianluca Tozzi<\/a>. L'ex gieffina, come mostrano le foto di <b>Gente<\/b>, \u00e8 felice al suo fianco. Ha ritrovato la serenit\u00e0 necessaria e poco le importa delle critiche ricevute per il calendario sexy fatto per <b>For Men<\/b>. <em>\"E' il mio lavoro\"<\/em>, ha ribadito. Tozzi, figlio di Umberto, le rimane accanto ed \u00e8 pronto a prendersi cura della bambina insieme a lei.<br \/>\nTutto sembrerebbe andare a meraviglia,<b> ma c'\u00e8 la causa civile appena iniziata per il riconoscimento di Pia da parte di <a href=\"http:\/\/www.gossip.it\/news\/monografia.php?keyword=Mario Balotelli\">Mario Balotelli<\/a><\/b>. La prima udienza si \u00e8 tenuta a Brescia proprio nel giorno del compleanno della bimba. N\u00e8 Raffaella, n\u00e8 il <a href=\"http:\/\/www.gossip.it\/news\/monografia.php?keyword=calciatore\">calciatore<\/a> erano presenti, c'erano solo i legali dei due. E' stata la Fico a portare <a href=\"http:\/\/www.gossip.it\/news\/monografia.php?keyword=SuperMario\">SuperMario<\/a> in tribunale, ma il bomber rossonero su <a href=\"http:\/\/www.gossip.it\/news\/monografia.php?keyword=La Gazzetta dello Sport\">La Gazzetta dello Sport<\/a> ha cercato di difendere le sue ragioni raccontando tutta la vicenda. La <a href=\"http:\/\/www.gossip.it\/news\/monografia.php?keyword=showgirl\">showgirl<\/a> non \u00e8 rimasta in silenzio. Ieri, ospite a <b>Domenica Live<\/b>, davanti a <a href=\"http:\/\/www.gossip.it\/news\/monografia.php?keyword=Barbara D'Urso\">Barbara D'Urso<\/a>, ha voluto controbattere colpo su colpo alle affermazioni di Mario.<\/p>\n<p><b><em>\"E\u2019 stato abbastanza bugiardo<\/em><\/b> - ha spiegato parlando del testo del Dna - <b><em>Lui continua a dire che vuole fare il padre se la bambina \u00e8 sua\u2026 Prima della causa, per\u00f2, i miei legali lo hanno chiamato per ben 3 volte e lui non si \u00e8 mai presentato a fare il test del DNA. Se aveva il desiderio di fare il pap\u00e0 perch\u00e9 non si \u00e8 presentato a fare il test? Perch\u00e9 deve essere un giudice ad obbligarlo? Lui ha voglia di scappare\"<\/em><\/b>. Poi \u00e8 passata alle richieste economiche fatte che Balotelli ha definito <em>'da emiro'<\/em>: <b><em>\"La causa l\u2019ho fatta partire io per il riconoscimento di nostra figlia, quelle che lui racconta sulle richieste da emiro sono stupidaggini, le spese per una bambina non sono spese da emiro. Lui deve assumersi la responsabilit\u00e0 delle bugie che racconta\"<\/em><\/b>. E ha aggiunto: <em>\"<b>Lui voleva un accordo, ma prima voleva accordarsi per le cifre e poi forse dopo avrebbe riconosciuto la bambina. Ma io sinceramente preferisco \u201cpane e cipolle\u201d, io volevo che lui facesse il pap\u00e0, non che desse soltanto i soldi. Lui non vuole fare il padre<\/b>. Io ho fatto questa causa per far valere i diritti di nostra figlia ma se lui far\u00e0 il test del DNA \u00e8 perch\u00e9 sar\u00e0 un giudice a obbligarlo ma lui non lo vuole fare. Fa pi\u00f9 bella figura a dire la verit\u00e0. I miei avvocati prenderanno atto delle bugie che lui ha dichiarato a La Gazzetta dello Sport\"<\/em>.<\/p>\n<p>Raffaella Fico ha voluto pure replicare all'accusa di aver apertamente cercato di incatrare il giocatore: <em>\"<b>La falsit\u00e0 in persona. E\u2019 un ingenuo. Io me lo ricordo quando lui venne a casa mia e disse: \u201cForse stavolta ce l\u2019abbiamo fatta, Raffaella \u00e8 incinta e ci sposeremo\u201d. Io non l\u2019ho incastrato<\/b>. Tutte le volte che ha dichiarato il suo amore per me sui giornali. E\u2019 falso. Io non ho fatto nessun progetto. Sembra che lui mi ha raccolto sul ciglio della strada, che non potevo mangiare e che mi sono aggrappata a lui\u2026\"<\/em>. E' rimasta ancora una volta sorpresa: Mario ha affermato di non essere sicuro che Pia sia sua figlia. <em>\"Non \u00e8 sicuro che Pia \u00e8 sua figlia? Non ci prendiamo in giro<\/em> - ha sottolineato piccata - <em><b>Io non sono cos\u00ec viscida da fare una figlia e non darle una famiglia. Sarei davvero una poco di buono. Lo sanno bene che la figlia \u00e8 nostra. Io frequentavo la sua famiglia e lui la mia. Hanno improvvisamente avuto dei vuoti di memoria<\/b>\"<\/em>. Infine sul caledario: <b><em>\"Quello \u00e8 il mio lavoro. Lui pu\u00f2 essere d\u2019esempio a mia figlia con tutti i comportamenti che ha avuto?\"<\/em><\/b>. Infine un appello: <em>\"Sono ferita per le sue cattiverie. Mario, fai il test del Dna e tutto questo finir\u00e0\"<\/em>.<\/p>\n","protected":false},"excerpt":{"rendered":"<p>Il 5 dicembre Pia ha compiuto un anno. Raffaella Fico ha voluto festeggiare la piccola insieme al suo nuovo compagno, Gianluca Tozzi. L'ex gieffina, come mostrano le foto di Gente, \u00e8 felice al suo fianco. Ha ritrovato la serenit\u00e0 necessaria e poco le importa delle critiche ricevute per il calendario sexy fatto per For Men. [&hellip;]<\/p>\n","protected":false},"author":1,"featured_media":99434,"comment_status":"closed","ping_status":"closed","sticky":false,"template":"","format":"standard","meta":{"footnotes":""},"categories":[54],"tags":[2102,7441,8213,2568,1923,32320,2097],"vip":[1260,1534],"class_list":["post-43388","post","type-post","status-publish","format-standard","has-post-thumbnail","hentry","category-news","tag-dichiarazioni","tag-domenica-live","tag-pia","tag-protagonisti","tag-social","tag-supermario","tag-tv","vip-mario_balotelli","vip-raffaella_fico"],"yoast_head":"<title>Raffaella Fico festeggia Pia con Tozzi - Gossip.it | News sul Gossip e VIP<\/title>\n<meta name=\"description\" content=\"Il 5 dicembre Pia ha compiuto un anno. Raffaella Fico ha voluto festeggiare la piccola insieme al suo nuovo compagno, Gianluca Tozzi. L&#039;ex gieffina, come\" \/>\n<meta name=\"robots\" content=\"index, follow, max-snippet:-1, max-image-preview:large, max-video-preview:-1\" \/>\n<link rel=\"canonical\" href=\"https:\/\/www.gossip.it\/news\/raffaella-fico-festeggia-pia-con-tozzi\/\" \/>\n<meta property=\"og:locale\" content=\"it_IT\" \/>\n<meta property=\"og:type\" content=\"article\" \/>\n<meta property=\"og:title\" content=\"Raffaella Fico festeggia Pia con Tozzi - Gossip.it | News sul Gossip e VIP\" \/>\n<meta property=\"og:description\" content=\"Il 5 dicembre Pia ha compiuto un anno. Raffaella Fico ha voluto festeggiare la piccola insieme al suo nuovo compagno, Gianluca Tozzi. L&#039;ex gieffina, come\" \/>\n<meta property=\"og:url\" content=\"https:\/\/www.gossip.it\/news\/raffaella-fico-festeggia-pia-con-tozzi\/\" \/>\n<meta property=\"og:site_name\" content=\"Gossip.it | News sul Gossip e VIP\" \/>\n<meta property=\"article:publisher\" content=\"https:\/\/www.facebook.com\/GossipIT\" \/>\n<meta property=\"article:published_time\" content=\"2013-12-08T23:00:00+00:00\" \/>\n<meta property=\"og:image\" content=\"http:\/\/www.gossip.it\/images5\/1386589139_.jpg\" \/>\n<meta name=\"author\" content=\"La Redazione\" \/>\n<meta name=\"twitter:card\" content=\"summary_large_image\" \/>\n<meta name=\"twitter:image\" content=\"http:\/\/www.gossip.it\/images5\/1386589139_.jpg\" \/>\n<meta name=\"twitter:creator\" content=\"@gossinews_it\" \/>\n<meta name=\"twitter:site\" content=\"@gossinews_it\" \/>\n<meta name=\"twitter:label1\" content=\"Scritto da\" \/>\n\t<meta name=\"twitter:data1\" content=\"Annamaria Capozzi\" \/>\n\t<meta name=\"twitter:label2\" content=\"Tempo di lettura stimato\" \/>\n\t<meta name=\"twitter:data2\" content=\"3 minuti\" \/>","yoast_head_json":{"title":"Raffaella Fico festeggia Pia con Tozzi - Gossip.it | News sul Gossip e VIP","description":"Il 5 dicembre Pia ha compiuto un anno. Raffaella Fico ha voluto festeggiare la piccola insieme al suo nuovo compagno, Gianluca Tozzi. L'ex gieffina, come","robots":{"index":"index","follow":"follow","max-snippet":"max-snippet:-1","max-image-preview":"max-image-preview:large","max-video-preview":"max-video-preview:-1"},"canonical":"https:\/\/www.gossip.it\/news\/raffaella-fico-festeggia-pia-con-tozzi\/","og_locale":"it_IT","og_type":"article","og_title":"Raffaella Fico festeggia Pia con Tozzi - Gossip.it | News sul Gossip e VIP","og_description":"Il 5 dicembre Pia ha compiuto un anno. Raffaella Fico ha voluto festeggiare la piccola insieme al suo nuovo compagno, Gianluca Tozzi. L'ex gieffina, come","og_url":"https:\/\/www.gossip.it\/news\/raffaella-fico-festeggia-pia-con-tozzi\/","og_site_name":"Gossip.it | News sul Gossip e VIP","article_publisher":"https:\/\/www.facebook.com\/GossipIT","article_published_time":"2013-12-08T23:00:00+00:00","og_image":[{"url":"http:\/\/www.gossip.it\/images5\/1386589139_.jpg"}],"author":"La Redazione","twitter_card":"summary_large_image","twitter_image":"http:\/\/www.gossip.it\/images5\/1386589139_.jpg","twitter_creator":"@gossinews_it","twitter_site":"@gossinews_it","twitter_misc":{"Scritto da":"Annamaria Capozzi","Tempo di lettura stimato":"3 minuti"},"schema":{"@context":"https:\/\/schema.org","@graph":[{"@type":"Article","@id":"https:\/\/www.gossip.it\/news\/raffaella-fico-festeggia-pia-con-tozzi\/#article","isPartOf":{"@id":"https:\/\/www.gossip.it\/news\/raffaella-fico-festeggia-pia-con-tozzi\/"},"author":{"name":"La Redazione","@id":"https:\/\/www.gossip.it\/#\/schema\/person\/488896f75158bff1cc83c6c39d141110"},"headline":"Raffaella Fico festeggia Pia con Tozzi","datePublished":"2013-12-08T23:00:00+00:00","dateModified":"2013-12-08T23:00:00+00:00","mainEntityOfPage":{"@id":"https:\/\/www.gossip.it\/news\/raffaella-fico-festeggia-pia-con-tozzi\/"},"wordCount":637,"publisher":{"@id":"https:\/\/www.gossip.it\/#organization"},"image":{"@id":"https:\/\/www.gossip.it\/news\/raffaella-fico-festeggia-pia-con-tozzi\/#primaryimage"},"thumbnailUrl":"http:\/\/www.gossip.it\/images5\/1386589139_.jpg","keywords":["dichiarazioni","domenica live","pia","protagonisti","social","supermario","tv"],"articleSection":["News"],"inLanguage":"it-IT"},{"@type":"WebPage","@id":"https:\/\/www.gossip.it\/news\/raffaella-fico-festeggia-pia-con-tozzi\/","url":"https:\/\/www.gossip.it\/news\/raffaella-fico-festeggia-pia-con-tozzi\/","name":"Raffaella Fico festeggia Pia con Tozzi - Gossip.it | News sul Gossip e VIP","isPartOf":{"@id":"https:\/\/www.gossip.it\/#website"},"primaryImageOfPage":{"@id":"https:\/\/www.gossip.it\/news\/raffaella-fico-festeggia-pia-con-tozzi\/#primaryimage"},"image":{"@id":"https:\/\/www.gossip.it\/news\/raffaella-fico-festeggia-pia-con-tozzi\/#primaryimage"},"thumbnailUrl":"http:\/\/www.gossip.it\/images5\/1386589139_.jpg","datePublished":"2013-12-08T23:00:00+00:00","dateModified":"2013-12-08T23:00:00+00:00","description":"Il 5 dicembre Pia ha compiuto un anno. Raffaella Fico ha voluto festeggiare la piccola insieme al suo nuovo compagno, Gianluca Tozzi. L'ex gieffina, come","breadcrumb":{"@id":"https:\/\/www.gossip.it\/news\/raffaella-fico-festeggia-pia-con-tozzi\/#breadcrumb"},"inLanguage":"it-IT","potentialAction":[{"@type":"ReadAction","target":["https:\/\/www.gossip.it\/news\/raffaella-fico-festeggia-pia-con-tozzi\/"]}]},{"@type":"ImageObject","inLanguage":"it-IT","@id":"https:\/\/www.gossip.it\/news\/raffaella-fico-festeggia-pia-con-tozzi\/#primaryimage","url":"http:\/\/www.gossip.it\/images5\/1386589139_.jpg","contentUrl":"http:\/\/www.gossip.it\/images5\/1386589139_.jpg"},{"@type":"BreadcrumbList","@id":"https:\/\/www.gossip.it\/news\/raffaella-fico-festeggia-pia-con-tozzi\/#breadcrumb","itemListElement":[{"@type":"ListItem","position":1,"name":"Home","item":"https:\/\/www.gossip.it\/"},{"@type":"ListItem","position":2,"name":"Raffaella Fico festeggia Pia con Tozzi"}]},{"@type":"WebSite","@id":"https:\/\/www.gossip.it\/#website","url":"https:\/\/www.gossip.it\/","name":"Gossip and VIP News","description":"Quotidiano di cronaca rosa, costume e societ\u00e0","publisher":{"@id":"https:\/\/www.gossip.it\/#organization"},"alternateName":"Gossip and VIP News","potentialAction":[{"@type":"SearchAction","target":{"@type":"EntryPoint","urlTemplate":"https:\/\/www.gossip.it\/?s={search_term_string}"},"query-input":{"@type":"PropertyValueSpecification","valueRequired":true,"valueName":"search_term_string"}}],"inLanguage":"it-IT"},{"@type":"Organization","@id":"https:\/\/www.gossip.it\/#organization","name":"Gossip and VIP News","alternateName":"Gossip News","url":"https:\/\/www.gossip.it\/","logo":{"@type":"ImageObject","inLanguage":"it-IT","@id":"https:\/\/www.gossip.it\/#\/schema\/logo\/image\/","url":"https:\/\/www.gossip.it\/wp-content\/uploads\/2022\/04\/cropped-corna-alta-tiny.png","contentUrl":"https:\/\/www.gossip.it\/wp-content\/uploads\/2022\/04\/cropped-corna-alta-tiny.png","width":512,"height":512,"caption":"Gossip and VIP News"},"image":{"@id":"https:\/\/www.gossip.it\/#\/schema\/logo\/image\/"},"sameAs":["https:\/\/www.facebook.com\/GossipIT","https:\/\/x.com\/gossinews_it","https:\/\/instagram.com\/gossip_it"]},{"@type":"Person","@id":"https:\/\/www.gossip.it\/#\/schema\/person\/488896f75158bff1cc83c6c39d141110","name":"La Redazione","image":{"@type":"ImageObject","inLanguage":"it-IT","@id":"https:\/\/www.gossip.it\/#\/schema\/person\/image\/","url":"https:\/\/secure.gravatar.com\/avatar\/5a5f5c6fa3e6700e4249abdad0263a1e94e927d9e0499b1cb09c1cd29c044d80?s=96&d=mm&r=g","contentUrl":"https:\/\/secure.gravatar.com\/avatar\/5a5f5c6fa3e6700e4249abdad0263a1e94e927d9e0499b1cb09c1cd29c044d80?s=96&d=mm&r=g","caption":"La Redazione"},"sameAs":["https:\/\/www.gossip.it"]}]}},"amp_enabled":true,"_links":{"self":[{"href":"https:\/\/www.gossip.it\/api\/wp\/v2\/posts\/43388","targetHints":{"allow":["GET"]}}],"collection":[{"href":"https:\/\/www.gossip.it\/api\/wp\/v2\/posts"}],"about":[{"href":"https:\/\/www.gossip.it\/api\/wp\/v2\/types\/post"}],"author":[{"embeddable":true,"href":"https:\/\/www.gossip.it\/api\/wp\/v2\/users\/1"}],"replies":[{"embeddable":true,"href":"https:\/\/www.gossip.it\/api\/wp\/v2\/comments?post=43388"}],"version-history":[{"count":0,"href":"https:\/\/www.gossip.it\/api\/wp\/v2\/posts\/43388\/revisions"}],"wp:featuredmedia":[{"embeddable":true,"href":"https:\/\/www.gossip.it\/api\/wp\/v2\/media\/99434"}],"wp:attachment":[{"href":"https:\/\/www.gossip.it\/api\/wp\/v2\/media?parent=43388"}],"wp:term":[{"taxonomy":"category","embeddable":true,"href":"https:\/\/www.gossip.it\/api\/wp\/v2\/categories?post=43388"},{"taxonomy":"post_tag","embeddable":true,"href":"https:\/\/www.gossip.it\/api\/wp\/v2\/tags?post=43388"},{"taxonomy":"vip","embeddable":true,"href":"https:\/\/www.gossip.it\/api\/wp\/v2\/vip?post=43388"}],"curies":[{"name":"wp","href":"https:\/\/api.w.org\/{rel}","templated":true}]}}