{"id":43417,"date":"2013-12-09T00:00:00","date_gmt":"2013-12-08T23:00:00","guid":{"rendered":"https:\/\/www.gossip.it\/senza-categoria\/luca-barbareschi-se-non-mi-curo-posso-morire\/"},"modified":"2013-12-09T00:00:00","modified_gmt":"2013-12-08T23:00:00","slug":"luca-barbareschi-se-non-mi-curo-posso-morire","status":"publish","type":"post","link":"https:\/\/www.gossip.it\/news\/luca-barbareschi-se-non-mi-curo-posso-morire\/","title":{"rendered":"Luca Barbareschi: 'Se non mi curo posso morire'"},"content":{"rendered":"<p>Aveva comunicato di doversi fermare con i suoi spettacoli a teatro per curarsi. <a href=\"http:\/\/www.gossip.it\/news\/monografia.php?keyword=Luca Barbareschi\">Luca Barbareschi<\/a> ad ottobre era stato chiaro: i medici gli avevano imposto lo stop. L'<a href=\"http:\/\/www.gossip.it\/news\/monografia.php?keyword=attore\">attore<\/a>, intervistato da <b>Di Pi\u00f9<\/b>, ha svelato alcuni particolari importanti sulla sua condizione clinica, dovuta a un'epatite che sta ancora cercando di bloccare contratta in seguito a un'intossicazione di farmaci. Tutto ci\u00f2 a causa di un incidente che, oltre alla frattura di otto costole, gli ha provocato una miocardite e una broncopolmonite da impatto.<\/p>\n<p><b><em>\u201cHo il fegato devastato. Mi sono trascurato per tanto tempo, adesso se non mi curo posso morire\"<\/em><\/b>, ha detto Luca. E ha aggiunto: <b><em>\"Non ho niente di incurabile, ma devo obbligatoriamente curarmi. Mi devo curare, sono andato avanti trascinandomi, trascurando i postumi della broncopolmonite avuta lo scorso anno non curata a dovere. Ora i medici mi hanno obbligato a fermarmi e io non posso fare diversamente\u2026 Il mio unico obiettivo \u00e8 osservare le cure prescritte. Se cos\u00ec sar\u00e0 entro la fine dell\u2019anno la situazione potrebbe risolversi, altrimenti le conseguenze potrebbero per me essere molto gravi\u201d<\/em><\/b>.<\/p>\n","protected":false},"excerpt":{"rendered":"<p>Aveva comunicato di doversi fermare con i suoi spettacoli a teatro per curarsi. Luca Barbareschi ad ottobre era stato chiaro: i medici gli avevano imposto lo stop. L'attore, intervistato da Di Pi\u00f9, ha svelato alcuni particolari importanti sulla sua condizione clinica, dovuta a un'epatite che sta ancora cercando di bloccare contratta in seguito a un'intossicazione [&hellip;]<\/p>\n","protected":false},"author":1,"featured_media":99463,"comment_status":"closed","ping_status":"closed","sticky":false,"template":"","format":"standard","meta":{"footnotes":""},"categories":[54],"tags":[2137,2102,15408,43646,2119],"vip":[1136],"class_list":["post-43417","post","type-post","status-publish","format-standard","has-post-thumbnail","hentry","category-news","tag-attore","tag-dichiarazioni","tag-epatite","tag-fegato","tag-malattia","vip-luca_barbareschi"],"yoast_head":"<title>Luca Barbareschi: &#039;Se non mi curo posso morire&#039; - Gossip.it | News sul Gossip e VIP<\/title>\n<meta name=\"description\" content=\"Aveva comunicato di doversi fermare con i suoi spettacoli a teatro per curarsi. Luca Barbareschi ad ottobre era stato chiaro: i medici gli avevano imposto\" \/>\n<meta name=\"robots\" content=\"index, follow, max-snippet:-1, max-image-preview:large, max-video-preview:-1\" \/>\n<link rel=\"canonical\" href=\"https:\/\/www.gossip.it\/news\/luca-barbareschi-se-non-mi-curo-posso-morire\/\" \/>\n<meta property=\"og:locale\" content=\"it_IT\" \/>\n<meta property=\"og:type\" content=\"article\" \/>\n<meta property=\"og:title\" content=\"Luca Barbareschi: &#039;Se non mi curo posso morire&#039; - Gossip.it | News sul Gossip e VIP\" \/>\n<meta property=\"og:description\" content=\"Aveva comunicato di doversi fermare con i suoi spettacoli a teatro per curarsi. Luca Barbareschi ad ottobre era stato chiaro: i medici gli avevano imposto\" \/>\n<meta property=\"og:url\" content=\"https:\/\/www.gossip.it\/news\/luca-barbareschi-se-non-mi-curo-posso-morire\/\" \/>\n<meta property=\"og:site_name\" content=\"Gossip.it | News sul Gossip e VIP\" \/>\n<meta property=\"article:publisher\" content=\"https:\/\/www.facebook.com\/GossipIT\" \/>\n<meta property=\"article:published_time\" content=\"2013-12-08T23:00:00+00:00\" \/>\n<meta property=\"og:image\" content=\"http:\/\/www.gossip.it\/images5\/1386605089_.jpg\" \/>\n<meta name=\"author\" content=\"La Redazione\" \/>\n<meta name=\"twitter:card\" content=\"summary_large_image\" \/>\n<meta name=\"twitter:image\" content=\"http:\/\/www.gossip.it\/images5\/1386605089_.jpg\" \/>\n<meta name=\"twitter:creator\" content=\"@gossinews_it\" \/>\n<meta name=\"twitter:site\" content=\"@gossinews_it\" \/>\n<meta name=\"twitter:label1\" content=\"Scritto da\" \/>\n\t<meta name=\"twitter:data1\" content=\"La Redazione\" \/>\n\t<meta name=\"twitter:label2\" content=\"Tempo di lettura stimato\" \/>\n\t<meta name=\"twitter:data2\" content=\"1 minuto\" \/>","yoast_head_json":{"title":"Luca Barbareschi: 'Se non mi curo posso morire' - Gossip.it | News sul Gossip e VIP","description":"Aveva comunicato di doversi fermare con i suoi spettacoli a teatro per curarsi. Luca Barbareschi ad ottobre era stato chiaro: i medici gli avevano imposto","robots":{"index":"index","follow":"follow","max-snippet":"max-snippet:-1","max-image-preview":"max-image-preview:large","max-video-preview":"max-video-preview:-1"},"canonical":"https:\/\/www.gossip.it\/news\/luca-barbareschi-se-non-mi-curo-posso-morire\/","og_locale":"it_IT","og_type":"article","og_title":"Luca Barbareschi: 'Se non mi curo posso morire' - Gossip.it | News sul Gossip e VIP","og_description":"Aveva comunicato di doversi fermare con i suoi spettacoli a teatro per curarsi. Luca Barbareschi ad ottobre era stato chiaro: i medici gli avevano imposto","og_url":"https:\/\/www.gossip.it\/news\/luca-barbareschi-se-non-mi-curo-posso-morire\/","og_site_name":"Gossip.it | News sul Gossip e VIP","article_publisher":"https:\/\/www.facebook.com\/GossipIT","article_published_time":"2013-12-08T23:00:00+00:00","og_image":[{"url":"http:\/\/www.gossip.it\/images5\/1386605089_.jpg"}],"author":"La Redazione","twitter_card":"summary_large_image","twitter_image":"http:\/\/www.gossip.it\/images5\/1386605089_.jpg","twitter_creator":"@gossinews_it","twitter_site":"@gossinews_it","twitter_misc":{"Scritto da":"La Redazione","Tempo di lettura stimato":"1 minuto"},"schema":{"@context":"https:\/\/schema.org","@graph":[{"@type":"Article","@id":"https:\/\/www.gossip.it\/news\/luca-barbareschi-se-non-mi-curo-posso-morire\/#article","isPartOf":{"@id":"https:\/\/www.gossip.it\/news\/luca-barbareschi-se-non-mi-curo-posso-morire\/"},"author":{"name":"La Redazione","@id":"https:\/\/www.gossip.it\/#\/schema\/person\/488896f75158bff1cc83c6c39d141110"},"headline":"Luca Barbareschi: 'Se non mi curo posso morire'","datePublished":"2013-12-08T23:00:00+00:00","dateModified":"2013-12-08T23:00:00+00:00","mainEntityOfPage":{"@id":"https:\/\/www.gossip.it\/news\/luca-barbareschi-se-non-mi-curo-posso-morire\/"},"wordCount":187,"publisher":{"@id":"https:\/\/www.gossip.it\/#organization"},"image":{"@id":"https:\/\/www.gossip.it\/news\/luca-barbareschi-se-non-mi-curo-posso-morire\/#primaryimage"},"thumbnailUrl":"http:\/\/www.gossip.it\/images5\/1386605089_.jpg","keywords":["attore","dichiarazioni","epatite","fegato","malattia"],"articleSection":["News"],"inLanguage":"it-IT"},{"@type":"WebPage","@id":"https:\/\/www.gossip.it\/news\/luca-barbareschi-se-non-mi-curo-posso-morire\/","url":"https:\/\/www.gossip.it\/news\/luca-barbareschi-se-non-mi-curo-posso-morire\/","name":"Luca Barbareschi: 'Se non mi curo posso morire' - Gossip.it | News sul Gossip e VIP","isPartOf":{"@id":"https:\/\/www.gossip.it\/#website"},"primaryImageOfPage":{"@id":"https:\/\/www.gossip.it\/news\/luca-barbareschi-se-non-mi-curo-posso-morire\/#primaryimage"},"image":{"@id":"https:\/\/www.gossip.it\/news\/luca-barbareschi-se-non-mi-curo-posso-morire\/#primaryimage"},"thumbnailUrl":"http:\/\/www.gossip.it\/images5\/1386605089_.jpg","datePublished":"2013-12-08T23:00:00+00:00","dateModified":"2013-12-08T23:00:00+00:00","description":"Aveva comunicato di doversi fermare con i suoi spettacoli a teatro per curarsi. Luca Barbareschi ad ottobre era stato chiaro: i medici gli avevano imposto","breadcrumb":{"@id":"https:\/\/www.gossip.it\/news\/luca-barbareschi-se-non-mi-curo-posso-morire\/#breadcrumb"},"inLanguage":"it-IT","potentialAction":[{"@type":"ReadAction","target":["https:\/\/www.gossip.it\/news\/luca-barbareschi-se-non-mi-curo-posso-morire\/"]}]},{"@type":"ImageObject","inLanguage":"it-IT","@id":"https:\/\/www.gossip.it\/news\/luca-barbareschi-se-non-mi-curo-posso-morire\/#primaryimage","url":"http:\/\/www.gossip.it\/images5\/1386605089_.jpg","contentUrl":"http:\/\/www.gossip.it\/images5\/1386605089_.jpg"},{"@type":"BreadcrumbList","@id":"https:\/\/www.gossip.it\/news\/luca-barbareschi-se-non-mi-curo-posso-morire\/#breadcrumb","itemListElement":[{"@type":"ListItem","position":1,"name":"Home","item":"https:\/\/www.gossip.it\/"},{"@type":"ListItem","position":2,"name":"Luca Barbareschi: 'Se non mi curo posso morire'"}]},{"@type":"WebSite","@id":"https:\/\/www.gossip.it\/#website","url":"https:\/\/www.gossip.it\/","name":"Gossip and VIP News","description":"Quotidiano di cronaca rosa, costume e societ\u00e0","publisher":{"@id":"https:\/\/www.gossip.it\/#organization"},"alternateName":"Gossip and VIP News","potentialAction":[{"@type":"SearchAction","target":{"@type":"EntryPoint","urlTemplate":"https:\/\/www.gossip.it\/?s={search_term_string}"},"query-input":{"@type":"PropertyValueSpecification","valueRequired":true,"valueName":"search_term_string"}}],"inLanguage":"it-IT"},{"@type":"Organization","@id":"https:\/\/www.gossip.it\/#organization","name":"Gossip and VIP News","alternateName":"Gossip News","url":"https:\/\/www.gossip.it\/","logo":{"@type":"ImageObject","inLanguage":"it-IT","@id":"https:\/\/www.gossip.it\/#\/schema\/logo\/image\/","url":"https:\/\/www.gossip.it\/wp-content\/uploads\/2022\/04\/cropped-corna-alta-tiny.png","contentUrl":"https:\/\/www.gossip.it\/wp-content\/uploads\/2022\/04\/cropped-corna-alta-tiny.png","width":512,"height":512,"caption":"Gossip and VIP News"},"image":{"@id":"https:\/\/www.gossip.it\/#\/schema\/logo\/image\/"},"sameAs":["https:\/\/www.facebook.com\/GossipIT","https:\/\/x.com\/gossinews_it","https:\/\/instagram.com\/gossip_it"]},{"@type":"Person","@id":"https:\/\/www.gossip.it\/#\/schema\/person\/488896f75158bff1cc83c6c39d141110","name":"La Redazione","image":{"@type":"ImageObject","inLanguage":"it-IT","@id":"https:\/\/www.gossip.it\/#\/schema\/person\/image\/","url":"https:\/\/secure.gravatar.com\/avatar\/5a5f5c6fa3e6700e4249abdad0263a1e94e927d9e0499b1cb09c1cd29c044d80?s=96&d=mm&r=g","contentUrl":"https:\/\/secure.gravatar.com\/avatar\/5a5f5c6fa3e6700e4249abdad0263a1e94e927d9e0499b1cb09c1cd29c044d80?s=96&d=mm&r=g","caption":"La Redazione"},"sameAs":["https:\/\/www.gossip.it"]}]}},"amp_enabled":true,"_links":{"self":[{"href":"https:\/\/www.gossip.it\/api\/wp\/v2\/posts\/43417","targetHints":{"allow":["GET"]}}],"collection":[{"href":"https:\/\/www.gossip.it\/api\/wp\/v2\/posts"}],"about":[{"href":"https:\/\/www.gossip.it\/api\/wp\/v2\/types\/post"}],"author":[{"embeddable":true,"href":"https:\/\/www.gossip.it\/api\/wp\/v2\/users\/1"}],"replies":[{"embeddable":true,"href":"https:\/\/www.gossip.it\/api\/wp\/v2\/comments?post=43417"}],"version-history":[{"count":0,"href":"https:\/\/www.gossip.it\/api\/wp\/v2\/posts\/43417\/revisions"}],"wp:featuredmedia":[{"embeddable":true,"href":"https:\/\/www.gossip.it\/api\/wp\/v2\/media\/99463"}],"wp:attachment":[{"href":"https:\/\/www.gossip.it\/api\/wp\/v2\/media?parent=43417"}],"wp:term":[{"taxonomy":"category","embeddable":true,"href":"https:\/\/www.gossip.it\/api\/wp\/v2\/categories?post=43417"},{"taxonomy":"post_tag","embeddable":true,"href":"https:\/\/www.gossip.it\/api\/wp\/v2\/tags?post=43417"},{"taxonomy":"vip","embeddable":true,"href":"https:\/\/www.gossip.it\/api\/wp\/v2\/vip?post=43417"}],"curies":[{"name":"wp","href":"https:\/\/api.w.org\/{rel}","templated":true}]}}