{"id":43483,"date":"2013-12-12T00:00:00","date_gmt":"2013-12-11T23:00:00","guid":{"rendered":"https:\/\/www.gossip.it\/senza-categoria\/paul-walker-sara-cremato-e-sepolto-questo-weekend\/"},"modified":"2013-12-12T00:00:00","modified_gmt":"2013-12-11T23:00:00","slug":"paul-walker-sara-cremato-e-sepolto-questo-weekend","status":"publish","type":"post","link":"https:\/\/www.gossip.it\/news\/paul-walker-sara-cremato-e-sepolto-questo-weekend\/","title":{"rendered":"Paul Walker sar\u00e0 cremato e sepolto questo weekend"},"content":{"rendered":"<p>E' morto tragicamente, schiantandosi con la sua auto contro un palo, il <b>30 novembre<\/b> scorso. Ci sono voluti giorni perch\u00e9 la famiglia portasse a casa il corpo di <a href=\"http:\/\/www.gossip.it\/news\/monografia.php?keyword=Paul Walker\">Paul Walker<\/a>, prima c'\u00e8 stata l'autopsia. Ora \u00e8 arrivato il momento dell'ultimo saluto alla stella di <b>\"Fast & Furious\"<\/b>. Secondo <b>E! News<\/b> l'<a href=\"http:\/\/www.gossip.it\/news\/monografia.php?keyword=attore\">attore<\/a> <b>sar\u00e0 cremato e sepolto al Forest Lawn Memorial Park di Hollywood questo fine settimana<\/b>.<\/p>\n<p>Al funerale dovrebbero essere presenti solo i parenti stretti di Walker. E' stata, per\u00f2, anche prevista un'altra cerimonia per amici e parenti, dove dovrebbero partecipare pure gli altri protagonisti della saga che l'ha reso famoso, in un luogo segreto.<br \/>\nTanti i tributi d'affetto per Paul da quando \u00e8 scomparso. Una manifestazione commemorativa \u00e8 gi\u00e0 stata fatta domenica scorsa a Santa Clarita, in California, dove il divo ha perso la vita con l'amico <b>Roger Rodas<\/b>. Il suo insegnante di Jiu-Jitsu, <b>Ricardo Miller<\/b>, che lo ha allenato per nove anni mentre lavorava per girare \"Fast & Furious\", <b>gli ha conferito una cintura nera honoris causa<\/b>. Ha scritto sul suo sito ufficiale: <em>\"(Paul) era determinato a diventare una cintura nera. Diceva: \" \"Io indosser\u00f2 la mia cintura nera, anche se avessi bisogno di farlo nella mia bara\". Ora, dopo la sua morte, vorrei premiare Paul Walker con quella cintura nera che voleva cos\u00ec tanto mentre era in vita\"<\/em>.<\/p>\n","protected":false},"excerpt":{"rendered":"<p>E' morto tragicamente, schiantandosi con la sua auto contro un palo, il 30 novembre scorso. Ci sono voluti giorni perch\u00e9 la famiglia portasse a casa il corpo di Paul Walker, prima c'\u00e8 stata l'autopsia. Ora \u00e8 arrivato il momento dell'ultimo saluto alla stella di \"Fast &#038; Furious\". Secondo E! News l'attore sar\u00e0 cremato e sepolto [&hellip;]<\/p>\n","protected":false},"author":1,"featured_media":99529,"comment_status":"closed","ping_status":"closed","sticky":false,"template":"","format":"standard","meta":{"footnotes":""},"categories":[54],"tags":[2137,2731,18706,1976,10780,8687,17600,7110,2702],"vip":[],"class_list":["post-43483","post","type-post","status-publish","format-standard","has-post-thumbnail","hentry","category-news","tag-attore","tag-divo","tag-fast-furious","tag-film","tag-funerale","tag-morte","tag-paul-walker","tag-scomparsa","tag-star"],"yoast_head":"<title>Paul Walker sar\u00e0 cremato e sepolto questo weekend - Gossip.it | News sul Gossip e VIP<\/title>\n<meta name=\"description\" content=\"E&#039; morto tragicamente, schiantandosi con la sua auto contro un palo, il 30 novembre scorso. Ci sono voluti giorni perch\u00e9 la famiglia portasse a casa il\" \/>\n<meta name=\"robots\" content=\"index, follow, max-snippet:-1, max-image-preview:large, max-video-preview:-1\" \/>\n<link rel=\"canonical\" href=\"https:\/\/www.gossip.it\/news\/paul-walker-sara-cremato-e-sepolto-questo-weekend\/\" \/>\n<meta property=\"og:locale\" content=\"it_IT\" \/>\n<meta property=\"og:type\" content=\"article\" \/>\n<meta property=\"og:title\" content=\"Paul Walker sar\u00e0 cremato e sepolto questo weekend - Gossip.it | News sul Gossip e VIP\" \/>\n<meta property=\"og:description\" content=\"E&#039; morto tragicamente, schiantandosi con la sua auto contro un palo, il 30 novembre scorso. Ci sono voluti giorni perch\u00e9 la famiglia portasse a casa il\" \/>\n<meta property=\"og:url\" content=\"https:\/\/www.gossip.it\/news\/paul-walker-sara-cremato-e-sepolto-questo-weekend\/\" \/>\n<meta property=\"og:site_name\" content=\"Gossip.it | News sul Gossip e VIP\" \/>\n<meta property=\"article:publisher\" content=\"https:\/\/www.facebook.com\/GossipIT\" \/>\n<meta property=\"article:published_time\" content=\"2013-12-11T23:00:00+00:00\" \/>\n<meta property=\"og:image\" content=\"http:\/\/www.gossip.it\/images5\/1386838687_.jpg\" \/>\n<meta name=\"author\" content=\"La Redazione\" \/>\n<meta name=\"twitter:card\" content=\"summary_large_image\" \/>\n<meta name=\"twitter:image\" content=\"http:\/\/www.gossip.it\/images5\/1386838687_.jpg\" \/>\n<meta name=\"twitter:creator\" content=\"@gossinews_it\" \/>\n<meta name=\"twitter:site\" content=\"@gossinews_it\" \/>\n<meta name=\"twitter:label1\" content=\"Scritto da\" \/>\n\t<meta name=\"twitter:data1\" content=\"Annamaria Capozzi\" \/>\n\t<meta name=\"twitter:label2\" content=\"Tempo di lettura stimato\" \/>\n\t<meta name=\"twitter:data2\" content=\"1 minuto\" \/>","yoast_head_json":{"title":"Paul Walker sar\u00e0 cremato e sepolto questo weekend - Gossip.it | News sul Gossip e VIP","description":"E' morto tragicamente, schiantandosi con la sua auto contro un palo, il 30 novembre scorso. Ci sono voluti giorni perch\u00e9 la famiglia portasse a casa il","robots":{"index":"index","follow":"follow","max-snippet":"max-snippet:-1","max-image-preview":"max-image-preview:large","max-video-preview":"max-video-preview:-1"},"canonical":"https:\/\/www.gossip.it\/news\/paul-walker-sara-cremato-e-sepolto-questo-weekend\/","og_locale":"it_IT","og_type":"article","og_title":"Paul Walker sar\u00e0 cremato e sepolto questo weekend - Gossip.it | News sul Gossip e VIP","og_description":"E' morto tragicamente, schiantandosi con la sua auto contro un palo, il 30 novembre scorso. Ci sono voluti giorni perch\u00e9 la famiglia portasse a casa il","og_url":"https:\/\/www.gossip.it\/news\/paul-walker-sara-cremato-e-sepolto-questo-weekend\/","og_site_name":"Gossip.it | News sul Gossip e VIP","article_publisher":"https:\/\/www.facebook.com\/GossipIT","article_published_time":"2013-12-11T23:00:00+00:00","og_image":[{"url":"http:\/\/www.gossip.it\/images5\/1386838687_.jpg"}],"author":"La Redazione","twitter_card":"summary_large_image","twitter_image":"http:\/\/www.gossip.it\/images5\/1386838687_.jpg","twitter_creator":"@gossinews_it","twitter_site":"@gossinews_it","twitter_misc":{"Scritto da":"Annamaria Capozzi","Tempo di lettura stimato":"1 minuto"},"schema":{"@context":"https:\/\/schema.org","@graph":[{"@type":"Article","@id":"https:\/\/www.gossip.it\/news\/paul-walker-sara-cremato-e-sepolto-questo-weekend\/#article","isPartOf":{"@id":"https:\/\/www.gossip.it\/news\/paul-walker-sara-cremato-e-sepolto-questo-weekend\/"},"author":{"name":"La Redazione","@id":"https:\/\/www.gossip.it\/#\/schema\/person\/488896f75158bff1cc83c6c39d141110"},"headline":"Paul Walker sar\u00e0 cremato e sepolto questo weekend","datePublished":"2013-12-11T23:00:00+00:00","dateModified":"2013-12-11T23:00:00+00:00","mainEntityOfPage":{"@id":"https:\/\/www.gossip.it\/news\/paul-walker-sara-cremato-e-sepolto-questo-weekend\/"},"wordCount":228,"publisher":{"@id":"https:\/\/www.gossip.it\/#organization"},"image":{"@id":"https:\/\/www.gossip.it\/news\/paul-walker-sara-cremato-e-sepolto-questo-weekend\/#primaryimage"},"thumbnailUrl":"http:\/\/www.gossip.it\/images5\/1386838687_.jpg","keywords":["attore","divo","fast &amp; furious","film","funerale","morte","paul walker","scomparsa","star"],"articleSection":["News"],"inLanguage":"it-IT"},{"@type":"WebPage","@id":"https:\/\/www.gossip.it\/news\/paul-walker-sara-cremato-e-sepolto-questo-weekend\/","url":"https:\/\/www.gossip.it\/news\/paul-walker-sara-cremato-e-sepolto-questo-weekend\/","name":"Paul Walker sar\u00e0 cremato e sepolto questo weekend - Gossip.it | News sul Gossip e VIP","isPartOf":{"@id":"https:\/\/www.gossip.it\/#website"},"primaryImageOfPage":{"@id":"https:\/\/www.gossip.it\/news\/paul-walker-sara-cremato-e-sepolto-questo-weekend\/#primaryimage"},"image":{"@id":"https:\/\/www.gossip.it\/news\/paul-walker-sara-cremato-e-sepolto-questo-weekend\/#primaryimage"},"thumbnailUrl":"http:\/\/www.gossip.it\/images5\/1386838687_.jpg","datePublished":"2013-12-11T23:00:00+00:00","dateModified":"2013-12-11T23:00:00+00:00","description":"E' morto tragicamente, schiantandosi con la sua auto contro un palo, il 30 novembre scorso. Ci sono voluti giorni perch\u00e9 la famiglia portasse a casa il","breadcrumb":{"@id":"https:\/\/www.gossip.it\/news\/paul-walker-sara-cremato-e-sepolto-questo-weekend\/#breadcrumb"},"inLanguage":"it-IT","potentialAction":[{"@type":"ReadAction","target":["https:\/\/www.gossip.it\/news\/paul-walker-sara-cremato-e-sepolto-questo-weekend\/"]}]},{"@type":"ImageObject","inLanguage":"it-IT","@id":"https:\/\/www.gossip.it\/news\/paul-walker-sara-cremato-e-sepolto-questo-weekend\/#primaryimage","url":"http:\/\/www.gossip.it\/images5\/1386838687_.jpg","contentUrl":"http:\/\/www.gossip.it\/images5\/1386838687_.jpg"},{"@type":"BreadcrumbList","@id":"https:\/\/www.gossip.it\/news\/paul-walker-sara-cremato-e-sepolto-questo-weekend\/#breadcrumb","itemListElement":[{"@type":"ListItem","position":1,"name":"Home","item":"https:\/\/www.gossip.it\/"},{"@type":"ListItem","position":2,"name":"Paul Walker sar\u00e0 cremato e sepolto questo weekend"}]},{"@type":"WebSite","@id":"https:\/\/www.gossip.it\/#website","url":"https:\/\/www.gossip.it\/","name":"Gossip and VIP News","description":"Quotidiano di cronaca rosa, costume e societ\u00e0","publisher":{"@id":"https:\/\/www.gossip.it\/#organization"},"alternateName":"Gossip and VIP News","potentialAction":[{"@type":"SearchAction","target":{"@type":"EntryPoint","urlTemplate":"https:\/\/www.gossip.it\/?s={search_term_string}"},"query-input":{"@type":"PropertyValueSpecification","valueRequired":true,"valueName":"search_term_string"}}],"inLanguage":"it-IT"},{"@type":"Organization","@id":"https:\/\/www.gossip.it\/#organization","name":"Gossip and VIP News","alternateName":"Gossip News","url":"https:\/\/www.gossip.it\/","logo":{"@type":"ImageObject","inLanguage":"it-IT","@id":"https:\/\/www.gossip.it\/#\/schema\/logo\/image\/","url":"https:\/\/www.gossip.it\/wp-content\/uploads\/2022\/04\/cropped-corna-alta-tiny.png","contentUrl":"https:\/\/www.gossip.it\/wp-content\/uploads\/2022\/04\/cropped-corna-alta-tiny.png","width":512,"height":512,"caption":"Gossip and VIP News"},"image":{"@id":"https:\/\/www.gossip.it\/#\/schema\/logo\/image\/"},"sameAs":["https:\/\/www.facebook.com\/GossipIT","https:\/\/x.com\/gossinews_it","https:\/\/instagram.com\/gossip_it"]},{"@type":"Person","@id":"https:\/\/www.gossip.it\/#\/schema\/person\/488896f75158bff1cc83c6c39d141110","name":"La Redazione","image":{"@type":"ImageObject","inLanguage":"it-IT","@id":"https:\/\/www.gossip.it\/#\/schema\/person\/image\/","url":"https:\/\/secure.gravatar.com\/avatar\/5a5f5c6fa3e6700e4249abdad0263a1e94e927d9e0499b1cb09c1cd29c044d80?s=96&d=mm&r=g","contentUrl":"https:\/\/secure.gravatar.com\/avatar\/5a5f5c6fa3e6700e4249abdad0263a1e94e927d9e0499b1cb09c1cd29c044d80?s=96&d=mm&r=g","caption":"La Redazione"},"sameAs":["https:\/\/www.gossip.it"]}]}},"amp_enabled":true,"_links":{"self":[{"href":"https:\/\/www.gossip.it\/api\/wp\/v2\/posts\/43483","targetHints":{"allow":["GET"]}}],"collection":[{"href":"https:\/\/www.gossip.it\/api\/wp\/v2\/posts"}],"about":[{"href":"https:\/\/www.gossip.it\/api\/wp\/v2\/types\/post"}],"author":[{"embeddable":true,"href":"https:\/\/www.gossip.it\/api\/wp\/v2\/users\/1"}],"replies":[{"embeddable":true,"href":"https:\/\/www.gossip.it\/api\/wp\/v2\/comments?post=43483"}],"version-history":[{"count":0,"href":"https:\/\/www.gossip.it\/api\/wp\/v2\/posts\/43483\/revisions"}],"wp:featuredmedia":[{"embeddable":true,"href":"https:\/\/www.gossip.it\/api\/wp\/v2\/media\/99529"}],"wp:attachment":[{"href":"https:\/\/www.gossip.it\/api\/wp\/v2\/media?parent=43483"}],"wp:term":[{"taxonomy":"category","embeddable":true,"href":"https:\/\/www.gossip.it\/api\/wp\/v2\/categories?post=43483"},{"taxonomy":"post_tag","embeddable":true,"href":"https:\/\/www.gossip.it\/api\/wp\/v2\/tags?post=43483"},{"taxonomy":"vip","embeddable":true,"href":"https:\/\/www.gossip.it\/api\/wp\/v2\/vip?post=43483"}],"curies":[{"name":"wp","href":"https:\/\/api.w.org\/{rel}","templated":true}]}}