{"id":43501,"date":"2013-12-12T00:00:00","date_gmt":"2013-12-11T23:00:00","guid":{"rendered":"https:\/\/www.gossip.it\/senza-categoria\/barbara-b-ora-la-frangetta\/"},"modified":"2013-12-12T00:00:00","modified_gmt":"2013-12-11T23:00:00","slug":"barbara-b-ora-la-frangetta","status":"publish","type":"post","link":"https:\/\/www.gossip.it\/news\/barbara-b-ora-la-frangetta\/","title":{"rendered":"Barbara B., ora la frangetta"},"content":{"rendered":"<p><a href=\"http:\/\/www.gossip.it\/news\/monografia.php?keyword=Barbara Berlusconi\">Barbara Berlusconi<\/a> \u00e8 tornata ad essere rossa, non di rabbia, per\u00f2. Il pap\u00e0 <b>Silvio<\/b> ha bloccato l'addio polemico di <a href=\"http:\/\/www.gossip.it\/news\/monografia.php?keyword=Adriano Galliani\">Adriano Galliani<\/a> al <b>Milan<\/b>. Alla figlia 29enne, che voleva essere la sola a capo della societ\u00e0 rossonera, ha dato un contentino: sar\u00e0 il secondo amministratore delegato e si occuper\u00e0 del marketing e dell'area commerciale. La primogenita di <a href=\"http:\/\/www.gossip.it\/news\/monografia.php?keyword=Veronica Lario\">Veronica Lario<\/a> ha detto di s\u00ec e, forse per festeggiare, \u00e8 tornata a cambiare colore di capelli. Non solo, si \u00e8 tagliata anche la frangia ed ha accorciato di parecchio la chioma.<br \/>\nBarbara \u00e8 stata pizzicata da <b>Novella 2000<\/b> con l'acconciatura diversa a passeggio con i figli <b>Alessandro<\/b>, 6 anni, ed <b>Edoardo<\/b>, 4, avuti dall'ex compagno <a href=\"http:\/\/www.gossip.it\/news\/monografia.php?keyword=Giorgio Valaguzza\">Giorgio Valaguzza<\/a>.<\/p>\n<p>Giro di shopping per la mamma, donna d'affari che punta in alto. In un negozio la <em>Berlusconina<\/em> ha fatto provare alcuni cappellini ai pargoli. Look casual con maglioncino girocollo bordeaux, super mini e stivali. Senza un filo di trucco e con il suo caschetto scalato poco sotto le spalle, l'ex bionda si \u00e8 prodigata con tenerezze e mille attenzioni verso i pargoletti, che poi ha portato dal barbiere. Nel privato \u00e8 dolcissima e innamorata di <a href=\"http:\/\/www.gossip.it\/news\/monografia.php?keyword=Lorenzo Guerrieri\">Lorenzo Guerrieri<\/a>, lo studente di Economia 24enne con cui ha gi\u00e0 ufficializzato il rapporto.<\/p>\n","protected":false},"excerpt":{"rendered":"<p>Barbara Berlusconi \u00e8 tornata ad essere rossa, non di rabbia, per\u00f2. Il pap\u00e0 Silvio ha bloccato l'addio polemico di Adriano Galliani al Milan. Alla figlia 29enne, che voleva essere la sola a capo della societ\u00e0 rossonera, ha dato un contentino: sar\u00e0 il secondo amministratore delegato e si occuper\u00e0 del marketing e dell'area commerciale. La primogenita [&hellip;]<\/p>\n","protected":false},"author":1,"featured_media":99547,"comment_status":"closed","ping_status":"closed","sticky":false,"template":"","format":"standard","meta":{"footnotes":""},"categories":[54],"tags":[4258,22456,13839,26327,43840,5639,6458],"vip":[],"class_list":["post-43501","post","type-post","status-publish","format-standard","has-post-thumbnail","hentry","category-news","tag-alessandro","tag-barbara-berlusconi","tag-edoardo","tag-giorgio-valaguzza","tag-lorenzo-guerrieri","tag-milan","tag-silvio-berlusconi"],"yoast_head":"<title>Barbara B., ora la frangetta - Gossip.it | News sul Gossip e VIP<\/title>\n<meta name=\"description\" content=\"Barbara Berlusconi \u00e8 tornata ad essere rossa, non di rabbia, per\u00f2. Il pap\u00e0 Silvio ha bloccato l&#039;addio polemico di Adriano Galliani al Milan. Alla figlia\" \/>\n<meta name=\"robots\" content=\"index, follow, max-snippet:-1, max-image-preview:large, max-video-preview:-1\" \/>\n<link rel=\"canonical\" href=\"https:\/\/www.gossip.it\/news\/barbara-b-ora-la-frangetta\/\" \/>\n<meta property=\"og:locale\" content=\"it_IT\" \/>\n<meta property=\"og:type\" content=\"article\" \/>\n<meta property=\"og:title\" content=\"Barbara B., ora la frangetta - Gossip.it | News sul Gossip e VIP\" \/>\n<meta property=\"og:description\" content=\"Barbara Berlusconi \u00e8 tornata ad essere rossa, non di rabbia, per\u00f2. Il pap\u00e0 Silvio ha bloccato l&#039;addio polemico di Adriano Galliani al Milan. Alla figlia\" \/>\n<meta property=\"og:url\" content=\"https:\/\/www.gossip.it\/news\/barbara-b-ora-la-frangetta\/\" \/>\n<meta property=\"og:site_name\" content=\"Gossip.it | News sul Gossip e VIP\" \/>\n<meta property=\"article:publisher\" content=\"https:\/\/www.facebook.com\/GossipIT\" \/>\n<meta property=\"article:published_time\" content=\"2013-12-11T23:00:00+00:00\" \/>\n<meta property=\"og:image\" content=\"http:\/\/www.gossip.it\/images5\/1386851370_.jpg\" \/>\n<meta name=\"author\" content=\"La Redazione\" \/>\n<meta name=\"twitter:card\" content=\"summary_large_image\" \/>\n<meta name=\"twitter:image\" content=\"http:\/\/www.gossip.it\/images5\/1386851370_.jpg\" \/>\n<meta name=\"twitter:creator\" content=\"@gossinews_it\" \/>\n<meta name=\"twitter:site\" content=\"@gossinews_it\" \/>\n<meta name=\"twitter:label1\" content=\"Scritto da\" \/>\n\t<meta name=\"twitter:data1\" content=\"Annamaria Capozzi\" \/>\n\t<meta name=\"twitter:label2\" content=\"Tempo di lettura stimato\" \/>\n\t<meta name=\"twitter:data2\" content=\"1 minuto\" \/>","yoast_head_json":{"title":"Barbara B., ora la frangetta - Gossip.it | News sul Gossip e VIP","description":"Barbara Berlusconi \u00e8 tornata ad essere rossa, non di rabbia, per\u00f2. Il pap\u00e0 Silvio ha bloccato l'addio polemico di Adriano Galliani al Milan. Alla figlia","robots":{"index":"index","follow":"follow","max-snippet":"max-snippet:-1","max-image-preview":"max-image-preview:large","max-video-preview":"max-video-preview:-1"},"canonical":"https:\/\/www.gossip.it\/news\/barbara-b-ora-la-frangetta\/","og_locale":"it_IT","og_type":"article","og_title":"Barbara B., ora la frangetta - Gossip.it | News sul Gossip e VIP","og_description":"Barbara Berlusconi \u00e8 tornata ad essere rossa, non di rabbia, per\u00f2. Il pap\u00e0 Silvio ha bloccato l'addio polemico di Adriano Galliani al Milan. Alla figlia","og_url":"https:\/\/www.gossip.it\/news\/barbara-b-ora-la-frangetta\/","og_site_name":"Gossip.it | News sul Gossip e VIP","article_publisher":"https:\/\/www.facebook.com\/GossipIT","article_published_time":"2013-12-11T23:00:00+00:00","og_image":[{"url":"http:\/\/www.gossip.it\/images5\/1386851370_.jpg"}],"author":"La Redazione","twitter_card":"summary_large_image","twitter_image":"http:\/\/www.gossip.it\/images5\/1386851370_.jpg","twitter_creator":"@gossinews_it","twitter_site":"@gossinews_it","twitter_misc":{"Scritto da":"Annamaria Capozzi","Tempo di lettura stimato":"1 minuto"},"schema":{"@context":"https:\/\/schema.org","@graph":[{"@type":"Article","@id":"https:\/\/www.gossip.it\/news\/barbara-b-ora-la-frangetta\/#article","isPartOf":{"@id":"https:\/\/www.gossip.it\/news\/barbara-b-ora-la-frangetta\/"},"author":{"name":"La Redazione","@id":"https:\/\/www.gossip.it\/#\/schema\/person\/488896f75158bff1cc83c6c39d141110"},"headline":"Barbara B., ora la frangetta","datePublished":"2013-12-11T23:00:00+00:00","dateModified":"2013-12-11T23:00:00+00:00","mainEntityOfPage":{"@id":"https:\/\/www.gossip.it\/news\/barbara-b-ora-la-frangetta\/"},"wordCount":205,"publisher":{"@id":"https:\/\/www.gossip.it\/#organization"},"image":{"@id":"https:\/\/www.gossip.it\/news\/barbara-b-ora-la-frangetta\/#primaryimage"},"thumbnailUrl":"http:\/\/www.gossip.it\/images5\/1386851370_.jpg","keywords":["alessandro","barbara berlusconi","edoardo","giorgio valaguzza","lorenzo guerrieri","milan","silvio berlusconi"],"articleSection":["News"],"inLanguage":"it-IT"},{"@type":"WebPage","@id":"https:\/\/www.gossip.it\/news\/barbara-b-ora-la-frangetta\/","url":"https:\/\/www.gossip.it\/news\/barbara-b-ora-la-frangetta\/","name":"Barbara B., ora la frangetta - Gossip.it | News sul Gossip e VIP","isPartOf":{"@id":"https:\/\/www.gossip.it\/#website"},"primaryImageOfPage":{"@id":"https:\/\/www.gossip.it\/news\/barbara-b-ora-la-frangetta\/#primaryimage"},"image":{"@id":"https:\/\/www.gossip.it\/news\/barbara-b-ora-la-frangetta\/#primaryimage"},"thumbnailUrl":"http:\/\/www.gossip.it\/images5\/1386851370_.jpg","datePublished":"2013-12-11T23:00:00+00:00","dateModified":"2013-12-11T23:00:00+00:00","description":"Barbara Berlusconi \u00e8 tornata ad essere rossa, non di rabbia, per\u00f2. Il pap\u00e0 Silvio ha bloccato l'addio polemico di Adriano Galliani al Milan. Alla figlia","breadcrumb":{"@id":"https:\/\/www.gossip.it\/news\/barbara-b-ora-la-frangetta\/#breadcrumb"},"inLanguage":"it-IT","potentialAction":[{"@type":"ReadAction","target":["https:\/\/www.gossip.it\/news\/barbara-b-ora-la-frangetta\/"]}]},{"@type":"ImageObject","inLanguage":"it-IT","@id":"https:\/\/www.gossip.it\/news\/barbara-b-ora-la-frangetta\/#primaryimage","url":"http:\/\/www.gossip.it\/images5\/1386851370_.jpg","contentUrl":"http:\/\/www.gossip.it\/images5\/1386851370_.jpg"},{"@type":"BreadcrumbList","@id":"https:\/\/www.gossip.it\/news\/barbara-b-ora-la-frangetta\/#breadcrumb","itemListElement":[{"@type":"ListItem","position":1,"name":"Home","item":"https:\/\/www.gossip.it\/"},{"@type":"ListItem","position":2,"name":"Barbara B., ora la frangetta"}]},{"@type":"WebSite","@id":"https:\/\/www.gossip.it\/#website","url":"https:\/\/www.gossip.it\/","name":"Gossip and VIP News","description":"Quotidiano di cronaca rosa, costume e societ\u00e0","publisher":{"@id":"https:\/\/www.gossip.it\/#organization"},"alternateName":"Gossip and VIP News","potentialAction":[{"@type":"SearchAction","target":{"@type":"EntryPoint","urlTemplate":"https:\/\/www.gossip.it\/?s={search_term_string}"},"query-input":{"@type":"PropertyValueSpecification","valueRequired":true,"valueName":"search_term_string"}}],"inLanguage":"it-IT"},{"@type":"Organization","@id":"https:\/\/www.gossip.it\/#organization","name":"Gossip and VIP News","alternateName":"Gossip News","url":"https:\/\/www.gossip.it\/","logo":{"@type":"ImageObject","inLanguage":"it-IT","@id":"https:\/\/www.gossip.it\/#\/schema\/logo\/image\/","url":"https:\/\/www.gossip.it\/wp-content\/uploads\/2022\/04\/cropped-corna-alta-tiny.png","contentUrl":"https:\/\/www.gossip.it\/wp-content\/uploads\/2022\/04\/cropped-corna-alta-tiny.png","width":512,"height":512,"caption":"Gossip and VIP News"},"image":{"@id":"https:\/\/www.gossip.it\/#\/schema\/logo\/image\/"},"sameAs":["https:\/\/www.facebook.com\/GossipIT","https:\/\/x.com\/gossinews_it","https:\/\/instagram.com\/gossip_it"]},{"@type":"Person","@id":"https:\/\/www.gossip.it\/#\/schema\/person\/488896f75158bff1cc83c6c39d141110","name":"La Redazione","image":{"@type":"ImageObject","inLanguage":"it-IT","@id":"https:\/\/www.gossip.it\/#\/schema\/person\/image\/","url":"https:\/\/secure.gravatar.com\/avatar\/5a5f5c6fa3e6700e4249abdad0263a1e94e927d9e0499b1cb09c1cd29c044d80?s=96&d=mm&r=g","contentUrl":"https:\/\/secure.gravatar.com\/avatar\/5a5f5c6fa3e6700e4249abdad0263a1e94e927d9e0499b1cb09c1cd29c044d80?s=96&d=mm&r=g","caption":"La Redazione"},"sameAs":["https:\/\/www.gossip.it"]}]}},"amp_enabled":true,"_links":{"self":[{"href":"https:\/\/www.gossip.it\/api\/wp\/v2\/posts\/43501","targetHints":{"allow":["GET"]}}],"collection":[{"href":"https:\/\/www.gossip.it\/api\/wp\/v2\/posts"}],"about":[{"href":"https:\/\/www.gossip.it\/api\/wp\/v2\/types\/post"}],"author":[{"embeddable":true,"href":"https:\/\/www.gossip.it\/api\/wp\/v2\/users\/1"}],"replies":[{"embeddable":true,"href":"https:\/\/www.gossip.it\/api\/wp\/v2\/comments?post=43501"}],"version-history":[{"count":0,"href":"https:\/\/www.gossip.it\/api\/wp\/v2\/posts\/43501\/revisions"}],"wp:featuredmedia":[{"embeddable":true,"href":"https:\/\/www.gossip.it\/api\/wp\/v2\/media\/99547"}],"wp:attachment":[{"href":"https:\/\/www.gossip.it\/api\/wp\/v2\/media?parent=43501"}],"wp:term":[{"taxonomy":"category","embeddable":true,"href":"https:\/\/www.gossip.it\/api\/wp\/v2\/categories?post=43501"},{"taxonomy":"post_tag","embeddable":true,"href":"https:\/\/www.gossip.it\/api\/wp\/v2\/tags?post=43501"},{"taxonomy":"vip","embeddable":true,"href":"https:\/\/www.gossip.it\/api\/wp\/v2\/vip?post=43501"}],"curies":[{"name":"wp","href":"https:\/\/api.w.org\/{rel}","templated":true}]}}