{"id":43534,"date":"2013-12-13T00:00:00","date_gmt":"2013-12-12T23:00:00","guid":{"rendered":"https:\/\/www.gossip.it\/senza-categoria\/chiara-iezzi-con-paola-c-e-del-bene\/"},"modified":"2013-12-13T00:00:00","modified_gmt":"2013-12-12T23:00:00","slug":"chiara-iezzi-con-paola-c-e-del-bene","status":"publish","type":"post","link":"https:\/\/www.gossip.it\/news\/chiara-iezzi-con-paola-c-e-del-bene\/","title":{"rendered":"Chiara Iezzi: 'Con Paola c'\u00e8 del bene'"},"content":{"rendered":"<p><a href=\"http:\/\/www.gossip.it\/news\/monografia.php?keyword=Chiara Iezzi\">Chiara Iezzi<\/a> ospite di <a href=\"http:\/\/www.gossip.it\/news\/monografia.php?keyword=Silvia Toffanin\">Silvia Toffanin<\/a> a <b>\u201cVerissimo\u201d<\/b> aveva rivelato il motivo della rottura con la sorella <b>Paola<\/b>: <em>\u201c<b>E\u2019 successo tutto a giugno<\/b><\/em> - raccontava - <em><b>quando ho scoperto all\u2019improvviso dai giornali che Paola avrebbe condotto un programma in televisione con Max Pezzali. All\u2019inizio ci sono rimasta molto male<\/b>. <b>Sarebbe stato carino condurre con lei e<\/b> <a href=\"http:\/\/www.gossip.it\/news\/monografia.php?keyword=Max Pezzali\">Max Pezzali<\/a> 'Nord Sud Ovest Est'\u201d.<\/em> <em>\u201cMa poi <\/em>-  aggiungeva - <em>ho capito che lei aveva preso una decisione per se stessa, perch\u00e9 aveva voglia di fare una cosa da sola. Per me \u00e8 stata l\u2019occasione, lo stimolo, per capire cosa volevo fare veramente, anche perch\u00e9 la nostra crisi artistica, dovuta a visioni diverse, era iniziata gi\u00e0 nel 2007\u201d<\/em>.<\/p>\n<p>Ora l\u2019ex bionda del duo (si \u00e8 scurita i capelli anche lei) \u00e8 tornata a parlare del suo rapporto con la sorella nel salotto di <b>\u201cMattino Cinque\u201d<\/b>, il programma condotto da<a href=\"http:\/\/www.gossip.it\/news\/monografia.php?keyword= Federica Panicucci\"> Federica Panicucci<\/a>: <em>\u201c\u00c8 stata una collaborazione meravigliosa<\/em> - ha spiegato - <em>Il nostro \u00e8 un legame indissolubile, siamo sorelle\u201d<\/em>. <em>\u201cIn 17 anni<\/em> - ha aggiunto Chiara - <em>abbiamo vissuto tutte le emozioni possibili: siamo state colleghe, amiche e sorelle, ovviamente. Abbiamo vissuto vittorie e sconfitte\u201d<\/em>. Ma alla fine hanno sentito la necessit\u00e0 di separare le loro strade professionali, ha spiegato la Iezzi e ha ribadito: <em>\u201cLa separazione non \u00e8 stata semplice  per nessuna delle due, per\u00f2 sicuramente c\u2019era la necessit\u00e0 di potersi esprimere anche a livello individuale. Sapevamo che quello di giugno sarebbe stato l\u2019ultimo disco. Trovare il momento in cui succede non \u00e8 mai facile\u201d<\/em>.<\/p>\n<p>Tornado sulla trasmissione che Paola ha condotto questa estate insieme a Max Pezzali, Chiara ha specificato che non \u00e8 stato quello il motivo dell\u2019addio in campo artistico: <em>\u201cSapevo che mia sorella desiderava trovare la sua strada<\/em> - ha detto -  <em>e come lei anche io. La separazione c\u2019era gi\u00e0 stata. Eravamo ancora in una fase di limbo\u201d<\/em>. Ma ha comunque ribadito di essere venuta a conoscenza della cosa non dalla <b>sister<\/b> ma dai media e di non esserci rimasta benissimo. Comunque, ha concluso, tra loro <em>\u201cil bene c\u2019\u00e8, anzi, spesso \u00e8 proprio perch\u00e9 c\u2019\u00e8 tanto bene che succedono queste cose\u201d<\/em>. La cantante in questo momento \u00e8 comunque impegnatissima con la promozione del suo Ep, <b>\u201cL\u2019Universo\u201d<\/b> e pare con la <em>sister<\/em> ci siano tutti i presupposti per una riconciliazione.<\/p>\n","protected":false},"excerpt":{"rendered":"<p>Chiara Iezzi ospite di Silvia Toffanin a \u201cVerissimo\u201d aveva rivelato il motivo della rottura con la sorella Paola: \u201cE\u2019 successo tutto a giugno - raccontava - quando ho scoperto all\u2019improvviso dai giornali che Paola avrebbe condotto un programma in televisione con Max Pezzali. All\u2019inizio ci sono rimasta molto male. Sarebbe stato carino condurre con lei [&hellip;]<\/p>\n","protected":false},"author":1,"featured_media":99580,"comment_status":"closed","ping_status":"closed","sticky":false,"template":"","format":"standard","meta":{"footnotes":""},"categories":[54],"tags":[1981,4883,46957,2208],"vip":[486,731,1456,1688],"class_list":["post-43534","post","type-post","status-publish","format-standard","has-post-thumbnail","hentry","category-news","tag-cantante","tag-duo","tag-max-pezzati-mattino-cinque","tag-verissimo","vip-chiara_iezzi","vip-federica_panicucci","vip-paola_iezzi","vip-silvia_toffanin"],"yoast_head":"<title>Chiara Iezzi: &#039;Con Paola c&#039;\u00e8 del bene&#039; - Gossip.it | News sul Gossip e VIP<\/title>\n<meta name=\"description\" content=\"Chiara Iezzi ospite di Silvia Toffanin a \u201cVerissimo\u201d aveva rivelato il motivo della rottura con la sorella Paola: \u201cE\u2019 successo tutto a giugno - raccontava\" \/>\n<meta name=\"robots\" content=\"index, follow, max-snippet:-1, max-image-preview:large, max-video-preview:-1\" \/>\n<link rel=\"canonical\" href=\"https:\/\/www.gossip.it\/news\/chiara-iezzi-con-paola-c-e-del-bene\/\" \/>\n<meta property=\"og:locale\" content=\"it_IT\" \/>\n<meta property=\"og:type\" content=\"article\" \/>\n<meta property=\"og:title\" content=\"Chiara Iezzi: &#039;Con Paola c&#039;\u00e8 del bene&#039; - Gossip.it | News sul Gossip e VIP\" \/>\n<meta property=\"og:description\" content=\"Chiara Iezzi ospite di Silvia Toffanin a \u201cVerissimo\u201d aveva rivelato il motivo della rottura con la sorella Paola: \u201cE\u2019 successo tutto a giugno - raccontava\" \/>\n<meta property=\"og:url\" content=\"https:\/\/www.gossip.it\/news\/chiara-iezzi-con-paola-c-e-del-bene\/\" \/>\n<meta property=\"og:site_name\" content=\"Gossip.it | News sul Gossip e VIP\" \/>\n<meta property=\"article:publisher\" content=\"https:\/\/www.facebook.com\/GossipIT\" \/>\n<meta property=\"article:published_time\" content=\"2013-12-12T23:00:00+00:00\" \/>\n<meta property=\"og:image\" content=\"http:\/\/www.gossip.it\/images5\/1386935808_.jpg\" \/>\n<meta name=\"author\" content=\"La Redazione\" \/>\n<meta name=\"twitter:card\" content=\"summary_large_image\" \/>\n<meta name=\"twitter:image\" content=\"http:\/\/www.gossip.it\/images5\/1386935808_.jpg\" \/>\n<meta name=\"twitter:creator\" content=\"@gossinews_it\" \/>\n<meta name=\"twitter:site\" content=\"@gossinews_it\" \/>\n<meta name=\"twitter:label1\" content=\"Scritto da\" \/>\n\t<meta name=\"twitter:data1\" content=\"La Redazione\" \/>\n\t<meta name=\"twitter:label2\" content=\"Tempo di lettura stimato\" \/>\n\t<meta name=\"twitter:data2\" content=\"2 minuti\" \/>","yoast_head_json":{"title":"Chiara Iezzi: 'Con Paola c'\u00e8 del bene' - Gossip.it | News sul Gossip e VIP","description":"Chiara Iezzi ospite di Silvia Toffanin a \u201cVerissimo\u201d aveva rivelato il motivo della rottura con la sorella Paola: \u201cE\u2019 successo tutto a giugno - raccontava","robots":{"index":"index","follow":"follow","max-snippet":"max-snippet:-1","max-image-preview":"max-image-preview:large","max-video-preview":"max-video-preview:-1"},"canonical":"https:\/\/www.gossip.it\/news\/chiara-iezzi-con-paola-c-e-del-bene\/","og_locale":"it_IT","og_type":"article","og_title":"Chiara Iezzi: 'Con Paola c'\u00e8 del bene' - Gossip.it | News sul Gossip e VIP","og_description":"Chiara Iezzi ospite di Silvia Toffanin a \u201cVerissimo\u201d aveva rivelato il motivo della rottura con la sorella Paola: \u201cE\u2019 successo tutto a giugno - raccontava","og_url":"https:\/\/www.gossip.it\/news\/chiara-iezzi-con-paola-c-e-del-bene\/","og_site_name":"Gossip.it | News sul Gossip e VIP","article_publisher":"https:\/\/www.facebook.com\/GossipIT","article_published_time":"2013-12-12T23:00:00+00:00","og_image":[{"url":"http:\/\/www.gossip.it\/images5\/1386935808_.jpg"}],"author":"La Redazione","twitter_card":"summary_large_image","twitter_image":"http:\/\/www.gossip.it\/images5\/1386935808_.jpg","twitter_creator":"@gossinews_it","twitter_site":"@gossinews_it","twitter_misc":{"Scritto da":"La Redazione","Tempo di lettura stimato":"2 minuti"},"schema":{"@context":"https:\/\/schema.org","@graph":[{"@type":"Article","@id":"https:\/\/www.gossip.it\/news\/chiara-iezzi-con-paola-c-e-del-bene\/#article","isPartOf":{"@id":"https:\/\/www.gossip.it\/news\/chiara-iezzi-con-paola-c-e-del-bene\/"},"author":{"name":"La Redazione","@id":"https:\/\/www.gossip.it\/#\/schema\/person\/488896f75158bff1cc83c6c39d141110"},"headline":"Chiara Iezzi: 'Con Paola c'\u00e8 del bene'","datePublished":"2013-12-12T23:00:00+00:00","dateModified":"2013-12-12T23:00:00+00:00","mainEntityOfPage":{"@id":"https:\/\/www.gossip.it\/news\/chiara-iezzi-con-paola-c-e-del-bene\/"},"wordCount":384,"publisher":{"@id":"https:\/\/www.gossip.it\/#organization"},"image":{"@id":"https:\/\/www.gossip.it\/news\/chiara-iezzi-con-paola-c-e-del-bene\/#primaryimage"},"thumbnailUrl":"http:\/\/www.gossip.it\/images5\/1386935808_.jpg","keywords":["cantante","duo","max pezzati mattino cinque","verissimo"],"articleSection":["News"],"inLanguage":"it-IT"},{"@type":"WebPage","@id":"https:\/\/www.gossip.it\/news\/chiara-iezzi-con-paola-c-e-del-bene\/","url":"https:\/\/www.gossip.it\/news\/chiara-iezzi-con-paola-c-e-del-bene\/","name":"Chiara Iezzi: 'Con Paola c'\u00e8 del bene' - Gossip.it | News sul Gossip e VIP","isPartOf":{"@id":"https:\/\/www.gossip.it\/#website"},"primaryImageOfPage":{"@id":"https:\/\/www.gossip.it\/news\/chiara-iezzi-con-paola-c-e-del-bene\/#primaryimage"},"image":{"@id":"https:\/\/www.gossip.it\/news\/chiara-iezzi-con-paola-c-e-del-bene\/#primaryimage"},"thumbnailUrl":"http:\/\/www.gossip.it\/images5\/1386935808_.jpg","datePublished":"2013-12-12T23:00:00+00:00","dateModified":"2013-12-12T23:00:00+00:00","description":"Chiara Iezzi ospite di Silvia Toffanin a \u201cVerissimo\u201d aveva rivelato il motivo della rottura con la sorella Paola: \u201cE\u2019 successo tutto a giugno - raccontava","breadcrumb":{"@id":"https:\/\/www.gossip.it\/news\/chiara-iezzi-con-paola-c-e-del-bene\/#breadcrumb"},"inLanguage":"it-IT","potentialAction":[{"@type":"ReadAction","target":["https:\/\/www.gossip.it\/news\/chiara-iezzi-con-paola-c-e-del-bene\/"]}]},{"@type":"ImageObject","inLanguage":"it-IT","@id":"https:\/\/www.gossip.it\/news\/chiara-iezzi-con-paola-c-e-del-bene\/#primaryimage","url":"http:\/\/www.gossip.it\/images5\/1386935808_.jpg","contentUrl":"http:\/\/www.gossip.it\/images5\/1386935808_.jpg"},{"@type":"BreadcrumbList","@id":"https:\/\/www.gossip.it\/news\/chiara-iezzi-con-paola-c-e-del-bene\/#breadcrumb","itemListElement":[{"@type":"ListItem","position":1,"name":"Home","item":"https:\/\/www.gossip.it\/"},{"@type":"ListItem","position":2,"name":"Chiara Iezzi: 'Con Paola c'\u00e8 del bene'"}]},{"@type":"WebSite","@id":"https:\/\/www.gossip.it\/#website","url":"https:\/\/www.gossip.it\/","name":"Gossip and VIP News","description":"Quotidiano di cronaca rosa, costume e societ\u00e0","publisher":{"@id":"https:\/\/www.gossip.it\/#organization"},"alternateName":"Gossip and VIP News","potentialAction":[{"@type":"SearchAction","target":{"@type":"EntryPoint","urlTemplate":"https:\/\/www.gossip.it\/?s={search_term_string}"},"query-input":{"@type":"PropertyValueSpecification","valueRequired":true,"valueName":"search_term_string"}}],"inLanguage":"it-IT"},{"@type":"Organization","@id":"https:\/\/www.gossip.it\/#organization","name":"Gossip and VIP News","alternateName":"Gossip News","url":"https:\/\/www.gossip.it\/","logo":{"@type":"ImageObject","inLanguage":"it-IT","@id":"https:\/\/www.gossip.it\/#\/schema\/logo\/image\/","url":"https:\/\/www.gossip.it\/wp-content\/uploads\/2022\/04\/cropped-corna-alta-tiny.png","contentUrl":"https:\/\/www.gossip.it\/wp-content\/uploads\/2022\/04\/cropped-corna-alta-tiny.png","width":512,"height":512,"caption":"Gossip and VIP News"},"image":{"@id":"https:\/\/www.gossip.it\/#\/schema\/logo\/image\/"},"sameAs":["https:\/\/www.facebook.com\/GossipIT","https:\/\/x.com\/gossinews_it","https:\/\/instagram.com\/gossip_it"]},{"@type":"Person","@id":"https:\/\/www.gossip.it\/#\/schema\/person\/488896f75158bff1cc83c6c39d141110","name":"La Redazione","image":{"@type":"ImageObject","inLanguage":"it-IT","@id":"https:\/\/www.gossip.it\/#\/schema\/person\/image\/","url":"https:\/\/secure.gravatar.com\/avatar\/5a5f5c6fa3e6700e4249abdad0263a1e94e927d9e0499b1cb09c1cd29c044d80?s=96&d=mm&r=g","contentUrl":"https:\/\/secure.gravatar.com\/avatar\/5a5f5c6fa3e6700e4249abdad0263a1e94e927d9e0499b1cb09c1cd29c044d80?s=96&d=mm&r=g","caption":"La Redazione"},"sameAs":["https:\/\/www.gossip.it"]}]}},"amp_enabled":true,"_links":{"self":[{"href":"https:\/\/www.gossip.it\/api\/wp\/v2\/posts\/43534","targetHints":{"allow":["GET"]}}],"collection":[{"href":"https:\/\/www.gossip.it\/api\/wp\/v2\/posts"}],"about":[{"href":"https:\/\/www.gossip.it\/api\/wp\/v2\/types\/post"}],"author":[{"embeddable":true,"href":"https:\/\/www.gossip.it\/api\/wp\/v2\/users\/1"}],"replies":[{"embeddable":true,"href":"https:\/\/www.gossip.it\/api\/wp\/v2\/comments?post=43534"}],"version-history":[{"count":0,"href":"https:\/\/www.gossip.it\/api\/wp\/v2\/posts\/43534\/revisions"}],"wp:featuredmedia":[{"embeddable":true,"href":"https:\/\/www.gossip.it\/api\/wp\/v2\/media\/99580"}],"wp:attachment":[{"href":"https:\/\/www.gossip.it\/api\/wp\/v2\/media?parent=43534"}],"wp:term":[{"taxonomy":"category","embeddable":true,"href":"https:\/\/www.gossip.it\/api\/wp\/v2\/categories?post=43534"},{"taxonomy":"post_tag","embeddable":true,"href":"https:\/\/www.gossip.it\/api\/wp\/v2\/tags?post=43534"},{"taxonomy":"vip","embeddable":true,"href":"https:\/\/www.gossip.it\/api\/wp\/v2\/vip?post=43534"}],"curies":[{"name":"wp","href":"https:\/\/api.w.org\/{rel}","templated":true}]}}