{"id":43628,"date":"2013-12-17T00:00:00","date_gmt":"2013-12-16T23:00:00","guid":{"rendered":"https:\/\/www.gossip.it\/senza-categoria\/simona-salvemini-c-e-feeling-con-mj\/"},"modified":"2013-12-17T00:00:00","modified_gmt":"2013-12-16T23:00:00","slug":"simona-salvemini-c-e-feeling-con-mj","status":"publish","type":"post","link":"https:\/\/www.gossip.it\/news\/simona-salvemini-c-e-feeling-con-mj\/","title":{"rendered":"Simona Salvemini, c'\u00e8 feeling con MJ"},"content":{"rendered":"<p><em>\"C'\u00e8 del sentimento #MG\"<\/em>, scrive l'ex giefffina <a href=\"http:\/\/www.gossip.it\/news\/monografia.php?keyword=Simona Salvemini\">Simona Salvemini<\/a> sul social accanto alla foto che la ritrae mentre bacia teneramente il cagnolone della sua amica <a href=\"http:\/\/www.gossip.it\/news\/monografia.php?keyword=Melissa Satta\">Melissa Satta<\/a> e del fidanzato <a href=\"http:\/\/www.gossip.it\/news\/monografia.php?keyword=Kevin Prince Boateng\">Kevin Prince Boateng<\/a> (<a href=\"http:\/\/www.gossip.it\/news\/asc_showfoto.php?ID=1387289513\"><b><u>clicca qui per ingrandire<\/u><\/b><\/a>). Ma c'\u00e8 un errore, il cucciolo non si chiama MG, bens\u00ec <b>MJ<\/b>, in onore di <b>Michael Jackson<\/b>, l'idolo del celebre calciatore. Simona se ne accorge e tempestivamente si corregge: <em>\"MJ<\/em> - cinguetta tra i commenti sotto allo scatto - <em>ho sbagliato sono troppo italiana\".<\/em><\/p>\n<p><b>La Salvemini e la Satta sono legate da una profonda amicizia<\/b>. Sempre insieme, sono davvero inseparabili. Ora che l'ex velina aspetta anche un beb\u00e8, Simo le star\u00e0 di certo ancora pi\u00f9 vicina. Sar\u00e0 sicuramente una brava <b>zia acquisita<\/b> per il piccolino o la piccolina che sta per nascere. Intanto coccola il simpatico MJ, ancora per un po' le attenzioni di casa <b>Satteng<\/b> sono tutte per lui.<\/p>\n","protected":false},"excerpt":{"rendered":"<p>\"C'\u00e8 del sentimento #MG\", scrive l'ex giefffina Simona Salvemini sul social accanto alla foto che la ritrae mentre bacia teneramente il cagnolone della sua amica Melissa Satta e del fidanzato Kevin Prince Boateng (clicca qui per ingrandire). Ma c'\u00e8 un errore, il cucciolo non si chiama MG, bens\u00ec MJ, in onore di Michael Jackson, l'idolo [&hellip;]<\/p>\n","protected":false},"author":1,"featured_media":99674,"comment_status":"closed","ping_status":"closed","sticky":false,"template":"","format":"standard","meta":{"footnotes":""},"categories":[54],"tags":[2218,3625,2121,47027,42390,45099,1923],"vip":[1697],"class_list":["post-43628","post","type-post","status-publish","format-standard","has-post-thumbnail","hentry","category-news","tag-calciatore","tag-cane","tag-instagram","tag-melissa-satta-kevin-prince-boateng","tag-mj","tag-satteng","tag-social","vip-simona_salvemini"],"yoast_head":"<title>Simona Salvemini, c&#039;\u00e8 feeling con MJ - Gossip.it | News sul Gossip e VIP<\/title>\n<meta name=\"description\" content=\"&quot;C&#039;\u00e8 del sentimento #MG&quot;, scrive l&#039;ex giefffina Simona Salvemini sul social accanto alla foto che la ritrae mentre bacia teneramente il cagnolone della\" \/>\n<meta name=\"robots\" content=\"index, follow, max-snippet:-1, max-image-preview:large, max-video-preview:-1\" \/>\n<link rel=\"canonical\" href=\"https:\/\/www.gossip.it\/news\/simona-salvemini-c-e-feeling-con-mj\/\" \/>\n<meta property=\"og:locale\" content=\"it_IT\" \/>\n<meta property=\"og:type\" content=\"article\" \/>\n<meta property=\"og:title\" content=\"Simona Salvemini, c&#039;\u00e8 feeling con MJ - Gossip.it | News sul Gossip e VIP\" \/>\n<meta property=\"og:description\" content=\"&quot;C&#039;\u00e8 del sentimento #MG&quot;, scrive l&#039;ex giefffina Simona Salvemini sul social accanto alla foto che la ritrae mentre bacia teneramente il cagnolone della\" \/>\n<meta property=\"og:url\" content=\"https:\/\/www.gossip.it\/news\/simona-salvemini-c-e-feeling-con-mj\/\" \/>\n<meta property=\"og:site_name\" content=\"Gossip.it | News sul Gossip e VIP\" \/>\n<meta property=\"article:publisher\" content=\"https:\/\/www.facebook.com\/GossipIT\" \/>\n<meta property=\"article:published_time\" content=\"2013-12-16T23:00:00+00:00\" \/>\n<meta property=\"og:image\" content=\"http:\/\/www.gossip.it\/images5\/1387289513_.jpg\" \/>\n<meta name=\"author\" content=\"La Redazione\" \/>\n<meta name=\"twitter:card\" content=\"summary_large_image\" \/>\n<meta name=\"twitter:image\" content=\"http:\/\/www.gossip.it\/images5\/1387289513_.jpg\" \/>\n<meta name=\"twitter:creator\" content=\"@gossinews_it\" \/>\n<meta name=\"twitter:site\" content=\"@gossinews_it\" \/>\n<meta name=\"twitter:label1\" content=\"Scritto da\" \/>\n\t<meta name=\"twitter:data1\" content=\"Francesca Romana Domenici\" \/>\n\t<meta name=\"twitter:label2\" content=\"Tempo di lettura stimato\" \/>\n\t<meta name=\"twitter:data2\" content=\"1 minuto\" \/>","yoast_head_json":{"title":"Simona Salvemini, c'\u00e8 feeling con MJ - Gossip.it | News sul Gossip e VIP","description":"\"C'\u00e8 del sentimento #MG\", scrive l'ex giefffina Simona Salvemini sul social accanto alla foto che la ritrae mentre bacia teneramente il cagnolone della","robots":{"index":"index","follow":"follow","max-snippet":"max-snippet:-1","max-image-preview":"max-image-preview:large","max-video-preview":"max-video-preview:-1"},"canonical":"https:\/\/www.gossip.it\/news\/simona-salvemini-c-e-feeling-con-mj\/","og_locale":"it_IT","og_type":"article","og_title":"Simona Salvemini, c'\u00e8 feeling con MJ - Gossip.it | News sul Gossip e VIP","og_description":"\"C'\u00e8 del sentimento #MG\", scrive l'ex giefffina Simona Salvemini sul social accanto alla foto che la ritrae mentre bacia teneramente il cagnolone della","og_url":"https:\/\/www.gossip.it\/news\/simona-salvemini-c-e-feeling-con-mj\/","og_site_name":"Gossip.it | News sul Gossip e VIP","article_publisher":"https:\/\/www.facebook.com\/GossipIT","article_published_time":"2013-12-16T23:00:00+00:00","og_image":[{"url":"http:\/\/www.gossip.it\/images5\/1387289513_.jpg"}],"author":"La Redazione","twitter_card":"summary_large_image","twitter_image":"http:\/\/www.gossip.it\/images5\/1387289513_.jpg","twitter_creator":"@gossinews_it","twitter_site":"@gossinews_it","twitter_misc":{"Scritto da":"Francesca Romana Domenici","Tempo di lettura stimato":"1 minuto"},"schema":{"@context":"https:\/\/schema.org","@graph":[{"@type":"Article","@id":"https:\/\/www.gossip.it\/news\/simona-salvemini-c-e-feeling-con-mj\/#article","isPartOf":{"@id":"https:\/\/www.gossip.it\/news\/simona-salvemini-c-e-feeling-con-mj\/"},"author":{"name":"La Redazione","@id":"https:\/\/www.gossip.it\/#\/schema\/person\/488896f75158bff1cc83c6c39d141110"},"headline":"Simona Salvemini, c'\u00e8 feeling con MJ","datePublished":"2013-12-16T23:00:00+00:00","dateModified":"2013-12-16T23:00:00+00:00","mainEntityOfPage":{"@id":"https:\/\/www.gossip.it\/news\/simona-salvemini-c-e-feeling-con-mj\/"},"wordCount":156,"publisher":{"@id":"https:\/\/www.gossip.it\/#organization"},"image":{"@id":"https:\/\/www.gossip.it\/news\/simona-salvemini-c-e-feeling-con-mj\/#primaryimage"},"thumbnailUrl":"http:\/\/www.gossip.it\/images5\/1387289513_.jpg","keywords":["calciatore","cane","instagram","melissa satta kevin prince boateng","mj","satteng","social"],"articleSection":["News"],"inLanguage":"it-IT"},{"@type":"WebPage","@id":"https:\/\/www.gossip.it\/news\/simona-salvemini-c-e-feeling-con-mj\/","url":"https:\/\/www.gossip.it\/news\/simona-salvemini-c-e-feeling-con-mj\/","name":"Simona Salvemini, c'\u00e8 feeling con MJ - Gossip.it | News sul Gossip e VIP","isPartOf":{"@id":"https:\/\/www.gossip.it\/#website"},"primaryImageOfPage":{"@id":"https:\/\/www.gossip.it\/news\/simona-salvemini-c-e-feeling-con-mj\/#primaryimage"},"image":{"@id":"https:\/\/www.gossip.it\/news\/simona-salvemini-c-e-feeling-con-mj\/#primaryimage"},"thumbnailUrl":"http:\/\/www.gossip.it\/images5\/1387289513_.jpg","datePublished":"2013-12-16T23:00:00+00:00","dateModified":"2013-12-16T23:00:00+00:00","description":"\"C'\u00e8 del sentimento #MG\", scrive l'ex giefffina Simona Salvemini sul social accanto alla foto che la ritrae mentre bacia teneramente il cagnolone della","breadcrumb":{"@id":"https:\/\/www.gossip.it\/news\/simona-salvemini-c-e-feeling-con-mj\/#breadcrumb"},"inLanguage":"it-IT","potentialAction":[{"@type":"ReadAction","target":["https:\/\/www.gossip.it\/news\/simona-salvemini-c-e-feeling-con-mj\/"]}]},{"@type":"ImageObject","inLanguage":"it-IT","@id":"https:\/\/www.gossip.it\/news\/simona-salvemini-c-e-feeling-con-mj\/#primaryimage","url":"http:\/\/www.gossip.it\/images5\/1387289513_.jpg","contentUrl":"http:\/\/www.gossip.it\/images5\/1387289513_.jpg"},{"@type":"BreadcrumbList","@id":"https:\/\/www.gossip.it\/news\/simona-salvemini-c-e-feeling-con-mj\/#breadcrumb","itemListElement":[{"@type":"ListItem","position":1,"name":"Home","item":"https:\/\/www.gossip.it\/"},{"@type":"ListItem","position":2,"name":"Simona Salvemini, c'\u00e8 feeling con MJ"}]},{"@type":"WebSite","@id":"https:\/\/www.gossip.it\/#website","url":"https:\/\/www.gossip.it\/","name":"Gossip and VIP News","description":"Quotidiano di cronaca rosa, costume e societ\u00e0","publisher":{"@id":"https:\/\/www.gossip.it\/#organization"},"alternateName":"Gossip and VIP News","potentialAction":[{"@type":"SearchAction","target":{"@type":"EntryPoint","urlTemplate":"https:\/\/www.gossip.it\/?s={search_term_string}"},"query-input":{"@type":"PropertyValueSpecification","valueRequired":true,"valueName":"search_term_string"}}],"inLanguage":"it-IT"},{"@type":"Organization","@id":"https:\/\/www.gossip.it\/#organization","name":"Gossip and VIP News","alternateName":"Gossip News","url":"https:\/\/www.gossip.it\/","logo":{"@type":"ImageObject","inLanguage":"it-IT","@id":"https:\/\/www.gossip.it\/#\/schema\/logo\/image\/","url":"https:\/\/www.gossip.it\/wp-content\/uploads\/2022\/04\/cropped-corna-alta-tiny.png","contentUrl":"https:\/\/www.gossip.it\/wp-content\/uploads\/2022\/04\/cropped-corna-alta-tiny.png","width":512,"height":512,"caption":"Gossip and VIP News"},"image":{"@id":"https:\/\/www.gossip.it\/#\/schema\/logo\/image\/"},"sameAs":["https:\/\/www.facebook.com\/GossipIT","https:\/\/x.com\/gossinews_it","https:\/\/instagram.com\/gossip_it"]},{"@type":"Person","@id":"https:\/\/www.gossip.it\/#\/schema\/person\/488896f75158bff1cc83c6c39d141110","name":"La Redazione","image":{"@type":"ImageObject","inLanguage":"it-IT","@id":"https:\/\/www.gossip.it\/#\/schema\/person\/image\/","url":"https:\/\/secure.gravatar.com\/avatar\/5a5f5c6fa3e6700e4249abdad0263a1e94e927d9e0499b1cb09c1cd29c044d80?s=96&d=mm&r=g","contentUrl":"https:\/\/secure.gravatar.com\/avatar\/5a5f5c6fa3e6700e4249abdad0263a1e94e927d9e0499b1cb09c1cd29c044d80?s=96&d=mm&r=g","caption":"La Redazione"},"sameAs":["https:\/\/www.gossip.it"]}]}},"amp_enabled":true,"_links":{"self":[{"href":"https:\/\/www.gossip.it\/api\/wp\/v2\/posts\/43628","targetHints":{"allow":["GET"]}}],"collection":[{"href":"https:\/\/www.gossip.it\/api\/wp\/v2\/posts"}],"about":[{"href":"https:\/\/www.gossip.it\/api\/wp\/v2\/types\/post"}],"author":[{"embeddable":true,"href":"https:\/\/www.gossip.it\/api\/wp\/v2\/users\/1"}],"replies":[{"embeddable":true,"href":"https:\/\/www.gossip.it\/api\/wp\/v2\/comments?post=43628"}],"version-history":[{"count":0,"href":"https:\/\/www.gossip.it\/api\/wp\/v2\/posts\/43628\/revisions"}],"wp:featuredmedia":[{"embeddable":true,"href":"https:\/\/www.gossip.it\/api\/wp\/v2\/media\/99674"}],"wp:attachment":[{"href":"https:\/\/www.gossip.it\/api\/wp\/v2\/media?parent=43628"}],"wp:term":[{"taxonomy":"category","embeddable":true,"href":"https:\/\/www.gossip.it\/api\/wp\/v2\/categories?post=43628"},{"taxonomy":"post_tag","embeddable":true,"href":"https:\/\/www.gossip.it\/api\/wp\/v2\/tags?post=43628"},{"taxonomy":"vip","embeddable":true,"href":"https:\/\/www.gossip.it\/api\/wp\/v2\/vip?post=43628"}],"curies":[{"name":"wp","href":"https:\/\/api.w.org\/{rel}","templated":true}]}}