{"id":44072,"date":"2014-01-09T00:00:00","date_gmt":"2014-01-08T23:00:00","guid":{"rendered":"https:\/\/www.gossip.it\/senza-categoria\/simona-ventura-vacanze-in-love-con-gero\/"},"modified":"2014-01-09T00:00:00","modified_gmt":"2014-01-08T23:00:00","slug":"simona-ventura-vacanze-in-love-con-gero","status":"publish","type":"post","link":"https:\/\/www.gossip.it\/news\/simona-ventura-vacanze-in-love-con-gero\/","title":{"rendered":"Simona Ventura, vacanze in love con Ger\u00f2"},"content":{"rendered":"<p>Le vacanze a Miami sono finite. <a href=\"http:\/\/www.gossip.it\/news\/monografia.php?keyword=Simona Ventura\">Simona Ventura<\/a>, per\u00f2, posta le foto-ricordo su <b>Instagram<\/b>. Con lei sempre il suo amatissimo fidanzato <a href=\"http:\/\/www.gossip.it\/news\/monografia.php?keyword=Gian Gerolamo Carraro\">Gian Gerolamo Carraro<\/a>. In uno scatto la coppia sta con una cara amica, la designer di gioielli <b>Eugenia Bruni<\/b>. In un altro, invece, posa insieme al famoso deejay <a href=\"http:\/\/www.gossip.it\/news\/monografia.php?keyword=Bob Sinclair\">Bob Sinclair<\/a>.<\/p>\n<p>Simona ha chiuso il 2013 festeggiando il successo televisivo di <b>\"X Factor\"<\/b>. Poi si \u00e8 concessa un break rilassante sotto il caldo sole della Florida in compagnia della dolce met\u00e0. Con Carraro le cose sembrano andare sempre a gonfie vele. Il loro rapporto ormai \u00e8 solido, finalmente la conduttrice ha trovato un uomo che le sa tenere testa. E al suo fianco appare sempre sorridente e serena.<\/p>\n","protected":false},"excerpt":{"rendered":"<p>Le vacanze a Miami sono finite. Simona Ventura, per\u00f2, posta le foto-ricordo su Instagram. Con lei sempre il suo amatissimo fidanzato Gian Gerolamo Carraro. In uno scatto la coppia sta con una cara amica, la designer di gioielli Eugenia Bruni. In un altro, invece, posa insieme al famoso deejay Bob Sinclair. Simona ha chiuso il [&hellip;]<\/p>\n","protected":false},"author":1,"featured_media":100118,"comment_status":"closed","ping_status":"closed","sticky":false,"template":"","format":"standard","meta":{"footnotes":""},"categories":[54],"tags":[32437,1992,47486,9840,47485,2121,6916,1923,5411],"vip":[1698],"class_list":["post-44072","post","type-post","status-publish","format-standard","has-post-thumbnail","hentry","category-news","tag-bob-sinclair","tag-conduttrice","tag-eugenia-bruni","tag-florida","tag-gina-gerolamo-carraro","tag-instagram","tag-miami","tag-social","tag-x-factor","vip-simona_ventura"],"yoast_head":"<title>Simona Ventura, vacanze in love con Ger\u00f2 - Gossip.it | News sul Gossip e VIP<\/title>\n<meta name=\"description\" content=\"Le vacanze a Miami sono finite. Simona Ventura, per\u00f2, posta le foto-ricordo su Instagram. Con lei sempre il suo amatissimo fidanzato Gian Gerolamo\" \/>\n<meta name=\"robots\" content=\"index, follow, max-snippet:-1, max-image-preview:large, max-video-preview:-1\" \/>\n<link rel=\"canonical\" href=\"https:\/\/www.gossip.it\/news\/simona-ventura-vacanze-in-love-con-gero\/\" \/>\n<meta property=\"og:locale\" content=\"it_IT\" \/>\n<meta property=\"og:type\" content=\"article\" \/>\n<meta property=\"og:title\" content=\"Simona Ventura, vacanze in love con Ger\u00f2 - Gossip.it | News sul Gossip e VIP\" \/>\n<meta property=\"og:description\" content=\"Le vacanze a Miami sono finite. Simona Ventura, per\u00f2, posta le foto-ricordo su Instagram. Con lei sempre il suo amatissimo fidanzato Gian Gerolamo\" \/>\n<meta property=\"og:url\" content=\"https:\/\/www.gossip.it\/news\/simona-ventura-vacanze-in-love-con-gero\/\" \/>\n<meta property=\"og:site_name\" content=\"Gossip.it | News sul Gossip e VIP\" \/>\n<meta property=\"article:publisher\" content=\"https:\/\/www.facebook.com\/GossipIT\" \/>\n<meta property=\"article:published_time\" content=\"2014-01-08T23:00:00+00:00\" \/>\n<meta property=\"og:image\" content=\"http:\/\/www.gossip.it\/images5\/1389275537_.jpg\" \/>\n<meta name=\"author\" content=\"La Redazione\" \/>\n<meta name=\"twitter:card\" content=\"summary_large_image\" \/>\n<meta name=\"twitter:image\" content=\"http:\/\/www.gossip.it\/images5\/1389275537_.jpg\" \/>\n<meta name=\"twitter:creator\" content=\"@gossinews_it\" \/>\n<meta name=\"twitter:site\" content=\"@gossinews_it\" \/>\n<meta name=\"twitter:label1\" content=\"Scritto da\" \/>\n\t<meta name=\"twitter:data1\" content=\"Francesca Romana Domenici\" \/>\n\t<meta name=\"twitter:label2\" content=\"Tempo di lettura stimato\" \/>\n\t<meta name=\"twitter:data2\" content=\"1 minuto\" \/>","yoast_head_json":{"title":"Simona Ventura, vacanze in love con Ger\u00f2 - Gossip.it | News sul Gossip e VIP","description":"Le vacanze a Miami sono finite. Simona Ventura, per\u00f2, posta le foto-ricordo su Instagram. Con lei sempre il suo amatissimo fidanzato Gian Gerolamo","robots":{"index":"index","follow":"follow","max-snippet":"max-snippet:-1","max-image-preview":"max-image-preview:large","max-video-preview":"max-video-preview:-1"},"canonical":"https:\/\/www.gossip.it\/news\/simona-ventura-vacanze-in-love-con-gero\/","og_locale":"it_IT","og_type":"article","og_title":"Simona Ventura, vacanze in love con Ger\u00f2 - Gossip.it | News sul Gossip e VIP","og_description":"Le vacanze a Miami sono finite. Simona Ventura, per\u00f2, posta le foto-ricordo su Instagram. Con lei sempre il suo amatissimo fidanzato Gian Gerolamo","og_url":"https:\/\/www.gossip.it\/news\/simona-ventura-vacanze-in-love-con-gero\/","og_site_name":"Gossip.it | News sul Gossip e VIP","article_publisher":"https:\/\/www.facebook.com\/GossipIT","article_published_time":"2014-01-08T23:00:00+00:00","og_image":[{"url":"http:\/\/www.gossip.it\/images5\/1389275537_.jpg"}],"author":"La Redazione","twitter_card":"summary_large_image","twitter_image":"http:\/\/www.gossip.it\/images5\/1389275537_.jpg","twitter_creator":"@gossinews_it","twitter_site":"@gossinews_it","twitter_misc":{"Scritto da":"Francesca Romana Domenici","Tempo di lettura stimato":"1 minuto"},"schema":{"@context":"https:\/\/schema.org","@graph":[{"@type":"Article","@id":"https:\/\/www.gossip.it\/news\/simona-ventura-vacanze-in-love-con-gero\/#article","isPartOf":{"@id":"https:\/\/www.gossip.it\/news\/simona-ventura-vacanze-in-love-con-gero\/"},"author":{"name":"La Redazione","@id":"https:\/\/www.gossip.it\/#\/schema\/person\/488896f75158bff1cc83c6c39d141110"},"headline":"Simona Ventura, vacanze in love con Ger\u00f2","datePublished":"2014-01-08T23:00:00+00:00","dateModified":"2014-01-08T23:00:00+00:00","mainEntityOfPage":{"@id":"https:\/\/www.gossip.it\/news\/simona-ventura-vacanze-in-love-con-gero\/"},"wordCount":122,"publisher":{"@id":"https:\/\/www.gossip.it\/#organization"},"image":{"@id":"https:\/\/www.gossip.it\/news\/simona-ventura-vacanze-in-love-con-gero\/#primaryimage"},"thumbnailUrl":"http:\/\/www.gossip.it\/images5\/1389275537_.jpg","keywords":["bob sinclair","conduttrice","eugenia bruni","florida","gina gerolamo carraro","instagram","miami","social","x factor"],"articleSection":["News"],"inLanguage":"it-IT"},{"@type":"WebPage","@id":"https:\/\/www.gossip.it\/news\/simona-ventura-vacanze-in-love-con-gero\/","url":"https:\/\/www.gossip.it\/news\/simona-ventura-vacanze-in-love-con-gero\/","name":"Simona Ventura, vacanze in love con Ger\u00f2 - Gossip.it | News sul Gossip e VIP","isPartOf":{"@id":"https:\/\/www.gossip.it\/#website"},"primaryImageOfPage":{"@id":"https:\/\/www.gossip.it\/news\/simona-ventura-vacanze-in-love-con-gero\/#primaryimage"},"image":{"@id":"https:\/\/www.gossip.it\/news\/simona-ventura-vacanze-in-love-con-gero\/#primaryimage"},"thumbnailUrl":"http:\/\/www.gossip.it\/images5\/1389275537_.jpg","datePublished":"2014-01-08T23:00:00+00:00","dateModified":"2014-01-08T23:00:00+00:00","description":"Le vacanze a Miami sono finite. Simona Ventura, per\u00f2, posta le foto-ricordo su Instagram. Con lei sempre il suo amatissimo fidanzato Gian Gerolamo","breadcrumb":{"@id":"https:\/\/www.gossip.it\/news\/simona-ventura-vacanze-in-love-con-gero\/#breadcrumb"},"inLanguage":"it-IT","potentialAction":[{"@type":"ReadAction","target":["https:\/\/www.gossip.it\/news\/simona-ventura-vacanze-in-love-con-gero\/"]}]},{"@type":"ImageObject","inLanguage":"it-IT","@id":"https:\/\/www.gossip.it\/news\/simona-ventura-vacanze-in-love-con-gero\/#primaryimage","url":"http:\/\/www.gossip.it\/images5\/1389275537_.jpg","contentUrl":"http:\/\/www.gossip.it\/images5\/1389275537_.jpg"},{"@type":"BreadcrumbList","@id":"https:\/\/www.gossip.it\/news\/simona-ventura-vacanze-in-love-con-gero\/#breadcrumb","itemListElement":[{"@type":"ListItem","position":1,"name":"Home","item":"https:\/\/www.gossip.it\/"},{"@type":"ListItem","position":2,"name":"Simona Ventura, vacanze in love con Ger\u00f2"}]},{"@type":"WebSite","@id":"https:\/\/www.gossip.it\/#website","url":"https:\/\/www.gossip.it\/","name":"Gossip and VIP News","description":"Quotidiano di cronaca rosa, costume e societ\u00e0","publisher":{"@id":"https:\/\/www.gossip.it\/#organization"},"alternateName":"Gossip and VIP News","potentialAction":[{"@type":"SearchAction","target":{"@type":"EntryPoint","urlTemplate":"https:\/\/www.gossip.it\/?s={search_term_string}"},"query-input":{"@type":"PropertyValueSpecification","valueRequired":true,"valueName":"search_term_string"}}],"inLanguage":"it-IT"},{"@type":"Organization","@id":"https:\/\/www.gossip.it\/#organization","name":"Gossip and VIP News","alternateName":"Gossip News","url":"https:\/\/www.gossip.it\/","logo":{"@type":"ImageObject","inLanguage":"it-IT","@id":"https:\/\/www.gossip.it\/#\/schema\/logo\/image\/","url":"https:\/\/www.gossip.it\/wp-content\/uploads\/2022\/04\/cropped-corna-alta-tiny.png","contentUrl":"https:\/\/www.gossip.it\/wp-content\/uploads\/2022\/04\/cropped-corna-alta-tiny.png","width":512,"height":512,"caption":"Gossip and VIP News"},"image":{"@id":"https:\/\/www.gossip.it\/#\/schema\/logo\/image\/"},"sameAs":["https:\/\/www.facebook.com\/GossipIT","https:\/\/x.com\/gossinews_it","https:\/\/instagram.com\/gossip_it"]},{"@type":"Person","@id":"https:\/\/www.gossip.it\/#\/schema\/person\/488896f75158bff1cc83c6c39d141110","name":"La Redazione","image":{"@type":"ImageObject","inLanguage":"it-IT","@id":"https:\/\/www.gossip.it\/#\/schema\/person\/image\/","url":"https:\/\/secure.gravatar.com\/avatar\/5a5f5c6fa3e6700e4249abdad0263a1e94e927d9e0499b1cb09c1cd29c044d80?s=96&d=mm&r=g","contentUrl":"https:\/\/secure.gravatar.com\/avatar\/5a5f5c6fa3e6700e4249abdad0263a1e94e927d9e0499b1cb09c1cd29c044d80?s=96&d=mm&r=g","caption":"La Redazione"},"sameAs":["https:\/\/www.gossip.it"]}]}},"amp_enabled":true,"_links":{"self":[{"href":"https:\/\/www.gossip.it\/api\/wp\/v2\/posts\/44072","targetHints":{"allow":["GET"]}}],"collection":[{"href":"https:\/\/www.gossip.it\/api\/wp\/v2\/posts"}],"about":[{"href":"https:\/\/www.gossip.it\/api\/wp\/v2\/types\/post"}],"author":[{"embeddable":true,"href":"https:\/\/www.gossip.it\/api\/wp\/v2\/users\/1"}],"replies":[{"embeddable":true,"href":"https:\/\/www.gossip.it\/api\/wp\/v2\/comments?post=44072"}],"version-history":[{"count":0,"href":"https:\/\/www.gossip.it\/api\/wp\/v2\/posts\/44072\/revisions"}],"wp:featuredmedia":[{"embeddable":true,"href":"https:\/\/www.gossip.it\/api\/wp\/v2\/media\/100118"}],"wp:attachment":[{"href":"https:\/\/www.gossip.it\/api\/wp\/v2\/media?parent=44072"}],"wp:term":[{"taxonomy":"category","embeddable":true,"href":"https:\/\/www.gossip.it\/api\/wp\/v2\/categories?post=44072"},{"taxonomy":"post_tag","embeddable":true,"href":"https:\/\/www.gossip.it\/api\/wp\/v2\/tags?post=44072"},{"taxonomy":"vip","embeddable":true,"href":"https:\/\/www.gossip.it\/api\/wp\/v2\/vip?post=44072"}],"curies":[{"name":"wp","href":"https:\/\/api.w.org\/{rel}","templated":true}]}}