{"id":44084,"date":"2014-01-10T00:00:00","date_gmt":"2014-01-09T23:00:00","guid":{"rendered":"https:\/\/www.gossip.it\/senza-categoria\/vespa-e-baudo-e-scontro-per-i-60-anni-della-rai\/"},"modified":"2014-01-10T00:00:00","modified_gmt":"2014-01-09T23:00:00","slug":"vespa-e-baudo-e-scontro-per-i-60-anni-della-rai","status":"publish","type":"post","link":"https:\/\/www.gossip.it\/news\/vespa-e-baudo-e-scontro-per-i-60-anni-della-rai\/","title":{"rendered":"Vespa e Baudo: \u00e8 scontro per i 60 anni della Rai"},"content":{"rendered":"<p>Non ha avuto problemi ad escluderlo dal parterre degli ospiti della puntata di <b>\"Porta a Porta\"<\/b> del 7 gennaio scorso, dedicata ai 60 anni di vita della Rai. <a href=\"http:\/\/www.gossip.it\/news\/monografia.php?keyword=Bruno Vespa\">Bruno Vespa<\/a> <b>non ci ha pensato un attimo e ha fatto fuori <a href=\"http:\/\/www.gossip.it\/news\/monografia.php?keyword=Pippo Baudo\">Pippo Baudo<\/a>, con cui era gi\u00e0 ai ferri corti dopo la trasmissione dedicata ai 150 anni dell\u2019unit\u00e0 d\u2019Italia andata in onda su Rai Uno nell\u2019aprile 2011<\/b>. Nel suo programma ha preferito intervenissero <a href=\"http:\/\/www.gossip.it\/news\/monografia.php?keyword=Piero Angela\">Piero Angela<\/a>, <a href=\"http:\/\/www.gossip.it\/news\/monografia.php?keyword=Lino Banfi\">Lino Banfi<\/a>, <a href=\"http:\/\/www.gossip.it\/news\/monografia.php?keyword=Paolo Bonolis\">Paolo Bonolis<\/a>, <a href=\"http:\/\/www.gossip.it\/news\/monografia.php?keyword=Antonella Clerici\">Antonella Clerici<\/a>, <a href=\"http:\/\/www.gossip.it\/news\/monografia.php?keyword=Carlo Conti\">Carlo Conti<\/a>, <a href=\"http:\/\/www.gossip.it\/news\/monografia.php?keyword=Fabrizio Frizzi\">Fabrizio Frizzi<\/a>, <a href=\"http:\/\/www.gossip.it\/news\/monografia.php?keyword=Antonio Lubrano\">Antonio Lubrano<\/a>, <b>Mario Orfeo<\/b>, <b>Bruno Pizzul<\/b> e <b>Antonio Polito<\/b>.<br \/>\nL'assenza \u00e8 dipesa, come ci ha tenuto a spiegare Vespa, proprio al comportamento che Baudo tenne due anni e mezzo fa. <em>\"Gentile Presidente, gentile Senatore, <b>Pippo Baudo non \u00e8 stato invitato alla trasmissione sui sessant'anni della Rai non per una dimenticanza ma perch\u00e9 durante una riunione per le trasmissioni sui 150 anni dell'Unita' d'Italia sput\u00f2 addosso a Claudio Donat-Cattin, gi\u00e0 vicedirettore di Rai Uno e il pi\u00f9 autorevole tra i nostri collaboratori. L'incidente avvenne davanti a numerosi testimoni e Baudo non si \u00e8 mai scusato<\/b>. Baudo \u00e8 stato tuttavia ricordato in un servizio filmato e lo sar\u00e0 probabilmente di nuovo in analoga trasmissione programmata per la fine del mese. Cordialit\u00e0\"<\/em>, ha scritto Bruno nella lettera inviata al Presidente di Commissione parlamentare di Vigilanza Rai, <b>Roberto Fico<\/b>, e al senatore <b>Scavone<\/b>, che ha chiesto spiegazioni sull'accaduto. E ha aggiunto: <b><em>\"Naturalmente, se Baudo si scusasse saremmo lieti di invitarlo alla seconda trasmissione sui sessant'anni della Rai programmata per il 29 gennaio\"<\/em><\/b>.<\/p>\n<p>Baudo, per\u00f2 non ci sta. Alle scuse non pensa minimamente: <b><em>\"E' Vespa che deve scusarsi con me, perch\u00e9 \u00e8 lui che non ha rispettato gli impegni di servizio pubblico e ha agito per vendetta personale. Non solo ha peccato, ma addirittura mi concede la grazia se io chiedo scusa. Ma chi \u00e8 diventato Vespa, il proprietario della Rai?\"<\/em><\/b>. Per il presentatore l'incidente con Donat-Cattin \u00e8 <b><em>\"un fatto personale\"<\/em><\/b>. <em>\"Mi meraviglia che il presidente e direttore generale non siano intervenuti e mi aspetto da questi ultimi una spiegazione dei fatti che rientra nei normali rapporti di educazione tra artisti e direzione Rai\"<\/em>, ha concluso.<\/p>\n<p>Immancabile l'ennesima risposta di Vespa: <em>\"E' proprio per il rispetto dell\u2019etica del servizio pubblico che Baudo non \u00e8 stato invitato. Sputare addosso a un vecchio dirigente Rai davanti a testimoni senza mai chiedergli scusa compromette irreparabilmente il rapporto con una squadra la cui dignit\u00e0 ho il dovere di difendere\"<\/em>.<\/p>\n","protected":false},"excerpt":{"rendered":"<p>Non ha avuto problemi ad escluderlo dal parterre degli ospiti della puntata di \"Porta a Porta\" del 7 gennaio scorso, dedicata ai 60 anni di vita della Rai. Bruno Vespa non ci ha pensato un attimo e ha fatto fuori Pippo Baudo, con cui era gi\u00e0 ai ferri corti dopo la trasmissione dedicata ai 150 [&hellip;]<\/p>\n","protected":false},"author":1,"featured_media":100130,"comment_status":"closed","ping_status":"closed","sticky":false,"template":"","format":"standard","meta":{"footnotes":""},"categories":[54],"tags":[2102,7730,11270,2562,7632,4232,2097],"vip":[430,1521],"class_list":["post-44084","post","type-post","status-publish","format-standard","has-post-thumbnail","hentry","category-news","tag-dichiarazioni","tag-lite","tag-porta-a-porta","tag-rai","tag-rai-uno","tag-scontro","tag-tv","vip-bruno_vespa","vip-pippo_baudo"],"yoast_head":"<title>Vespa e Baudo: \u00e8 scontro per i 60 anni della Rai - Gossip.it | News sul Gossip e VIP<\/title>\n<meta name=\"description\" content=\"Non ha avuto problemi ad escluderlo dal parterre degli ospiti della puntata di &quot;Porta a Porta&quot; del 7 gennaio scorso, dedicata ai 60 anni di vita della\" \/>\n<meta name=\"robots\" content=\"index, follow, max-snippet:-1, max-image-preview:large, max-video-preview:-1\" \/>\n<link rel=\"canonical\" href=\"https:\/\/www.gossip.it\/news\/vespa-e-baudo-e-scontro-per-i-60-anni-della-rai\/\" \/>\n<meta property=\"og:locale\" content=\"it_IT\" \/>\n<meta property=\"og:type\" content=\"article\" \/>\n<meta property=\"og:title\" content=\"Vespa e Baudo: \u00e8 scontro per i 60 anni della Rai - Gossip.it | News sul Gossip e VIP\" \/>\n<meta property=\"og:description\" content=\"Non ha avuto problemi ad escluderlo dal parterre degli ospiti della puntata di &quot;Porta a Porta&quot; del 7 gennaio scorso, dedicata ai 60 anni di vita della\" \/>\n<meta property=\"og:url\" content=\"https:\/\/www.gossip.it\/news\/vespa-e-baudo-e-scontro-per-i-60-anni-della-rai\/\" \/>\n<meta property=\"og:site_name\" content=\"Gossip.it | News sul Gossip e VIP\" \/>\n<meta property=\"article:publisher\" content=\"https:\/\/www.facebook.com\/GossipIT\" \/>\n<meta property=\"article:published_time\" content=\"2014-01-09T23:00:00+00:00\" \/>\n<meta property=\"og:image\" content=\"http:\/\/www.gossip.it\/images5\/1389345189_.jpg\" \/>\n<meta name=\"author\" content=\"La Redazione\" \/>\n<meta name=\"twitter:card\" content=\"summary_large_image\" \/>\n<meta name=\"twitter:image\" content=\"http:\/\/www.gossip.it\/images5\/1389345189_.jpg\" \/>\n<meta name=\"twitter:creator\" content=\"@gossinews_it\" \/>\n<meta name=\"twitter:site\" content=\"@gossinews_it\" \/>\n<meta name=\"twitter:label1\" content=\"Scritto da\" \/>\n\t<meta name=\"twitter:data1\" content=\"Annamaria Capozzi\" \/>\n\t<meta name=\"twitter:label2\" content=\"Tempo di lettura stimato\" \/>\n\t<meta name=\"twitter:data2\" content=\"2 minuti\" \/>","yoast_head_json":{"title":"Vespa e Baudo: \u00e8 scontro per i 60 anni della Rai - Gossip.it | News sul Gossip e VIP","description":"Non ha avuto problemi ad escluderlo dal parterre degli ospiti della puntata di \"Porta a Porta\" del 7 gennaio scorso, dedicata ai 60 anni di vita della","robots":{"index":"index","follow":"follow","max-snippet":"max-snippet:-1","max-image-preview":"max-image-preview:large","max-video-preview":"max-video-preview:-1"},"canonical":"https:\/\/www.gossip.it\/news\/vespa-e-baudo-e-scontro-per-i-60-anni-della-rai\/","og_locale":"it_IT","og_type":"article","og_title":"Vespa e Baudo: \u00e8 scontro per i 60 anni della Rai - Gossip.it | News sul Gossip e VIP","og_description":"Non ha avuto problemi ad escluderlo dal parterre degli ospiti della puntata di \"Porta a Porta\" del 7 gennaio scorso, dedicata ai 60 anni di vita della","og_url":"https:\/\/www.gossip.it\/news\/vespa-e-baudo-e-scontro-per-i-60-anni-della-rai\/","og_site_name":"Gossip.it | News sul Gossip e VIP","article_publisher":"https:\/\/www.facebook.com\/GossipIT","article_published_time":"2014-01-09T23:00:00+00:00","og_image":[{"url":"http:\/\/www.gossip.it\/images5\/1389345189_.jpg"}],"author":"La Redazione","twitter_card":"summary_large_image","twitter_image":"http:\/\/www.gossip.it\/images5\/1389345189_.jpg","twitter_creator":"@gossinews_it","twitter_site":"@gossinews_it","twitter_misc":{"Scritto da":"Annamaria Capozzi","Tempo di lettura stimato":"2 minuti"},"schema":{"@context":"https:\/\/schema.org","@graph":[{"@type":"Article","@id":"https:\/\/www.gossip.it\/news\/vespa-e-baudo-e-scontro-per-i-60-anni-della-rai\/#article","isPartOf":{"@id":"https:\/\/www.gossip.it\/news\/vespa-e-baudo-e-scontro-per-i-60-anni-della-rai\/"},"author":{"name":"La Redazione","@id":"https:\/\/www.gossip.it\/#\/schema\/person\/488896f75158bff1cc83c6c39d141110"},"headline":"Vespa e Baudo: \u00e8 scontro per i 60 anni della Rai","datePublished":"2014-01-09T23:00:00+00:00","dateModified":"2014-01-09T23:00:00+00:00","mainEntityOfPage":{"@id":"https:\/\/www.gossip.it\/news\/vespa-e-baudo-e-scontro-per-i-60-anni-della-rai\/"},"wordCount":412,"publisher":{"@id":"https:\/\/www.gossip.it\/#organization"},"image":{"@id":"https:\/\/www.gossip.it\/news\/vespa-e-baudo-e-scontro-per-i-60-anni-della-rai\/#primaryimage"},"thumbnailUrl":"http:\/\/www.gossip.it\/images5\/1389345189_.jpg","keywords":["dichiarazioni","lite","porta a porta","rai","rai uno","scontro","tv"],"articleSection":["News"],"inLanguage":"it-IT"},{"@type":"WebPage","@id":"https:\/\/www.gossip.it\/news\/vespa-e-baudo-e-scontro-per-i-60-anni-della-rai\/","url":"https:\/\/www.gossip.it\/news\/vespa-e-baudo-e-scontro-per-i-60-anni-della-rai\/","name":"Vespa e Baudo: \u00e8 scontro per i 60 anni della Rai - Gossip.it | News sul Gossip e VIP","isPartOf":{"@id":"https:\/\/www.gossip.it\/#website"},"primaryImageOfPage":{"@id":"https:\/\/www.gossip.it\/news\/vespa-e-baudo-e-scontro-per-i-60-anni-della-rai\/#primaryimage"},"image":{"@id":"https:\/\/www.gossip.it\/news\/vespa-e-baudo-e-scontro-per-i-60-anni-della-rai\/#primaryimage"},"thumbnailUrl":"http:\/\/www.gossip.it\/images5\/1389345189_.jpg","datePublished":"2014-01-09T23:00:00+00:00","dateModified":"2014-01-09T23:00:00+00:00","description":"Non ha avuto problemi ad escluderlo dal parterre degli ospiti della puntata di \"Porta a Porta\" del 7 gennaio scorso, dedicata ai 60 anni di vita della","breadcrumb":{"@id":"https:\/\/www.gossip.it\/news\/vespa-e-baudo-e-scontro-per-i-60-anni-della-rai\/#breadcrumb"},"inLanguage":"it-IT","potentialAction":[{"@type":"ReadAction","target":["https:\/\/www.gossip.it\/news\/vespa-e-baudo-e-scontro-per-i-60-anni-della-rai\/"]}]},{"@type":"ImageObject","inLanguage":"it-IT","@id":"https:\/\/www.gossip.it\/news\/vespa-e-baudo-e-scontro-per-i-60-anni-della-rai\/#primaryimage","url":"http:\/\/www.gossip.it\/images5\/1389345189_.jpg","contentUrl":"http:\/\/www.gossip.it\/images5\/1389345189_.jpg"},{"@type":"BreadcrumbList","@id":"https:\/\/www.gossip.it\/news\/vespa-e-baudo-e-scontro-per-i-60-anni-della-rai\/#breadcrumb","itemListElement":[{"@type":"ListItem","position":1,"name":"Home","item":"https:\/\/www.gossip.it\/"},{"@type":"ListItem","position":2,"name":"Vespa e Baudo: \u00e8 scontro per i 60 anni della Rai"}]},{"@type":"WebSite","@id":"https:\/\/www.gossip.it\/#website","url":"https:\/\/www.gossip.it\/","name":"Gossip and VIP News","description":"Quotidiano di cronaca rosa, costume e societ\u00e0","publisher":{"@id":"https:\/\/www.gossip.it\/#organization"},"alternateName":"Gossip and VIP News","potentialAction":[{"@type":"SearchAction","target":{"@type":"EntryPoint","urlTemplate":"https:\/\/www.gossip.it\/?s={search_term_string}"},"query-input":{"@type":"PropertyValueSpecification","valueRequired":true,"valueName":"search_term_string"}}],"inLanguage":"it-IT"},{"@type":"Organization","@id":"https:\/\/www.gossip.it\/#organization","name":"Gossip and VIP News","alternateName":"Gossip News","url":"https:\/\/www.gossip.it\/","logo":{"@type":"ImageObject","inLanguage":"it-IT","@id":"https:\/\/www.gossip.it\/#\/schema\/logo\/image\/","url":"https:\/\/www.gossip.it\/wp-content\/uploads\/2022\/04\/cropped-corna-alta-tiny.png","contentUrl":"https:\/\/www.gossip.it\/wp-content\/uploads\/2022\/04\/cropped-corna-alta-tiny.png","width":512,"height":512,"caption":"Gossip and VIP News"},"image":{"@id":"https:\/\/www.gossip.it\/#\/schema\/logo\/image\/"},"sameAs":["https:\/\/www.facebook.com\/GossipIT","https:\/\/x.com\/gossinews_it","https:\/\/instagram.com\/gossip_it"]},{"@type":"Person","@id":"https:\/\/www.gossip.it\/#\/schema\/person\/488896f75158bff1cc83c6c39d141110","name":"La Redazione","image":{"@type":"ImageObject","inLanguage":"it-IT","@id":"https:\/\/www.gossip.it\/#\/schema\/person\/image\/","url":"https:\/\/secure.gravatar.com\/avatar\/5a5f5c6fa3e6700e4249abdad0263a1e94e927d9e0499b1cb09c1cd29c044d80?s=96&d=mm&r=g","contentUrl":"https:\/\/secure.gravatar.com\/avatar\/5a5f5c6fa3e6700e4249abdad0263a1e94e927d9e0499b1cb09c1cd29c044d80?s=96&d=mm&r=g","caption":"La Redazione"},"sameAs":["https:\/\/www.gossip.it"]}]}},"amp_enabled":true,"_links":{"self":[{"href":"https:\/\/www.gossip.it\/api\/wp\/v2\/posts\/44084","targetHints":{"allow":["GET"]}}],"collection":[{"href":"https:\/\/www.gossip.it\/api\/wp\/v2\/posts"}],"about":[{"href":"https:\/\/www.gossip.it\/api\/wp\/v2\/types\/post"}],"author":[{"embeddable":true,"href":"https:\/\/www.gossip.it\/api\/wp\/v2\/users\/1"}],"replies":[{"embeddable":true,"href":"https:\/\/www.gossip.it\/api\/wp\/v2\/comments?post=44084"}],"version-history":[{"count":0,"href":"https:\/\/www.gossip.it\/api\/wp\/v2\/posts\/44084\/revisions"}],"wp:featuredmedia":[{"embeddable":true,"href":"https:\/\/www.gossip.it\/api\/wp\/v2\/media\/100130"}],"wp:attachment":[{"href":"https:\/\/www.gossip.it\/api\/wp\/v2\/media?parent=44084"}],"wp:term":[{"taxonomy":"category","embeddable":true,"href":"https:\/\/www.gossip.it\/api\/wp\/v2\/categories?post=44084"},{"taxonomy":"post_tag","embeddable":true,"href":"https:\/\/www.gossip.it\/api\/wp\/v2\/tags?post=44084"},{"taxonomy":"vip","embeddable":true,"href":"https:\/\/www.gossip.it\/api\/wp\/v2\/vip?post=44084"}],"curies":[{"name":"wp","href":"https:\/\/api.w.org\/{rel}","templated":true}]}}